{"id":104248,"date":"2023-01-30T15:25:50","date_gmt":"2023-01-30T18:25:50","guid":{"rendered":"https:\/\/tvtecjundiai.com.br\/news\/?p=104248"},"modified":"2023-01-30T15:25:51","modified_gmt":"2023-01-30T18:25:51","slug":"fundo-social-abrira-pre-inscricao-para-cursos-especiais-para-a-pascoa","status":"publish","type":"post","link":"https:\/\/tvtecjundiai.com.br\/news\/2023\/01\/30\/fundo-social-abrira-pre-inscricao-para-cursos-especiais-para-a-pascoa\/","title":{"rendered":"Fundo Social abrir\u00e1 pr\u00e9-inscri\u00e7\u00e3o para cursos especiais para a P\u00e1scoa"},"content":{"rendered":"\n<p>A \u00e9poca mais doce do ano est\u00e1 chegando e, por isso, o Fundo Social de Solidariedade de Jundia\u00ed (Funss) abrir\u00e1, nesta ter\u00e7a-feira (31), \u00e0s 9h, a pr\u00e9-inscri\u00e7\u00e3o para turmas da modalidade de Gastronomia voltadas para a P\u00e1scoa. S\u00e3o elas: Fabrique e Venda \u2013 Ovos de P\u00e1scoa e Bombons; Fabrique e Venda \u2013 Produtos de Confeitaria; e Workshop de Colomba Pascal.&nbsp;Os dois primeiros cursos&nbsp;ser\u00e3o&nbsp;realizados em parceria com o Sebrae e, por isso, exigem idade m\u00ednima de 18 anos. J\u00e1 o workshop \u00e9 uma realiza\u00e7\u00e3o pr\u00f3pria do Funss e, deste modo, a idade m\u00ednima exigida \u00e9 de 16 anos.&nbsp;<\/p>\n\n\n\n<p>Para participar, o interessado dever\u00e1 acessar o link referente \u00e0 turma pretendida e preencher o Formul\u00e1rio Google. No entanto, o Fundo Social refor\u00e7a que o envio do formul\u00e1rio \u00e9 considerado como inten\u00e7\u00e3o de participa\u00e7\u00e3o e, por isso, n\u00e3o garante o preenchimento da vaga. O crit\u00e9rio de sele\u00e7\u00e3o e forma\u00e7\u00e3o das turmas \u00e9 a ordem de envio destas informa\u00e7\u00f5es, que considera hora, minuto e segundo. Confira mais informa\u00e7\u00f5es, abaixo:<\/p>\n\n\n<div class=\"wp-block-image\">\n<figure class=\"aligncenter size-large is-resized\"><img loading=\"lazy\" decoding=\"async\" src=\"https:\/\/tvtecjundiai.com.br\/news\/wp-content\/uploads\/sites\/2\/2023\/01\/chocolateria-2-1200x801.jpg\" alt=\"\" class=\"wp-image-104249\" width=\"667\" height=\"444\" srcset=\"https:\/\/tvtecjundiai.com.br\/news\/wp-content\/uploads\/sites\/2\/2023\/01\/chocolateria-2-1200x801.jpg 1200w, https:\/\/tvtecjundiai.com.br\/news\/wp-content\/uploads\/sites\/2\/2023\/01\/chocolateria-2-300x200.jpg 300w, https:\/\/tvtecjundiai.com.br\/news\/wp-content\/uploads\/sites\/2\/2023\/01\/chocolateria-2-768x512.jpg 768w, https:\/\/tvtecjundiai.com.br\/news\/wp-content\/uploads\/sites\/2\/2023\/01\/chocolateria-2.jpg 1280w\" sizes=\"auto, (max-width: 667px) 100vw, 667px\" \/><\/figure>\n<\/div>\n\n\n<p><strong>Fabrique e Venda: Ovos de P\u00e1scoa e Bombons&nbsp;<\/strong>(Parceria com Sebrae)<\/p>\n\n\n\n<p>Idade m\u00ednima: 18 anos<\/p>\n\n\n\n<p>Vagas: 16<\/p>\n\n\n\n<p>Datas:<\/p>\n\n\n\n<p>15\/02 e 16\/02 \u2013 Aula de Gest\u00e3o<\/p>\n\n\n\n<p>23\/02 a 01\/03 \u2013 Aula t\u00e9cnica<\/p>\n\n\n\n<p>7 aulas<\/p>\n\n\n\n<p>Hor\u00e1rio: das 8h30 \u00e0s 12h30<\/p>\n\n\n\n<p>Local: Fundo Social de Solidariedade \u2013 Av. Dona Manoela Lacerda de Vergueiro, s\/n \u2013 Port\u00e3o 3 \u2013 Anexo ao Parque da Uva \u2013 Bairro Anhangaba\u00fa<\/p>\n\n\n\n<p><strong>Link para inscri\u00e7\u00e3o:&nbsp;<a href=\"https:\/\/forms.gle\/DSnc9139vyEuC5eN9\" target=\"_blank\" rel=\"noreferrer noopener\">https:\/\/forms.gle\/DSnc9139vyEuC5eN9<\/a><\/strong><\/p>\n\n\n\n<p><strong>Fabrique e Venda: Produtos de Confeitaria&nbsp;<\/strong>(Parceria com Sebrae)<\/p>\n\n\n\n<p>Idade m\u00ednima: 18 anos<\/p>\n\n\n\n<p>Vagas: 16<\/p>\n\n\n\n<p>Datas:<\/p>\n\n\n\n<p>15\/02 e 16\/02 \u2013 Aula de Gest\u00e3o<\/p>\n\n\n\n<p>23\/02 a 08\/03 \u2013 Aula t\u00e9cnica<\/p>\n\n\n\n<p>9 aulas<\/p>\n\n\n\n<p>Hor\u00e1rio: das 13h30 \u00e0s 17h30<\/p>\n\n\n\n<p>Local: Fundo Social de Solidariedade \u2013 Av. Dona Manoela Lacerda de Vergueiro, s\/n \u2013 Port\u00e3o 3 \u2013 Anexo ao Parque da Uva \u2013 Bairro Anhangaba\u00fa<\/p>\n\n\n\n<p><strong>Link para inscri\u00e7\u00e3o:&nbsp;<a href=\"https:\/\/forms.gle\/y6NiXwZeg6dum86o6\" target=\"_blank\" rel=\"noreferrer noopener\">https:\/\/forms.gle\/y6NiXwZeg6dum86o6<\/a><\/strong><\/p>\n\n\n\n<p><strong>Workshop de Colomba Pascal<\/strong><\/p>\n\n\n\n<p>Idade m\u00ednima: 16 anos<\/p>\n\n\n\n<p>Vagas: 20<\/p>\n\n\n\n<p>Data: 14\/02\/2023<\/p>\n\n\n\n<p>Aula de 3\u00aa feira<\/p>\n\n\n\n<p>1 aula<\/p>\n\n\n\n<p>Hor\u00e1rio: das 8h \u00e0s 12h<\/p>\n\n\n\n<p>Local: Fundo Social de Solidariedade \u2013 Av. Dona Manoela Lacerda de Vergueiro, s\/n \u2013 Port\u00e3o 3 \u2013 Anexo ao Parque da Uva \u2013 Bairro Anhangaba\u00fa<\/p>\n\n\n\n<p><strong>Link para inscri\u00e7\u00e3o:&nbsp;<a href=\"https:\/\/forms.gle\/beGgzjVJ7gS1RD6U9\" target=\"_blank\" rel=\"noreferrer noopener\">https:\/\/forms.gle\/beGgzjVJ7gS1RD6U9<\/a><\/strong><strong><\/strong><\/p>\n\n\n\n<p><strong>Contemplados<\/strong><strong><\/strong><\/p>\n\n\n\n<p>Os nomes dos alunos matriculados ser\u00e3o divulgados no site da Prefeitura de Jundia\u00ed e dados detalhados ser\u00e3o repassados por meio do contato de WhatsApp informado no ato da pr\u00e9-inscri\u00e7\u00e3o apenas aos alunos contemplados com a vaga. As fichas n\u00e3o contempladas est\u00e3o, automaticamente, na lista de espera e poder\u00e3o ser convocadas em caso de desist\u00eancia.<\/p>\n\n\n\n<p>O endere\u00e7o do Fundo Social \u00e9 o Parque da Uva. O acesso \u00e9 pela avenida Dona Manoela Lacerda de Vergueiro, s\/n, port\u00e3o 03, bairro Anhangaba\u00fa. O funcionamento da unidade \u00e9 de segunda a sexta-feira, das 8h \u00e0s 17h, exceto feriados. Informa\u00e7\u00f5es pelos telefones (11) 4589-6319, 4589-6320, 4589-6322.<\/p>\n\n\n\n<p><strong><em>(Fonte\/Imagem: Prefeitura de Jundia\u00ed)<\/em><\/strong><\/p>\n","protected":false},"excerpt":{"rendered":"<p>Para participar, o interessado deve acessar o link e preencher o formul\u00e1rio de inscri\u00e7\u00e3o<\/p>\n","protected":false},"author":30,"featured_media":104249,"comment_status":"closed","ping_status":"0","sticky":false,"template":"","format":"standard","meta":{"footnotes":""},"categories":[8356,1],"tags":[],"class_list":["post-104248","post","type-post","status-publish","format-standard","has-post-thumbnail","hentry","category-jundiai","category-noticias"],"_links":{"self":[{"href":"https:\/\/tvtecjundiai.com.br\/news\/wp-json\/wp\/v2\/posts\/104248","targetHints":{"allow":["GET"]}}],"collection":[{"href":"https:\/\/tvtecjundiai.com.br\/news\/wp-json\/wp\/v2\/posts"}],"about":[{"href":"https:\/\/tvtecjundiai.com.br\/news\/wp-json\/wp\/v2\/types\/post"}],"author":[{"embeddable":true,"href":"https:\/\/tvtecjundiai.com.br\/news\/wp-json\/wp\/v2\/users\/30"}],"replies":[{"embeddable":true,"href":"https:\/\/tvtecjundiai.com.br\/news\/wp-json\/wp\/v2\/comments?post=104248"}],"version-history":[{"count":1,"href":"https:\/\/tvtecjundiai.com.br\/news\/wp-json\/wp\/v2\/posts\/104248\/revisions"}],"predecessor-version":[{"id":104250,"href":"https:\/\/tvtecjundiai.com.br\/news\/wp-json\/wp\/v2\/posts\/104248\/revisions\/104250"}],"wp:featuredmedia":[{"embeddable":true,"href":"https:\/\/tvtecjundiai.com.br\/news\/wp-json\/wp\/v2\/media\/104249"}],"wp:attachment":[{"href":"https:\/\/tvtecjundiai.com.br\/news\/wp-json\/wp\/v2\/media?parent=104248"}],"wp:term":[{"taxonomy":"category","embeddable":true,"href":"https:\/\/tvtecjundiai.com.br\/news\/wp-json\/wp\/v2\/categories?post=104248"},{"taxonomy":"post_tag","embeddable":true,"href":"https:\/\/tvtecjundiai.com.br\/news\/wp-json\/wp\/v2\/tags?post=104248"}],"curies":[{"name":"wp","href":"https:\/\/api.w.org\/{rel}","templated":true}]}}