{"id":104255,"date":"2023-01-31T12:21:28","date_gmt":"2023-01-31T15:21:28","guid":{"rendered":"https:\/\/tvtecjundiai.com.br\/news\/?p=104255"},"modified":"2023-02-01T08:44:28","modified_gmt":"2023-02-01T11:44:28","slug":"no-podtrampo-rosana-tsurusawa-do-senac-tece-elogios-ao-galpao-criativo","status":"publish","type":"post","link":"https:\/\/tvtecjundiai.com.br\/news\/2023\/01\/31\/no-podtrampo-rosana-tsurusawa-do-senac-tece-elogios-ao-galpao-criativo\/","title":{"rendered":"No PodTrampo, Rosana Tsurusawa, do Senac, tece elogios ao Galp\u00e3o"},"content":{"rendered":"\n<p>Sob o comando da jornalista Tayana Konrath, o PodTrampo da Funda\u00e7\u00e3o Escola TVTEC de Jundia\u00ed desta ter\u00e7a-feira (31) recebeu a professora de Moda do Senac Jundia\u00ed, Rosana Tsurusawa para falar sobre &#8216;economia criativa&#8217;. A superintendente da FTVTEC, M\u00f4nica Gropelo, tamb\u00e9m acompanhou o programa.  A criatividade como forma de alavancar a carreira foi um dos temas abordados durante o bate-papo. <\/p>\n\n\n\n<p>Para Rosana, <span style=\"font-size: revert;color: initial\">a economia criativa deve ser implantada em todas as \u00e1reas. \u00c9 preciso inovar e usar a criatividade para se destacar. &#8220;Hoje temos grandes empresas que investem em economia criativa e o empreendedor tamb\u00e9m deve ter um diferencial. Eu preciso usar a criatividade para me manter no mercado, quer dizer, agregar valor nas vendas e criar o diferencial independente do produto.&#8221;<\/span><\/p>\n\n\n\n<figure class=\"wp-block-image size-large\"><img loading=\"lazy\" decoding=\"async\" width=\"1200\" height=\"662\" src=\"https:\/\/tvtecjundiai.com.br\/news\/wp-content\/uploads\/sites\/2\/2023\/01\/podtrampo_rosana-1200x662.jpg\" alt=\"\" class=\"wp-image-104283\" srcset=\"https:\/\/tvtecjundiai.com.br\/news\/wp-content\/uploads\/sites\/2\/2023\/01\/podtrampo_rosana-1200x662.jpg 1200w, https:\/\/tvtecjundiai.com.br\/news\/wp-content\/uploads\/sites\/2\/2023\/01\/podtrampo_rosana-300x165.jpg 300w, https:\/\/tvtecjundiai.com.br\/news\/wp-content\/uploads\/sites\/2\/2023\/01\/podtrampo_rosana-768x424.jpg 768w, https:\/\/tvtecjundiai.com.br\/news\/wp-content\/uploads\/sites\/2\/2023\/01\/podtrampo_rosana.jpg 1280w\" sizes=\"auto, (max-width: 1200px) 100vw, 1200px\" \/><figcaption class=\"wp-element-caption\">Rosana Tsurusawa, do Senac, elogiou a forma como os artes\u00e3os foram valorizados<\/figcaption><\/figure>\n\n\n\n<p><p>&#8220;J\u00e1 temos um grupo formado no Senac que aborda sobre economia e cidades criativas. Em Jundia\u00ed, os docentes de v\u00e1rias \u00e1reas se re\u00fanem para discutir, entender e aplicar nos cursos. O objetivo \u00e9 despertar a criatividade nos alunos, mas infelizmente ao longo da nossa cria\u00e7\u00e3o somos cerceados, por isso a ideia \u00e9 estimul\u00e1-los em diversas \u00e1reas. \u00c9 preciso agregar valor atrav\u00e9s do meu capital intelectual para termos um diferencial e conseguir vender e ter um produto exclusivo&#8221;, comenta a docente. <\/p>Rosana esteve na entrega do Galp\u00e3o Criativo e fez elogios \u00e0 forma de como os modelos de neg\u00f3cios foram valorizados. &#8220;O interessante \u00e9 que tinha moda, artes\u00e3os, servi\u00e7os, gastronomia que tem agregado muito valor na economia criativa, sem falar na parte cultura, enfim. Jundia\u00ed <span style=\"font-size: revert;color: initial\">precisava deste espa\u00e7o. Temos pessoas incr\u00edveis prontos para produzirem, mas que nem sempre conseguem espa\u00e7o para mostrar o trabalho. Desejo sucesso e vida longa ao Galp\u00e3o.&#8221;<\/span><\/p>\n\n\n\n<p>Projeto que deu certo <\/p>\n\n\n\n<p>Conhecido como um novo espa\u00e7o p\u00fablico e gratuito da economia criativa em Jundia\u00ed, o Galp\u00e3o Criativo tem sido elogiado por diferentes setores, mas um trabalho que j\u00e1 vem sendo implantando no novo modelo da FTVTEC. Segundo M\u00f4nica Gropelo, a TVTEC  veio para atender todos os p\u00fablicos. <\/p>\n\n\n\n<p>&#8220;Apesar de entregar informa\u00e7\u00e3o, esta entrega \u00e9 de uma maneira diferente, criativa e, a partir que trazemos esta criatividade, saber o que o outro est\u00e1 esperando algum benef\u00edcio. N\u00e3o somos apenas um canal de TV, mas utilidade p\u00fablica, forma\u00e7\u00e3o, presta\u00e7\u00e3o de servi\u00e7o e prosperidade.&#8221;<\/p>\n\n\n\n<figure class=\"wp-block-image size-large\"><img loading=\"lazy\" decoding=\"async\" width=\"1200\" height=\"759\" src=\"https:\/\/tvtecjundiai.com.br\/news\/wp-content\/uploads\/sites\/2\/2023\/01\/podtrampo_monica-1200x759.jpg\" alt=\"\" class=\"wp-image-104284\" srcset=\"https:\/\/tvtecjundiai.com.br\/news\/wp-content\/uploads\/sites\/2\/2023\/01\/podtrampo_monica-1200x759.jpg 1200w, https:\/\/tvtecjundiai.com.br\/news\/wp-content\/uploads\/sites\/2\/2023\/01\/podtrampo_monica-300x190.jpg 300w, https:\/\/tvtecjundiai.com.br\/news\/wp-content\/uploads\/sites\/2\/2023\/01\/podtrampo_monica-768x486.jpg 768w, https:\/\/tvtecjundiai.com.br\/news\/wp-content\/uploads\/sites\/2\/2023\/01\/podtrampo_monica.jpg 1280w\" sizes=\"auto, (max-width: 1200px) 100vw, 1200px\" \/><figcaption class=\"wp-element-caption\">M\u00f4nica Gropelo lembra que o Galp\u00e3o Criativo tem sido um laborat\u00f3rio para a economia criativa <\/figcaption><\/figure>\n\n\n\n<p>Segundo adianta M\u00f4nica, a economia criativa \u00e9 implantada nos quatro pilares da TVTEC, unindo conte\u00fados criativos, rede de inovadores, escola e economia criativa. &#8220;Somos um laborat\u00f3rio de qualifica\u00e7\u00e3o na economia criativa. Colocamos em pr\u00e1tica o que foi aprendido, saber vender e tirar a ideia do papel. A nossa proposta \u00e9 voca\u00e7\u00e3o. \u00c9 ser laborat\u00f3rio na economia criativa com prop\u00f3sitos, passando por uma trilha, circuito e preparando melhor as pessoas.&#8221;<\/p>\n\n\n\n<p>Rosana ainda refor\u00e7a que a educa\u00e7\u00e3o deve estar, inclusive, dentro da economia criativa. &#8220;Hoje em dia n\u00e3o \u00e9 apenas vender, e sim capacitar para se ter a qualidade nesta venda. N\u00e3o \u00e9 s\u00f3 dar o peixe e sim ensinar a pescar com cursos, sendo o aluno o protagonismo de ensino.&#8221;<\/p>\n\n\n\n<p><strong><em>(Fonte\/Imagem: TVTEC Jundia\u00ed)<\/em><\/strong><\/p>\n","protected":false},"excerpt":{"rendered":"<p>A criatividade deve ser o ponto chave durante as vendas<\/p>\n","protected":false},"author":30,"featured_media":104282,"comment_status":"closed","ping_status":"0","sticky":false,"template":"","format":"standard","meta":{"footnotes":""},"categories":[29,8362,8356,1],"tags":[],"class_list":["post-104255","post","type-post","status-publish","format-standard","has-post-thumbnail","hentry","category-destaque","category-empreendedorismo","category-jundiai","category-noticias"],"_links":{"self":[{"href":"https:\/\/tvtecjundiai.com.br\/news\/wp-json\/wp\/v2\/posts\/104255","targetHints":{"allow":["GET"]}}],"collection":[{"href":"https:\/\/tvtecjundiai.com.br\/news\/wp-json\/wp\/v2\/posts"}],"about":[{"href":"https:\/\/tvtecjundiai.com.br\/news\/wp-json\/wp\/v2\/types\/post"}],"author":[{"embeddable":true,"href":"https:\/\/tvtecjundiai.com.br\/news\/wp-json\/wp\/v2\/users\/30"}],"replies":[{"embeddable":true,"href":"https:\/\/tvtecjundiai.com.br\/news\/wp-json\/wp\/v2\/comments?post=104255"}],"version-history":[{"count":4,"href":"https:\/\/tvtecjundiai.com.br\/news\/wp-json\/wp\/v2\/posts\/104255\/revisions"}],"predecessor-version":[{"id":104316,"href":"https:\/\/tvtecjundiai.com.br\/news\/wp-json\/wp\/v2\/posts\/104255\/revisions\/104316"}],"wp:featuredmedia":[{"embeddable":true,"href":"https:\/\/tvtecjundiai.com.br\/news\/wp-json\/wp\/v2\/media\/104282"}],"wp:attachment":[{"href":"https:\/\/tvtecjundiai.com.br\/news\/wp-json\/wp\/v2\/media?parent=104255"}],"wp:term":[{"taxonomy":"category","embeddable":true,"href":"https:\/\/tvtecjundiai.com.br\/news\/wp-json\/wp\/v2\/categories?post=104255"},{"taxonomy":"post_tag","embeddable":true,"href":"https:\/\/tvtecjundiai.com.br\/news\/wp-json\/wp\/v2\/tags?post=104255"}],"curies":[{"name":"wp","href":"https:\/\/api.w.org\/{rel}","templated":true}]}}