{"id":104291,"date":"2023-01-31T13:33:32","date_gmt":"2023-01-31T16:33:32","guid":{"rendered":"https:\/\/tvtecjundiai.com.br\/news\/?p=104291"},"modified":"2023-01-31T13:33:37","modified_gmt":"2023-01-31T16:33:37","slug":"espaco-expressa-tera-novo-estacionamento-em-local-coberto-e-asfaltado","status":"publish","type":"post","link":"https:\/\/tvtecjundiai.com.br\/news\/2023\/01\/31\/espaco-expressa-tera-novo-estacionamento-em-local-coberto-e-asfaltado\/","title":{"rendered":"Espa\u00e7o Expressa ter\u00e1 novo estacionamento em local coberto e asfaltado"},"content":{"rendered":"\n<p>O prefeito Luiz Fernando Machado realizou, nesta ter\u00e7a-feira (31), uma vistoria \u00e0s obras de revitaliza\u00e7\u00e3o do estacionamento do Espa\u00e7o Expressa, antigo Complexo Fepasa. Com mais de 95% dos servi\u00e7os conclu\u00eddos, o espa\u00e7o fica em \u00e1rea coberta de 7,5 mil m\u00b2e com capacidade para 550 vagas. Antes, o estacionamento acomodava 300 ve\u00edculos. O espa\u00e7o dever\u00e1 ser aberto para o p\u00fablico em fevereiro.<\/p>\n\n\n\n<p>No momento, o estacionamento passa por revitaliza\u00e7\u00e3o e pintura das tesouras met\u00e1licas, colunas de sustenta\u00e7\u00e3o e pontes rolantes e instala\u00e7\u00e3o de condutores de \u00e1guas pluviais. A troca das telhas de fibrocimento por telhas de material de zinco, com isolamento ac\u00fastico e t\u00e9rmico e a instala\u00e7\u00e3o das calhas j\u00e1 foram realizadas. Foram implantadas, tamb\u00e9m, telhas transl\u00facidas, com o objetivo de melhorar o aproveitamento da luz do sol. Para finalizar, o espa\u00e7o receber\u00e1 a pintura das paredes, recupera\u00e7\u00e3o do piso e demarca\u00e7\u00e3o das vagas de ve\u00edculos.<\/p>\n\n\n\n<figure class=\"wp-block-image size-large\"><img loading=\"lazy\" decoding=\"async\" width=\"1200\" height=\"801\" src=\"https:\/\/tvtecjundiai.com.br\/news\/wp-content\/uploads\/sites\/2\/2023\/01\/prefeito_vistoria_obras_revitalizacao_estacionamento_expressa-793-1280x854-1-1200x801.jpg\" alt=\"\" class=\"wp-image-104292\" srcset=\"https:\/\/tvtecjundiai.com.br\/news\/wp-content\/uploads\/sites\/2\/2023\/01\/prefeito_vistoria_obras_revitalizacao_estacionamento_expressa-793-1280x854-1-1200x801.jpg 1200w, https:\/\/tvtecjundiai.com.br\/news\/wp-content\/uploads\/sites\/2\/2023\/01\/prefeito_vistoria_obras_revitalizacao_estacionamento_expressa-793-1280x854-1-300x200.jpg 300w, https:\/\/tvtecjundiai.com.br\/news\/wp-content\/uploads\/sites\/2\/2023\/01\/prefeito_vistoria_obras_revitalizacao_estacionamento_expressa-793-1280x854-1-768x512.jpg 768w, https:\/\/tvtecjundiai.com.br\/news\/wp-content\/uploads\/sites\/2\/2023\/01\/prefeito_vistoria_obras_revitalizacao_estacionamento_expressa-793-1280x854-1.jpg 1280w\" sizes=\"auto, (max-width: 1200px) 100vw, 1200px\" \/><figcaption class=\"wp-element-caption\">Visita\u00e7\u00e3o aconteceu na manh\u00e3 desta ter\u00e7a-feira (31)<\/figcaption><\/figure>\n\n\n\n<p>\u201cO Espa\u00e7o Expressa abriga muitos servi\u00e7os p\u00fablicos de qualidade e a entrega do estacionamento deve beneficiar cerca de 5 mil pessoas por dia. Ela trar\u00e1 mais conforto e qualidade a quem precisa vir ao Poupatempo, aos alunos da Fatec, aos visitantes do Museu Ferrovi\u00e1rio e aos servidores e artistas da Unidade de Gest\u00e3o de Cultura\u201d, afirma Luiz Fernando.<\/p>\n\n\n\n<p>\u201cA proposta \u00e9 dar uma nova roupagem, mas manter todos os elementos hist\u00f3ricos do espa\u00e7o. Dessa forma conseguimos preservar a hist\u00f3ria de todos que contribu\u00edram com Jundia\u00ed e trazer conforto aos usu\u00e1rios nos dias de hoje\u201d, avalia o Gestor de Cultura, Marcelo Peroni.<\/p>\n\n\n\n<p>A revitaliza\u00e7\u00e3o do telhado do estacionamento est\u00e1 entre as in\u00fameras interven\u00e7\u00f5es realizadas pela Prefeitura desde o an\u00fancio da nova voca\u00e7\u00e3o e novo nome para o antigo Complexo Fepasa, ocorrido em 9 de setembro de 2022. \u201c\u00c9 mais um compromisso saindo do papel para trazer conforto e qualidade para a popula\u00e7\u00e3o, que poder\u00e1 aproveitar todos os servi\u00e7os e curtir as diversas atra\u00e7\u00f5es culturais do Espa\u00e7o Expressa. Com planejamento e organiza\u00e7\u00e3o faremos mais interven\u00e7\u00f5es que tragam mais benef\u00edcios aos cidad\u00e3os\u201d, comenta o Gestor de Governo e Finan\u00e7as, Jos\u00e9 Antonio Parimoschi.<\/p>\n\n\n\n<figure class=\"wp-block-image size-large\"><img loading=\"lazy\" decoding=\"async\" width=\"1200\" height=\"801\" src=\"https:\/\/tvtecjundiai.com.br\/news\/wp-content\/uploads\/sites\/2\/2023\/01\/prefeito_vistoria_obras_revitalizacao_estacionamento_expressa-42-1280x854-1-1200x801.jpg\" alt=\"\" class=\"wp-image-104293\" srcset=\"https:\/\/tvtecjundiai.com.br\/news\/wp-content\/uploads\/sites\/2\/2023\/01\/prefeito_vistoria_obras_revitalizacao_estacionamento_expressa-42-1280x854-1-1200x801.jpg 1200w, https:\/\/tvtecjundiai.com.br\/news\/wp-content\/uploads\/sites\/2\/2023\/01\/prefeito_vistoria_obras_revitalizacao_estacionamento_expressa-42-1280x854-1-300x200.jpg 300w, https:\/\/tvtecjundiai.com.br\/news\/wp-content\/uploads\/sites\/2\/2023\/01\/prefeito_vistoria_obras_revitalizacao_estacionamento_expressa-42-1280x854-1-768x512.jpg 768w, https:\/\/tvtecjundiai.com.br\/news\/wp-content\/uploads\/sites\/2\/2023\/01\/prefeito_vistoria_obras_revitalizacao_estacionamento_expressa-42-1280x854-1.jpg 1280w\" sizes=\"auto, (max-width: 1200px) 100vw, 1200px\" \/><figcaption class=\"wp-element-caption\">Novo telhado tem tratamento ac\u00fastico e de temperatura; obra est\u00e1 com mais de 95% conclu\u00edda<\/figcaption><\/figure>\n\n\n\n<p>Al\u00e9m da revitaliza\u00e7\u00e3o, o acesso ao Expressa ganhar\u00e1 um novo desenho vi\u00e1rio, com altera\u00e7\u00e3o do fluxo da rua da Aboli\u00e7\u00e3o, direcionando a sa\u00edda dos carros sentido Centro, em vez do sentido bairro.<\/p>\n\n\n\n<p>A visita\u00e7\u00e3o contou com a participa\u00e7\u00e3o da equipe da Funda\u00e7\u00e3o Municipal de A\u00e7\u00e3o Social (Fumas), a partir do superintendente Jos\u00e9 Galv\u00e3o de Braga Campos e diretores, bem como do vereador Madson Henrique do Nascimento Santos.<\/p>\n\n\n\n<p><strong><em>(Fonte\/Imagens: Prefeitura de Jundia\u00ed)<\/em><\/strong><\/p>\n","protected":false},"excerpt":{"rendered":"<p>Local dever\u00e1 ser aberto para o p\u00fablico em fevereiro<\/p>\n","protected":false},"author":30,"featured_media":104293,"comment_status":"closed","ping_status":"0","sticky":false,"template":"","format":"standard","meta":{"footnotes":""},"categories":[8356,1],"tags":[],"class_list":["post-104291","post","type-post","status-publish","format-standard","has-post-thumbnail","hentry","category-jundiai","category-noticias"],"_links":{"self":[{"href":"https:\/\/tvtecjundiai.com.br\/news\/wp-json\/wp\/v2\/posts\/104291","targetHints":{"allow":["GET"]}}],"collection":[{"href":"https:\/\/tvtecjundiai.com.br\/news\/wp-json\/wp\/v2\/posts"}],"about":[{"href":"https:\/\/tvtecjundiai.com.br\/news\/wp-json\/wp\/v2\/types\/post"}],"author":[{"embeddable":true,"href":"https:\/\/tvtecjundiai.com.br\/news\/wp-json\/wp\/v2\/users\/30"}],"replies":[{"embeddable":true,"href":"https:\/\/tvtecjundiai.com.br\/news\/wp-json\/wp\/v2\/comments?post=104291"}],"version-history":[{"count":1,"href":"https:\/\/tvtecjundiai.com.br\/news\/wp-json\/wp\/v2\/posts\/104291\/revisions"}],"predecessor-version":[{"id":104294,"href":"https:\/\/tvtecjundiai.com.br\/news\/wp-json\/wp\/v2\/posts\/104291\/revisions\/104294"}],"wp:featuredmedia":[{"embeddable":true,"href":"https:\/\/tvtecjundiai.com.br\/news\/wp-json\/wp\/v2\/media\/104293"}],"wp:attachment":[{"href":"https:\/\/tvtecjundiai.com.br\/news\/wp-json\/wp\/v2\/media?parent=104291"}],"wp:term":[{"taxonomy":"category","embeddable":true,"href":"https:\/\/tvtecjundiai.com.br\/news\/wp-json\/wp\/v2\/categories?post=104291"},{"taxonomy":"post_tag","embeddable":true,"href":"https:\/\/tvtecjundiai.com.br\/news\/wp-json\/wp\/v2\/tags?post=104291"}],"curies":[{"name":"wp","href":"https:\/\/api.w.org\/{rel}","templated":true}]}}