{"id":104299,"date":"2023-01-31T14:46:49","date_gmt":"2023-01-31T17:46:49","guid":{"rendered":"https:\/\/tvtecjundiai.com.br\/news\/?p=104299"},"modified":"2023-01-31T14:52:31","modified_gmt":"2023-01-31T17:52:31","slug":"receita-paga-nesta-terca-31-lote-residual-de-restituicao-do-imposto-de-renda","status":"publish","type":"post","link":"https:\/\/tvtecjundiai.com.br\/news\/2023\/01\/31\/receita-paga-nesta-terca-31-lote-residual-de-restituicao-do-imposto-de-renda\/","title":{"rendered":"Receita paga nesta ter\u00e7a (31) lote residual de restitui\u00e7\u00e3o do Imposto de Renda"},"content":{"rendered":"\n<p>A Receita Federal paga hoje (31) lote residual de restitui\u00e7\u00e3o do Imposto de Renda Pessoa F\u00edsica (IRPF) de janeiro de 2022. O cr\u00e9dito banc\u00e1rio ser\u00e1 feito para 136.565 contribuintes, no valor total de R$ 368.017.854.<img decoding=\"async\" src=\"https:\/\/agenciabrasil.ebc.com.br\/ebc.png?id=1507129&amp;o=node\"><img decoding=\"async\" src=\"https:\/\/agenciabrasil.ebc.com.br\/ebc.gif?id=1507129&amp;o=node\"><\/p>\n\n\n\n<p>Desse total, R$ 199.291.762 referem-se ao quantitativo de contribuintes que t\u00eam prioridade legal, sendo 3.069 idosos acima de 80 anos, 20.624 com idade entre 60 e 79 anos, 2.349 com alguma defici\u00eancia f\u00edsica ou mental ou mol\u00e9stia grave e 6.568 que tem a maior fonte de renda vinda do magist\u00e9rio.<\/p>\n\n\n\n<p>Foram contemplados ainda 103.955 contribuintes n\u00e3o priorit\u00e1rios.<\/p>\n\n\n<div class=\"wp-block-image\">\n<figure class=\"aligncenter size-full is-resized\"><img loading=\"lazy\" decoding=\"async\" src=\"https:\/\/tvtecjundiai.com.br\/news\/wp-content\/uploads\/sites\/2\/2020\/04\/imposto-de-renda-ab-marcello-casal.jpg\" alt=\"\" class=\"wp-image-50273\" width=\"663\" height=\"396\" srcset=\"https:\/\/tvtecjundiai.com.br\/news\/wp-content\/uploads\/sites\/2\/2020\/04\/imposto-de-renda-ab-marcello-casal.jpg 1170w, https:\/\/tvtecjundiai.com.br\/news\/wp-content\/uploads\/sites\/2\/2020\/04\/imposto-de-renda-ab-marcello-casal-300x179.jpg 300w, https:\/\/tvtecjundiai.com.br\/news\/wp-content\/uploads\/sites\/2\/2020\/04\/imposto-de-renda-ab-marcello-casal-768x459.jpg 768w\" sizes=\"auto, (max-width: 663px) 100vw, 663px\" \/><\/figure>\n<\/div>\n\n\n<p><\/p>\n\n\n\n<p>Para saber se a restitui\u00e7\u00e3o est\u00e1 dispon\u00edvel, a orienta\u00e7\u00e3o \u00e9 acessar a p\u00e1gina da\u00a0<a rel=\"noreferrer noopener\" href=\"http:\/\/www.gov.br\/receitafederal\" target=\"_blank\">Receita na internet<\/a>, clicar em\u00a0<em>Meu Imposto de Renda<\/em>\u00a0e, em seguida, em\u00a0\u00a0<em>Consultar a Restitui\u00e7\u00e3o<\/em>.<\/p>\n\n\n\n<p>O pagamento da restitui\u00e7\u00e3o \u00e9 realizado na conta banc\u00e1ria informada na declara\u00e7\u00e3o de Imposto de Renda, de forma direta ou por indica\u00e7\u00e3o de chave PIX. Se, por algum motivo, o cr\u00e9dito n\u00e3o for realizado (por exemplo, a conta informada foi desativada), os valores ficar\u00e3o dispon\u00edveis para resgate por at\u00e9 um ano no Banco do Brasil.<\/p>\n\n\n\n<p>Neste caso, o cidad\u00e3o poder\u00e1 reagendar o cr\u00e9dito dos valores pelo&nbsp;<a href=\"https:\/\/www.bb.com.br\/irpf\" target=\"_blank\" rel=\"noreferrer noopener\">Portal BB<\/a>&nbsp;ou ligando para a Central de Relacionamento BB por meio dos telefones 4004-0001 (capitais), 0800-729-0001 (demais localidades) e 0800-729-0088 (telefone especial exclusivo para deficientes auditivos).<\/p>\n\n\n\n<p><em><strong>(Fonte: Ag\u00eancia Brasil\/Imagem: Empresa Brasil de Comunica\u00e7\u00e3o\/EBC)<\/strong><\/em><\/p>\n","protected":false},"excerpt":{"rendered":"<p>O cr\u00e9dito banc\u00e1rio ser\u00e1 feito para 136.565 contribuintes, no valor total de R$ 368.017.854<\/p>\n","protected":false},"author":30,"featured_media":50273,"comment_status":"closed","ping_status":"0","sticky":false,"template":"","format":"standard","meta":{"footnotes":""},"categories":[2829,1],"tags":[],"class_list":["post-104299","post","type-post","status-publish","format-standard","has-post-thumbnail","hentry","category-economia","category-noticias"],"_links":{"self":[{"href":"https:\/\/tvtecjundiai.com.br\/news\/wp-json\/wp\/v2\/posts\/104299","targetHints":{"allow":["GET"]}}],"collection":[{"href":"https:\/\/tvtecjundiai.com.br\/news\/wp-json\/wp\/v2\/posts"}],"about":[{"href":"https:\/\/tvtecjundiai.com.br\/news\/wp-json\/wp\/v2\/types\/post"}],"author":[{"embeddable":true,"href":"https:\/\/tvtecjundiai.com.br\/news\/wp-json\/wp\/v2\/users\/30"}],"replies":[{"embeddable":true,"href":"https:\/\/tvtecjundiai.com.br\/news\/wp-json\/wp\/v2\/comments?post=104299"}],"version-history":[{"count":2,"href":"https:\/\/tvtecjundiai.com.br\/news\/wp-json\/wp\/v2\/posts\/104299\/revisions"}],"predecessor-version":[{"id":104301,"href":"https:\/\/tvtecjundiai.com.br\/news\/wp-json\/wp\/v2\/posts\/104299\/revisions\/104301"}],"wp:featuredmedia":[{"embeddable":true,"href":"https:\/\/tvtecjundiai.com.br\/news\/wp-json\/wp\/v2\/media\/50273"}],"wp:attachment":[{"href":"https:\/\/tvtecjundiai.com.br\/news\/wp-json\/wp\/v2\/media?parent=104299"}],"wp:term":[{"taxonomy":"category","embeddable":true,"href":"https:\/\/tvtecjundiai.com.br\/news\/wp-json\/wp\/v2\/categories?post=104299"},{"taxonomy":"post_tag","embeddable":true,"href":"https:\/\/tvtecjundiai.com.br\/news\/wp-json\/wp\/v2\/tags?post=104299"}],"curies":[{"name":"wp","href":"https:\/\/api.w.org\/{rel}","templated":true}]}}