{"id":10434,"date":"2018-05-16T11:31:50","date_gmt":"2018-05-16T14:31:50","guid":{"rendered":"https:\/\/tvtecjundiai.com.br\/news\/?p=10434"},"modified":"2018-05-16T11:32:00","modified_gmt":"2018-05-16T14:32:00","slug":"vacinas-devem-ser-aplicadas-10-dias-antes-de-viagem","status":"publish","type":"post","link":"https:\/\/tvtecjundiai.com.br\/news\/2018\/05\/16\/vacinas-devem-ser-aplicadas-10-dias-antes-de-viagem\/","title":{"rendered":"Vacinas devem ser aplicadas 10 dias antes de viagem"},"content":{"rendered":"<p>Com a chegada de mais um feriado, o de Corpus Christi, no dia 31 de maio, fica o alerta para\u00a0se o local de destino est\u00e1 dentro das \u00e1reas de risco de doen\u00e7as, como a febre amarela e o sarampo, para avaliar a necessidade de vacina\u00e7\u00e3o.\u00a0As vacinas devem ser tomadas com dez dias de anteced\u00eancia, pois levam esse per\u00edodo para come\u00e7ar a fazer efeito.<\/p>\n<div id=\"attachment_10436\" style=\"width: 460px\" class=\"wp-caption alignright\"><a href=\"https:\/\/tvtecjundiai.com.br\/news\/wp-content\/uploads\/sites\/2\/2018\/05\/424874739236111.jpg\"><img loading=\"lazy\" decoding=\"async\" aria-describedby=\"caption-attachment-10436\" class=\"wp-image-10436\" src=\"https:\/\/tvtecjundiai.com.br\/news\/wp-content\/uploads\/sites\/2\/2018\/05\/424874739236111-300x212.jpg\" alt=\"\" width=\"450\" height=\"317\" srcset=\"https:\/\/tvtecjundiai.com.br\/news\/wp-content\/uploads\/sites\/2\/2018\/05\/424874739236111-300x212.jpg 300w, https:\/\/tvtecjundiai.com.br\/news\/wp-content\/uploads\/sites\/2\/2018\/05\/424874739236111-768x542.jpg 768w, https:\/\/tvtecjundiai.com.br\/news\/wp-content\/uploads\/sites\/2\/2018\/05\/424874739236111-1200x846.jpg 1200w, https:\/\/tvtecjundiai.com.br\/news\/wp-content\/uploads\/sites\/2\/2018\/05\/424874739236111.jpg 1418w\" sizes=\"auto, (max-width: 450px) 100vw, 450px\" \/><\/a><p id=\"caption-attachment-10436\" class=\"wp-caption-text\">Tempo para vacina come\u00e7ar a agir pode variar entre 10 e 14 dias<\/p><\/div>\n<p>De acordo com a infectologista Rosana Richtmann, do Hospital Em\u00edlio Ribas, esse \u00e9 o tempo que o organismo precisa para produzir anticorpos em quantidade suficiente. \u201cA partir do momento que a pessoa toma qualquer vacina, o organismo come\u00e7a a produzir anticorpos para se defender. Mas existe um tempo para que esta produ\u00e7\u00e3o chegue a uma quantidade protetora, um n\u00famero de anticorpos que garanta a prote\u00e7\u00e3o. Esse tempo pode variar entre 10 e 14 dias. Ent\u00e3o, quanto antes se vacinar, melhor\u201d.<\/p>\n<p><strong>Febre amarela<\/strong><\/p>\n<p>O v\u00edrus da febre amarela continua em circula\u00e7\u00e3o em diversas \u00e1reas de mata em diferentes estados do Brasil. Casos da doen\u00e7a j\u00e1 foram confirmados em S\u00e3o Paulo, Rio de Janeiro, Minas Gerais, Esp\u00edrito Santo e Distrito Federal. Al\u00e9m destes, outros estados sempre foram \u00e1rea de recomenda\u00e7\u00e3o de vacina, como o Amazonas e toda a regi\u00e3o norte do Brasil. Por decis\u00e3o do Minist\u00e9rio da Sa\u00fade, desde mar\u00e7o, a vacina da febre amarela est\u00e1 dispon\u00edvel em todos os postos de sa\u00fade do Brasil.<\/p>\n<p><strong>Sarampo<\/strong><\/p>\n<p>Nos \u00faltimos meses, a regi\u00e3o norte do Brasil vem enfrentando um surto de sarampo, principalmente o estado de Roraima. De acordo com a Secretaria Estadual de Sa\u00fade de Roraima, o v\u00edrus teria chegado ao pa\u00eds junto com os imigrantes que vieram da Venezuela. Quem pretende viajar para a regi\u00e3o deve conferir se j\u00e1 tomou a vacina tr\u00edplice viral, que protege contra sarampo, caxumba e varicela.<\/p>\n<p>De acordo com a Sociedade Brasileira de Imuniza\u00e7\u00f5es (SBIm), a vacina tr\u00edplice viral est\u00e1 dispon\u00edvel nas unidades b\u00e1sicas de sa\u00fade e deve ser tomada em duas doses para pessoas de 12 meses a 29 anos ou uma dose para adultos entre 30 e 49 anos. Pessoas com mais de 49 anos devem procurar a vacina na rede privada.<\/p>\n<p><strong>Raiva<\/strong><\/p>\n<p>O Par\u00e1 registrou, desde o fim de abril, uma morte e 11 casos de raiva, especificamente na regi\u00e3o da Ilha do Maraj\u00f3. O estado est\u00e1 promovendo uma campanha emergencial de vacina\u00e7\u00e3o na regi\u00e3o. Quem pretende viajar para l\u00e1 deve se vacinar. De acordo com a SBIm, a vacina da raiva est\u00e1 dispon\u00edvel no SUS e deve ser aplicada em tr\u00eas doses com intervalos de 7 e 21 ou 28 dias.<\/p>\n<p><em>Fonte: Portal R7<\/em><\/p>\n","protected":false},"excerpt":{"rendered":"<p>Tempo para in\u00edcio da a\u00e7\u00e3o da vacina pode variar entre 10 e 14 dias<\/p>\n","protected":false},"author":10,"featured_media":10437,"comment_status":"closed","ping_status":"closed","sticky":false,"template":"","format":"standard","meta":{"footnotes":""},"categories":[2839],"tags":[1903,5,6,15,104],"class_list":["post-10434","post","type-post","status-publish","format-standard","has-post-thumbnail","hentry","category-saude","tag-brasil","tag-jundiai","tag-saude","tag-tvtec","tag-vacina"],"_links":{"self":[{"href":"https:\/\/tvtecjundiai.com.br\/news\/wp-json\/wp\/v2\/posts\/10434","targetHints":{"allow":["GET"]}}],"collection":[{"href":"https:\/\/tvtecjundiai.com.br\/news\/wp-json\/wp\/v2\/posts"}],"about":[{"href":"https:\/\/tvtecjundiai.com.br\/news\/wp-json\/wp\/v2\/types\/post"}],"author":[{"embeddable":true,"href":"https:\/\/tvtecjundiai.com.br\/news\/wp-json\/wp\/v2\/users\/10"}],"replies":[{"embeddable":true,"href":"https:\/\/tvtecjundiai.com.br\/news\/wp-json\/wp\/v2\/comments?post=10434"}],"version-history":[{"count":2,"href":"https:\/\/tvtecjundiai.com.br\/news\/wp-json\/wp\/v2\/posts\/10434\/revisions"}],"predecessor-version":[{"id":10439,"href":"https:\/\/tvtecjundiai.com.br\/news\/wp-json\/wp\/v2\/posts\/10434\/revisions\/10439"}],"wp:featuredmedia":[{"embeddable":true,"href":"https:\/\/tvtecjundiai.com.br\/news\/wp-json\/wp\/v2\/media\/10437"}],"wp:attachment":[{"href":"https:\/\/tvtecjundiai.com.br\/news\/wp-json\/wp\/v2\/media?parent=10434"}],"wp:term":[{"taxonomy":"category","embeddable":true,"href":"https:\/\/tvtecjundiai.com.br\/news\/wp-json\/wp\/v2\/categories?post=10434"},{"taxonomy":"post_tag","embeddable":true,"href":"https:\/\/tvtecjundiai.com.br\/news\/wp-json\/wp\/v2\/tags?post=10434"}],"curies":[{"name":"wp","href":"https:\/\/api.w.org\/{rel}","templated":true}]}}