{"id":104362,"date":"2023-02-01T15:00:30","date_gmt":"2023-02-01T18:00:30","guid":{"rendered":"https:\/\/tvtecjundiai.com.br\/news\/?p=104362"},"modified":"2023-02-01T15:00:35","modified_gmt":"2023-02-01T18:00:35","slug":"ultimo-fim-de-semana-da-festa-da-uva-tera-programacao-cultural-especial","status":"publish","type":"post","link":"https:\/\/tvtecjundiai.com.br\/news\/2023\/02\/01\/ultimo-fim-de-semana-da-festa-da-uva-tera-programacao-cultural-especial\/","title":{"rendered":"\u00daltimo fim de semana da Festa da Uva ter\u00e1 programa\u00e7\u00e3o cultural especial"},"content":{"rendered":"\n<p>A\u00a0<a rel=\"noreferrer noopener\" href=\"https:\/\/festadauva.jundiai.sp.gov.br\/\" target=\"_blank\">38\u00aa Festa da Uva e 9\u00aa Expo Vinhos<\/a>\u00a0chega ao seu \u00faltimo fim de semana \u2013 nesta sexta (3), s\u00e1bado (4) e domingo (5). Para fechar as comemora\u00e7\u00f5es com chave de ouro, mais atra\u00e7\u00f5es, como as que agradaram aos mais de 167 mil visitantes at\u00e9 agora, estar\u00e3o de volta espalhadas pelos palcos e ruas do Parque da Uva.<\/p>\n\n\n\n<p><a rel=\"noreferrer noopener\" href=\"https:\/\/www.flickr.com\/photos\/prefeituradejundiai\/albums\/72177720305275284\" target=\"_blank\">CONFIRA AS FOTOS DA 38\u00aa FESTA DA UVA E 9\u00aa EXPO VINHOS<\/a><\/p>\n\n\n\n<p>Al\u00e9m do Cortejo da Uva, realizado sempre a partir das 16h30 aos s\u00e1bados e domingos, com a presen\u00e7a da Corte da Uva e outras participa\u00e7\u00f5es especiais, confira abaixo as atra\u00e7\u00f5es preparadas para este fim de semana:<\/p>\n\n\n\n<figure class=\"wp-block-image size-large\"><img loading=\"lazy\" decoding=\"async\" width=\"1200\" height=\"801\" src=\"https:\/\/tvtecjundiai.com.br\/news\/wp-content\/uploads\/sites\/2\/2023\/02\/38_festa_da_uva_pa-228-1280x854-1-1200x801.jpg\" alt=\"\" class=\"wp-image-104363\" srcset=\"https:\/\/tvtecjundiai.com.br\/news\/wp-content\/uploads\/sites\/2\/2023\/02\/38_festa_da_uva_pa-228-1280x854-1-1200x801.jpg 1200w, https:\/\/tvtecjundiai.com.br\/news\/wp-content\/uploads\/sites\/2\/2023\/02\/38_festa_da_uva_pa-228-1280x854-1-300x200.jpg 300w, https:\/\/tvtecjundiai.com.br\/news\/wp-content\/uploads\/sites\/2\/2023\/02\/38_festa_da_uva_pa-228-1280x854-1-768x512.jpg 768w, https:\/\/tvtecjundiai.com.br\/news\/wp-content\/uploads\/sites\/2\/2023\/02\/38_festa_da_uva_pa-228-1280x854-1.jpg 1280w\" sizes=\"auto, (max-width: 1200px) 100vw, 1200px\" \/><figcaption class=\"wp-element-caption\">No Palco Interno, tem as apresenta\u00e7\u00f5es de \u201cI Cantanti d\u2019Italia\u201d antes da tradicional Pisa da Uva<\/figcaption><\/figure>\n\n\n\n<p>Nesta sexta-feira (3), a programa\u00e7\u00e3o traz no Palco Interno \u2013 Uva Niagara Rosada de Jundiahy, \u00e0s 18h30, o show \u201cBrasilidades&#8221;, com a banda Contram\u00e3o; e \u00e0s 20h30, o show \u201cVale Tudo\u201d, com Clarina &amp; Convidados.<\/p>\n\n\n\n<p>A partir das 19h, no Coreto do Rock \u2013 Uva M\u00e1ximo, tem o show de Classic e Pop Rock com The Fers Rock Band. \u00c0s 20h, come\u00e7a o show com a banda Samba da Fonte no Palco do Samba \u2013 Uva Bord\u00f4. E \u00e0s 20h30, no Palco Externo \u2013 Uva Isabel, tem o show de Country e Rock com a banda Texas Hammer.<\/p>\n\n\n\n<p>J\u00e1 no s\u00e1bado (4), a programa\u00e7\u00e3o no Palco Interno \u2013 Uva Niagara Rosada de Jundiahy fica assim: \u00e0s 11h, tem a apresenta\u00e7\u00e3o de dan\u00e7a do grupo Gera\u00e7\u00e3o +60; \u00e0s 11h20, IOA Dan\u00e7a; \u00e0s 11h40, Ballet Teatro Oficina; \u00e0s 12h30, I Cantanti d\u2019Italia; \u00e0s 14h, tem a tradicional Pisa da Uva, com a participa\u00e7\u00e3o do Grupo Folklor\u00edstico Stella Bianca; \u00e0s 16h, apresentam-se o Coral Municipal de Jundia\u00ed (adulto) e o Coral Infantojuvenil Cidade das Crian\u00e7as; \u00e0s 18h, Jo\u00e3o Ormond apresenta o show \u201cPor Todo o Canto\u201d; e \u00e0s 20h, o \u00faltimo show da noite fica por conta da banda Brasil in Conserto.<\/p>\n\n\n\n<figure class=\"wp-block-image size-large\"><img loading=\"lazy\" decoding=\"async\" width=\"1200\" height=\"801\" src=\"https:\/\/tvtecjundiai.com.br\/news\/wp-content\/uploads\/sites\/2\/2023\/02\/38_festa_da_uva_pets__motos_pa-69-1280x854-1-1200x801.jpg\" alt=\"\" class=\"wp-image-104364\" srcset=\"https:\/\/tvtecjundiai.com.br\/news\/wp-content\/uploads\/sites\/2\/2023\/02\/38_festa_da_uva_pets__motos_pa-69-1280x854-1-1200x801.jpg 1200w, https:\/\/tvtecjundiai.com.br\/news\/wp-content\/uploads\/sites\/2\/2023\/02\/38_festa_da_uva_pets__motos_pa-69-1280x854-1-300x200.jpg 300w, https:\/\/tvtecjundiai.com.br\/news\/wp-content\/uploads\/sites\/2\/2023\/02\/38_festa_da_uva_pets__motos_pa-69-1280x854-1-768x512.jpg 768w, https:\/\/tvtecjundiai.com.br\/news\/wp-content\/uploads\/sites\/2\/2023\/02\/38_festa_da_uva_pets__motos_pa-69-1280x854-1.jpg 1280w\" sizes=\"auto, (max-width: 1200px) 100vw, 1200px\" \/><figcaption class=\"wp-element-caption\">No Coreto do Rock, a programa\u00e7\u00e3o tamb\u00e9m come\u00e7a j\u00e1 na sexta (3)<\/figcaption><\/figure>\n\n\n\n<p>No Palco Externo \u2013 Uva Isabel, \u00e0s 17h30, com a chegada do Cortejo da Uva, tem mais um brinde ao P\u00f4r do Sol. Na sequ\u00eancia, tem a apresenta\u00e7\u00e3o de Juliana Kosso Rock Band. E \u00e0s 20h30, tem o Classic Rock da banda UTI.<\/p>\n\n\n\n<p>J\u00e1 no Coreto do Rock \u2013 Uva M\u00e1ximo, \u00e0s 11h, come\u00e7a o show da banda Redneck; \u00e0s 13h, tem o Rock\u2019n\u2019Roll da banda Black Maverick; \u00e0s 15h, o show de Indie Rock da banda Blue Monday; e \u00e0s 19h os cinco amigos da Hollyband trazem o melhor dos comerciais de Hollywood.<\/p>\n\n\n\n<p>No Espa\u00e7o das Crian\u00e7as \u2013 Palco Uva Ribas, \u00e0s 11h, tem a conta\u00e7\u00e3o de hist\u00f3rias \u201cQue hist\u00f3ria \u00e9 essa?\u201d; \u00e0s 15h, o bloco infantil Blokids faz um Carnaval para toda da fam\u00edlia; e \u00e0s 18h tem show musical com D\u00e9bora Faria e 4Banda.<\/p>\n\n\n\n<p>E no Palco do Samba \u2013 Uva Bord\u00f4, as atra\u00e7\u00f5es do s\u00e1bado (4) s\u00e3o: \u00e0s 15h, o Aki \u00e9 Show, com bateria de escola de samba; \u00e0s 17h30, a apresenta\u00e7\u00e3o de marchinhas de Carnaval com o bloco Chupa que \u00e9 de Uva e a banda Mikaloka; e \u00e0s 19h30, a apresenta\u00e7\u00e3o da Arco \u00cdris Acad\u00eamicos do Samba.<\/p>\n\n\n\n<figure class=\"wp-block-image size-large\"><img loading=\"lazy\" decoding=\"async\" width=\"1200\" height=\"801\" src=\"https:\/\/tvtecjundiai.com.br\/news\/wp-content\/uploads\/sites\/2\/2023\/02\/38_festa_da_uva_pa-312-1280x854-1-1200x801.jpg\" alt=\"\" class=\"wp-image-104365\" srcset=\"https:\/\/tvtecjundiai.com.br\/news\/wp-content\/uploads\/sites\/2\/2023\/02\/38_festa_da_uva_pa-312-1280x854-1-1200x801.jpg 1200w, https:\/\/tvtecjundiai.com.br\/news\/wp-content\/uploads\/sites\/2\/2023\/02\/38_festa_da_uva_pa-312-1280x854-1-300x200.jpg 300w, https:\/\/tvtecjundiai.com.br\/news\/wp-content\/uploads\/sites\/2\/2023\/02\/38_festa_da_uva_pa-312-1280x854-1-768x512.jpg 768w, https:\/\/tvtecjundiai.com.br\/news\/wp-content\/uploads\/sites\/2\/2023\/02\/38_festa_da_uva_pa-312-1280x854-1.jpg 1280w\" sizes=\"auto, (max-width: 1200px) 100vw, 1200px\" \/><figcaption class=\"wp-element-caption\">Quem estiver no Parque n\u00e3o pode perder o Cortejo da Uva, no s\u00e1bado e domingo, \u00e0s 16h30<\/figcaption><\/figure>\n\n\n\n<p>Para encerrar a Festa, a programa\u00e7\u00e3o do domingo (5) come\u00e7a com o Encontro de Carros Antigos, que tem in\u00edcio \u00e0s 10h, com a sa\u00edda do estacionamento do Pa\u00e7o Municipal, e segue at\u00e9 as 15h com os carros estacionados em frente ao Palco Externo \u2013 Uva Isabel. No mesmo palco, \u00e0s 17h30, tem o Brinde ao P\u00f4r do Sol, com a chegada do \u00faltimo Cortejo da Uva. Na sequ\u00eancia, vem o Flashback da banda Studio 54; e \u00e0s 19h30 tem a apresenta\u00e7\u00e3o de Classic Rock com a banda Agnus Rock.<\/p>\n\n\n\n<p>No palco Interno \u2013 Uva Niagara Rosada de Jundiahy, as apresenta\u00e7\u00f5es programadas s\u00e3o: \u00e0s 11h, tem a apresenta\u00e7\u00e3o da Cia. Jovem de Dan\u00e7a, corpo art\u00edstico municipal dirigido por Alex Soares; \u00e0s 12h30, I Cantanti d\u2019Italia preparam o clima da festa, ao som de cl\u00e1ssicos italianos para \u00e0s 14h ser realizada a \u00faltima Pisa da Uva da Festa, com o Grupo Folklor\u00edstico Stella Bianca.<\/p>\n\n\n\n<p>\u00c0s 16h, o Palco recebe o \u00faltimo Leil\u00e3o de Frutas premiadas. \u00c0s 17h30, a programa\u00e7\u00e3o musical est\u00e1 de volta, com o show de Pop Rock com Gui Sim\u00f5es e Banda. E \u00e0s 19h30 tem a apresenta\u00e7\u00e3o de vintage Rock\u2019n\u2019Roll e Rockabilly da banda Old Chevy, em um show dan\u00e7ante e contagiante.<\/p>\n\n\n\n<p>No Coreto do Rock \u2013 Uva M\u00e1ximo, \u00e0s 11h, tem show musical com Ted Nicotina &amp; Os Alcatr\u00f5es. J\u00e1 \u00e0s 13h, quem sobe no palco \u00e9 a banda Lan\u00e7a Perfume, e \u00e0s 15h, \u00e9 a vez da apresenta\u00e7\u00e3o de Blues e da Soul Music com Big Chico Blues Band.<\/p>\n\n\n\n<p>No Espa\u00e7o das Crian\u00e7as \u2013 Palco Uva Ribas, as atra\u00e7\u00f5es do domingo (5) ser\u00e3o: \u00e0s 11h, a conta\u00e7\u00e3o \u201cHist\u00f3rias do Mundo todo\u201d; \u00e0s 15h, o \u201cBailinho do Joe \u2013 Carnaval para crian\u00e7as\u201d; e \u00e0s 18h, o show interativo com a banda Her\u00f3is das Cantigas.<\/p>\n\n\n\n<p>J\u00e1 no Palco do Samba \u2013 Uva Bord\u00f4, \u00e0s 14h, tem a roda de samba com Israel da Cu\u00edca e sambistas convidados; e \u00e0s 19h30, tem a apresenta\u00e7\u00e3o de m\u00fasica afrobrasileira \u201cO Bloco da Paz\u201d, com o bloco Keker\u00ea.<\/p>\n\n\n\n<figure class=\"wp-block-image size-large\"><img loading=\"lazy\" decoding=\"async\" width=\"1200\" height=\"801\" src=\"https:\/\/tvtecjundiai.com.br\/news\/wp-content\/uploads\/sites\/2\/2023\/02\/38_festa_da_uva_pa-244-1280x854-1-1200x801.jpg\" alt=\"\" class=\"wp-image-104366\" srcset=\"https:\/\/tvtecjundiai.com.br\/news\/wp-content\/uploads\/sites\/2\/2023\/02\/38_festa_da_uva_pa-244-1280x854-1-1200x801.jpg 1200w, https:\/\/tvtecjundiai.com.br\/news\/wp-content\/uploads\/sites\/2\/2023\/02\/38_festa_da_uva_pa-244-1280x854-1-300x200.jpg 300w, https:\/\/tvtecjundiai.com.br\/news\/wp-content\/uploads\/sites\/2\/2023\/02\/38_festa_da_uva_pa-244-1280x854-1-768x512.jpg 768w, https:\/\/tvtecjundiai.com.br\/news\/wp-content\/uploads\/sites\/2\/2023\/02\/38_festa_da_uva_pa-244-1280x854-1.jpg 1280w\" sizes=\"auto, (max-width: 1200px) 100vw, 1200px\" \/><figcaption class=\"wp-element-caption\">As brincadeiras l\u00fadicas e interven\u00e7\u00f5es art\u00edsticas espalhadas pelo Parque tamb\u00e9m marcam a programa\u00e7\u00e3o<\/figcaption><\/figure>\n\n\n\n<p>J\u00e1 as brincadeiras l\u00fadicas e interven\u00e7\u00f5es art\u00edsticas espalhadas pelo Parque, uma das marcas da programa\u00e7\u00e3o deste ano, ficam a cargo do N\u00facleo de Dan\u00e7a Juliana Santos, Cia. Gatos Gordos, Cia. Tramp de Palha\u00e7os, grupo Amorah, coletivo #PretaEu, Cia. TD Artes, Cia. Ca\u00e7a Ventos, Nay Firens, Cia. Giro no Biombo, Cia. Um do Outro e Cena4 Produ\u00e7\u00f5es.<\/p>\n\n\n\n<p>A\u00a0<a rel=\"noreferrer noopener\" href=\"https:\/\/festadauva.jundiai.sp.gov.br\/\" target=\"_blank\">Festa da Uva e Expo Vinhos<\/a>\u00a0fica aberta nesta sexta-feira (3), das 18h \u00e0s 22h; no s\u00e1bado (4), das 10h \u00e0s 22h; e no domingo (5), das 10h \u00e0s 21h. A entrada \u00e9 gratuita, mas como ingresso solid\u00e1rio o visitante poder\u00e1 doar alimentos n\u00e3o perec\u00edveis para o Fundo Social de Solidariedade (Funss).<\/p>\n\n\n\n<p><em><strong>(Fonte\/Imagens: Prefeitura de Jundia\u00ed)<\/strong><\/em><\/p>\n","protected":false},"excerpt":{"rendered":"<p>At\u00e9 agora, mais de 167 mil pessoas j\u00e1 passaram pelo Parque da Uva<\/p>\n","protected":false},"author":30,"featured_media":104364,"comment_status":"closed","ping_status":"0","sticky":false,"template":"","format":"standard","meta":{"footnotes":""},"categories":[2833,8356,8354,1],"tags":[],"class_list":["post-104362","post","type-post","status-publish","format-standard","has-post-thumbnail","hentry","category-cultura","category-jundiai","category-lazer","category-noticias"],"_links":{"self":[{"href":"https:\/\/tvtecjundiai.com.br\/news\/wp-json\/wp\/v2\/posts\/104362","targetHints":{"allow":["GET"]}}],"collection":[{"href":"https:\/\/tvtecjundiai.com.br\/news\/wp-json\/wp\/v2\/posts"}],"about":[{"href":"https:\/\/tvtecjundiai.com.br\/news\/wp-json\/wp\/v2\/types\/post"}],"author":[{"embeddable":true,"href":"https:\/\/tvtecjundiai.com.br\/news\/wp-json\/wp\/v2\/users\/30"}],"replies":[{"embeddable":true,"href":"https:\/\/tvtecjundiai.com.br\/news\/wp-json\/wp\/v2\/comments?post=104362"}],"version-history":[{"count":1,"href":"https:\/\/tvtecjundiai.com.br\/news\/wp-json\/wp\/v2\/posts\/104362\/revisions"}],"predecessor-version":[{"id":104367,"href":"https:\/\/tvtecjundiai.com.br\/news\/wp-json\/wp\/v2\/posts\/104362\/revisions\/104367"}],"wp:featuredmedia":[{"embeddable":true,"href":"https:\/\/tvtecjundiai.com.br\/news\/wp-json\/wp\/v2\/media\/104364"}],"wp:attachment":[{"href":"https:\/\/tvtecjundiai.com.br\/news\/wp-json\/wp\/v2\/media?parent=104362"}],"wp:term":[{"taxonomy":"category","embeddable":true,"href":"https:\/\/tvtecjundiai.com.br\/news\/wp-json\/wp\/v2\/categories?post=104362"},{"taxonomy":"post_tag","embeddable":true,"href":"https:\/\/tvtecjundiai.com.br\/news\/wp-json\/wp\/v2\/tags?post=104362"}],"curies":[{"name":"wp","href":"https:\/\/api.w.org\/{rel}","templated":true}]}}