{"id":104371,"date":"2023-02-01T15:28:09","date_gmt":"2023-02-01T18:28:09","guid":{"rendered":"https:\/\/tvtecjundiai.com.br\/news\/?p=104371"},"modified":"2023-02-01T15:28:14","modified_gmt":"2023-02-01T18:28:14","slug":"casa-civil-promove-primeira-reuniao-sobre-o-marco-regulatorio-das-organizacoes-civis","status":"publish","type":"post","link":"https:\/\/tvtecjundiai.com.br\/news\/2023\/02\/01\/casa-civil-promove-primeira-reuniao-sobre-o-marco-regulatorio-das-organizacoes-civis\/","title":{"rendered":"Casa Civil promove primeira reuni\u00e3o sobre o Marco Regulat\u00f3rio das Organiza\u00e7\u00f5es Civis"},"content":{"rendered":"\n<p>A\u00a0Unidade de Gest\u00e3o da Casa Civil (UGCC), por meio do Departamento de Conv\u00eanios e Parcerias, promoveu, na manh\u00e3 desta quarta-feira (1), a primeira reuni\u00e3o de 2023 para tratar sobre o Marco Regulat\u00f3rio das Organiza\u00e7\u00f5es da Sociedade Civil (MROSC), Lei Federal n\u00ba 13.019\/2014.\u00a0<\/p>\n\n\n\n<p>O gestor da UGCC, Gustavo Leopoldo Caserta Maryssael de Campos, participou da abertura e deu as boas-vindas aos participantes. \u201cHoje promovemos a primeira reuni\u00e3o do ano de muito trabalho, desafios e solu\u00e7\u00f5es. Parte das solu\u00e7\u00f5es dos problemas do munic\u00edpios passam pelas parcerias. As organiza\u00e7\u00f5es civis s\u00e3o mais bra\u00e7os para o munic\u00edpio, s\u00e3o elas que desenvolvem e entregam os servi\u00e7os na ponta, para os cidad\u00e3os. Cabe \u00e0s Unidades da Prefeitura auxiliar as entidades com a parceria com o poder p\u00fablico\u201d, afirmou.\u00a0<\/p>\n\n\n\n<figure class=\"wp-block-image size-large\"><img loading=\"lazy\" decoding=\"async\" width=\"1200\" height=\"675\" src=\"https:\/\/tvtecjundiai.com.br\/news\/wp-content\/uploads\/sites\/2\/2023\/02\/reuniao-mrosc-1280x720-1-1200x675.jpg\" alt=\"\" class=\"wp-image-104372\" srcset=\"https:\/\/tvtecjundiai.com.br\/news\/wp-content\/uploads\/sites\/2\/2023\/02\/reuniao-mrosc-1280x720-1-1200x675.jpg 1200w, https:\/\/tvtecjundiai.com.br\/news\/wp-content\/uploads\/sites\/2\/2023\/02\/reuniao-mrosc-1280x720-1-300x169.jpg 300w, https:\/\/tvtecjundiai.com.br\/news\/wp-content\/uploads\/sites\/2\/2023\/02\/reuniao-mrosc-1280x720-1-768x432.jpg 768w, https:\/\/tvtecjundiai.com.br\/news\/wp-content\/uploads\/sites\/2\/2023\/02\/reuniao-mrosc-1280x720-1.jpg 1280w\" sizes=\"auto, (max-width: 1200px) 100vw, 1200px\" \/><figcaption class=\"wp-element-caption\">Reuni\u00e3o alinha os temas sobre o trabalho com as organiza\u00e7\u00f5es civis da cidade<\/figcaption><\/figure>\n\n\n\n<p>A reuni\u00e3o contou com a participa\u00e7\u00e3o da gestora da Unidade de Administra\u00e7\u00e3o e Gest\u00e3o de Pessoas, Simone Zanotello e da gestora adjunta de Assist\u00eancia e Desenvolvimento Social, Franciellem Telles Germano e conduzida pelo diretor do Departamento de Conv\u00eanios e Parcerias, Tales Calegari. Durante o primeiro encontro foram abordados temas como o sistema para quest\u00f5es administrativas. O encontro sobre o MROSC \u00e9 realizado mensalmente.\u00a0\u00a0<\/p>\n\n\n\n<p><em><strong>(Fonte: Prefeitura de Jundia\u00ed\/Imagem: Divulga\u00e7\u00e3o)<\/strong><\/em><\/p>\n","protected":false},"excerpt":{"rendered":"<p>Durante o encontro foram abordados temas como o sistema para quest\u00f5es administrativas<\/p>\n","protected":false},"author":30,"featured_media":104372,"comment_status":"closed","ping_status":"0","sticky":false,"template":"","format":"standard","meta":{"footnotes":""},"categories":[8357,8356,1],"tags":[],"class_list":["post-104371","post","type-post","status-publish","format-standard","has-post-thumbnail","hentry","category-gestao","category-jundiai","category-noticias"],"_links":{"self":[{"href":"https:\/\/tvtecjundiai.com.br\/news\/wp-json\/wp\/v2\/posts\/104371","targetHints":{"allow":["GET"]}}],"collection":[{"href":"https:\/\/tvtecjundiai.com.br\/news\/wp-json\/wp\/v2\/posts"}],"about":[{"href":"https:\/\/tvtecjundiai.com.br\/news\/wp-json\/wp\/v2\/types\/post"}],"author":[{"embeddable":true,"href":"https:\/\/tvtecjundiai.com.br\/news\/wp-json\/wp\/v2\/users\/30"}],"replies":[{"embeddable":true,"href":"https:\/\/tvtecjundiai.com.br\/news\/wp-json\/wp\/v2\/comments?post=104371"}],"version-history":[{"count":1,"href":"https:\/\/tvtecjundiai.com.br\/news\/wp-json\/wp\/v2\/posts\/104371\/revisions"}],"predecessor-version":[{"id":104373,"href":"https:\/\/tvtecjundiai.com.br\/news\/wp-json\/wp\/v2\/posts\/104371\/revisions\/104373"}],"wp:featuredmedia":[{"embeddable":true,"href":"https:\/\/tvtecjundiai.com.br\/news\/wp-json\/wp\/v2\/media\/104372"}],"wp:attachment":[{"href":"https:\/\/tvtecjundiai.com.br\/news\/wp-json\/wp\/v2\/media?parent=104371"}],"wp:term":[{"taxonomy":"category","embeddable":true,"href":"https:\/\/tvtecjundiai.com.br\/news\/wp-json\/wp\/v2\/categories?post=104371"},{"taxonomy":"post_tag","embeddable":true,"href":"https:\/\/tvtecjundiai.com.br\/news\/wp-json\/wp\/v2\/tags?post=104371"}],"curies":[{"name":"wp","href":"https:\/\/api.w.org\/{rel}","templated":true}]}}