{"id":104424,"date":"2023-02-03T09:16:45","date_gmt":"2023-02-03T12:16:45","guid":{"rendered":"https:\/\/tvtecjundiai.com.br\/news\/?p=104424"},"modified":"2023-02-03T09:16:50","modified_gmt":"2023-02-03T12:16:50","slug":"segunda-reuniao-de-transporte-da-rmj-tem-palestra-sobre-regulamentacao","status":"publish","type":"post","link":"https:\/\/tvtecjundiai.com.br\/news\/2023\/02\/03\/segunda-reuniao-de-transporte-da-rmj-tem-palestra-sobre-regulamentacao\/","title":{"rendered":"Segunda reuni\u00e3o de Transporte da RMJ tem palestra sobre regulamenta\u00e7\u00e3o"},"content":{"rendered":"\n<p>A regulamenta\u00e7\u00e3o do transporte de passageiro por aplicativos foi tema de uma palestra ministrada pelo Secret\u00e1rio de Transportes da Praia Grande, Leandro Avelino, nesta quinta-feira (02), no Pa\u00e7o Municipal de Jundia\u00ed, durante a reuni\u00e3o com representantes dos munic\u00edpios da Regi\u00e3o Metropolitana de Jundia\u00ed (RMJ), al\u00e9m de Bragan\u00e7a Paulista, Piracicaba, Pirassununga, Sorocaba e S\u00e3o Jos\u00e9 do Rio Preto. O assunto est\u00e1 sendo discutido em v\u00e1rias cidades brasileiras e Praia Grande j\u00e1 elaborou a minuta que ser\u00e1 enviada \u00e0 C\u00e2mara Municipal.<\/p>\n\n\n\n<p>Seguindo os par\u00e2metros da cidade litor\u00e2nea, em que a proposta estabelece normas para o transporte de passageiro por aplicativos somente para ve\u00edculos motorizados de quatro rodas, Jundia\u00ed tamb\u00e9m tem a expectativa de, nesse primeiro momento, regulamentar a atividade na mesma modalidade de ve\u00edculo, ou seja, autom\u00f3vel.<\/p>\n\n\n\n<figure class=\"wp-block-image size-large\"><img loading=\"lazy\" decoding=\"async\" width=\"1200\" height=\"863\" src=\"https:\/\/tvtecjundiai.com.br\/news\/wp-content\/uploads\/sites\/2\/2023\/02\/reuniao-rmj-palestra-0202-1-1280x920-1-1200x863.jpg\" alt=\"\" class=\"wp-image-104425\" srcset=\"https:\/\/tvtecjundiai.com.br\/news\/wp-content\/uploads\/sites\/2\/2023\/02\/reuniao-rmj-palestra-0202-1-1280x920-1-1200x863.jpg 1200w, https:\/\/tvtecjundiai.com.br\/news\/wp-content\/uploads\/sites\/2\/2023\/02\/reuniao-rmj-palestra-0202-1-1280x920-1-300x216.jpg 300w, https:\/\/tvtecjundiai.com.br\/news\/wp-content\/uploads\/sites\/2\/2023\/02\/reuniao-rmj-palestra-0202-1-1280x920-1-768x552.jpg 768w, https:\/\/tvtecjundiai.com.br\/news\/wp-content\/uploads\/sites\/2\/2023\/02\/reuniao-rmj-palestra-0202-1-1280x920-1.jpg 1280w\" sizes=\"auto, (max-width: 1200px) 100vw, 1200px\" \/><figcaption class=\"wp-element-caption\">Lei vai permitir a regulamenta\u00e7\u00e3o de maneira justa e adequada para a seguran\u00e7a vi\u00e1ria e preserva\u00e7\u00e3o da sa\u00fade<\/figcaption><\/figure>\n\n\n\n<p>\u201cOs munic\u00edpios t\u00eam sofrido muito com a atua\u00e7\u00e3o desse modal por aplicativo sem uma regulamenta\u00e7\u00e3o. Reconhecemos que \u00e9 uma atividade profissional, mas que carece de uma legisla\u00e7\u00e3o que permita que o Poder P\u00fablico possa atuar com uma gest\u00e3o mais eficiente da mobilidade urbana, e a popula\u00e7\u00e3o possa se sentir mais cuidada e segura\u201d, explica o Secret\u00e1rio de Transportes da Praia Grande, Leandro Avelino.<\/p>\n\n\n\n<p>A medida ter\u00e1 como base dados e estudos, entre eles, as estat\u00edsticas de sinistros. \u201cO objetivo \u00e9 buscar solu\u00e7\u00f5es e melhores pr\u00e1ticas para proporcionar a redu\u00e7\u00e3o de sinistros e preservar vidas, al\u00e9m de qualificar o servi\u00e7o para que possa ser oferecido com maior seguran\u00e7a, efici\u00eancia e conforto\u201d, afirma o gestor de Mobilidade e Transporte de Jundia\u00ed, Aloysio Queiroz.<\/p>\n\n\n\n<figure class=\"wp-block-image size-large\"><img loading=\"lazy\" decoding=\"async\" width=\"1200\" height=\"786\" src=\"https:\/\/tvtecjundiai.com.br\/news\/wp-content\/uploads\/sites\/2\/2023\/02\/reuniao-rmj-palestra-leandro-0202-1280x838-1-1200x786.jpg\" alt=\"\" class=\"wp-image-104426\" srcset=\"https:\/\/tvtecjundiai.com.br\/news\/wp-content\/uploads\/sites\/2\/2023\/02\/reuniao-rmj-palestra-leandro-0202-1280x838-1-1200x786.jpg 1200w, https:\/\/tvtecjundiai.com.br\/news\/wp-content\/uploads\/sites\/2\/2023\/02\/reuniao-rmj-palestra-leandro-0202-1280x838-1-300x196.jpg 300w, https:\/\/tvtecjundiai.com.br\/news\/wp-content\/uploads\/sites\/2\/2023\/02\/reuniao-rmj-palestra-leandro-0202-1280x838-1-768x503.jpg 768w, https:\/\/tvtecjundiai.com.br\/news\/wp-content\/uploads\/sites\/2\/2023\/02\/reuniao-rmj-palestra-leandro-0202-1280x838-1.jpg 1280w\" sizes=\"auto, (max-width: 1200px) 100vw, 1200px\" \/><figcaption class=\"wp-element-caption\">Secret\u00e1rio de Transportes da Praia Grande comenta que regulamenta\u00e7\u00e3o vai permitir uma gest\u00e3o p\u00fablica mais eficiente da mobilidade urbana<\/figcaption><\/figure>\n\n\n\n<p>\u201cRegulamentar esse tipo de transporte \u00e9 de suma import\u00e2ncia para refor\u00e7ar a seguran\u00e7a, tanto no aspecto de evitar sinistro, quanto pelos riscos aos passageiros por, muitas vezes, n\u00e3o terem informa\u00e7\u00f5es precisas do transportador, como se ele \u00e9 devidamente habilitado, se est\u00e1 com a documenta\u00e7\u00e3o em ordem e se tem boa \u00edndole\u201d, comenta o secret\u00e1rio de Mobilidade e Planejamento Vi\u00e1rio de Jarinu, Helio Calixto Ferreira.<\/p>\n\n\n\n<p>\u201cDo ponto de vista da Seguran\u00e7a Vi\u00e1ria, o pr\u00f3prio Artigo 1\u00b0 do CTB (C\u00f3digo de Tr\u00e2nsito Brasileiro), j\u00e1 nos remete a garantir o \u2018Tr\u00e2nsito Seguro\u2019 aos cidad\u00e3os. Com essas reuni\u00f5es nas quais trocamos informa\u00e7\u00f5es, acredito que estamos no caminho certo a fim de encontrarmos alternativas seguras\u201d, ressalta o secret\u00e1rio de Mobilidade Urbana de Cabre\u00fava, Henri Perkis.<\/p>\n\n\n\n<p><strong><em>(Fonte\/Imagens: Prefeitura de Jundia\u00ed)<\/em><\/strong><\/p>\n\n\n\n<p><\/p>\n","protected":false},"excerpt":{"rendered":"<p>Encontro discutiu a regulamenta\u00e7\u00e3o do transporte de passageiro por aplicativos <\/p>\n","protected":false},"author":30,"featured_media":104426,"comment_status":"closed","ping_status":"0","sticky":false,"template":"","format":"standard","meta":{"footnotes":""},"categories":[8356,1,3059],"tags":[],"class_list":["post-104424","post","type-post","status-publish","format-standard","has-post-thumbnail","hentry","category-jundiai","category-noticias","category-transportes"],"_links":{"self":[{"href":"https:\/\/tvtecjundiai.com.br\/news\/wp-json\/wp\/v2\/posts\/104424","targetHints":{"allow":["GET"]}}],"collection":[{"href":"https:\/\/tvtecjundiai.com.br\/news\/wp-json\/wp\/v2\/posts"}],"about":[{"href":"https:\/\/tvtecjundiai.com.br\/news\/wp-json\/wp\/v2\/types\/post"}],"author":[{"embeddable":true,"href":"https:\/\/tvtecjundiai.com.br\/news\/wp-json\/wp\/v2\/users\/30"}],"replies":[{"embeddable":true,"href":"https:\/\/tvtecjundiai.com.br\/news\/wp-json\/wp\/v2\/comments?post=104424"}],"version-history":[{"count":1,"href":"https:\/\/tvtecjundiai.com.br\/news\/wp-json\/wp\/v2\/posts\/104424\/revisions"}],"predecessor-version":[{"id":104427,"href":"https:\/\/tvtecjundiai.com.br\/news\/wp-json\/wp\/v2\/posts\/104424\/revisions\/104427"}],"wp:featuredmedia":[{"embeddable":true,"href":"https:\/\/tvtecjundiai.com.br\/news\/wp-json\/wp\/v2\/media\/104426"}],"wp:attachment":[{"href":"https:\/\/tvtecjundiai.com.br\/news\/wp-json\/wp\/v2\/media?parent=104424"}],"wp:term":[{"taxonomy":"category","embeddable":true,"href":"https:\/\/tvtecjundiai.com.br\/news\/wp-json\/wp\/v2\/categories?post=104424"},{"taxonomy":"post_tag","embeddable":true,"href":"https:\/\/tvtecjundiai.com.br\/news\/wp-json\/wp\/v2\/tags?post=104424"}],"curies":[{"name":"wp","href":"https:\/\/api.w.org\/{rel}","templated":true}]}}