{"id":104428,"date":"2023-02-03T09:53:41","date_gmt":"2023-02-03T12:53:41","guid":{"rendered":"https:\/\/tvtecjundiai.com.br\/news\/?p=104428"},"modified":"2023-02-03T09:53:42","modified_gmt":"2023-02-03T12:53:42","slug":"biblioteca-municipal-tera-novo-horario-de-atendimento-aos-sabados-e-feriados","status":"publish","type":"post","link":"https:\/\/tvtecjundiai.com.br\/news\/2023\/02\/03\/biblioteca-municipal-tera-novo-horario-de-atendimento-aos-sabados-e-feriados\/","title":{"rendered":"Biblioteca Municipal ter\u00e1 novo hor\u00e1rio de atendimento aos s\u00e1bados e feriados"},"content":{"rendered":"\n<p>A Biblioteca P\u00fablica Municipal Prof. Nelson Foot (BNF), equipamento ligado a Unidade de Gest\u00e3o de Cultura (UGC), a partir de s\u00e1bado (4) passar\u00e1 a ter um novo hor\u00e1rio de atendimento ao p\u00fablico: das 10h \u00e0s 17h, o mesmo acontecendo aos feriados.<\/p>\n\n\n\n<p>A altera\u00e7\u00e3o de hor\u00e1rio tem como objetivo facilitar o acesso do p\u00fablico que durante a semana nem sempre consegue comparecer a BNF, bem como oferecer atra\u00e7\u00f5es culturais no per\u00edodo da tarde.<\/p>\n\n\n\n<p>A Biblioteca est\u00e1 localizada dentro do Complexo Argos, na rua Dr. Cavalcanti, 396, Vila Arens. Durante a semana \u2013 de segunda a sexta-feira \u2013 a BNF funciona das 9h \u00e0s 21h. Mais informa\u00e7\u00f5es pelo telefone 11-4527-2110.<\/p>\n\n\n<div class=\"wp-block-image\">\n<figure class=\"aligncenter size-large is-resized\"><img loading=\"lazy\" decoding=\"async\" src=\"https:\/\/tvtecjundiai.com.br\/news\/wp-content\/uploads\/sites\/2\/2023\/02\/biblioteca-ceu-das-artes-dia-do-livro_fm_-15-1200x800.jpg\" alt=\"\" class=\"wp-image-104429\" width=\"604\" height=\"403\" srcset=\"https:\/\/tvtecjundiai.com.br\/news\/wp-content\/uploads\/sites\/2\/2023\/02\/biblioteca-ceu-das-artes-dia-do-livro_fm_-15-1200x800.jpg 1200w, https:\/\/tvtecjundiai.com.br\/news\/wp-content\/uploads\/sites\/2\/2023\/02\/biblioteca-ceu-das-artes-dia-do-livro_fm_-15-300x200.jpg 300w, https:\/\/tvtecjundiai.com.br\/news\/wp-content\/uploads\/sites\/2\/2023\/02\/biblioteca-ceu-das-artes-dia-do-livro_fm_-15-768x512.jpg 768w, https:\/\/tvtecjundiai.com.br\/news\/wp-content\/uploads\/sites\/2\/2023\/02\/biblioteca-ceu-das-artes-dia-do-livro_fm_-15.jpg 1280w\" sizes=\"auto, (max-width: 604px) 100vw, 604px\" \/><\/figure>\n<\/div>\n\n\n<p><\/p>\n\n\n\n<p><em><strong>(Fonte\/Imagem: Prefeitura de Jundia\u00ed)<\/strong><\/em><\/p>\n","protected":false},"excerpt":{"rendered":"<p>Altera\u00e7\u00e3o de hor\u00e1rio busca facilitar o acesso do p\u00fablico que n\u00e3o pode ir ao local durante a semana<\/p>\n","protected":false},"author":30,"featured_media":104429,"comment_status":"closed","ping_status":"0","sticky":false,"template":"","format":"standard","meta":{"footnotes":""},"categories":[2833,8356,1],"tags":[],"class_list":["post-104428","post","type-post","status-publish","format-standard","has-post-thumbnail","hentry","category-cultura","category-jundiai","category-noticias"],"_links":{"self":[{"href":"https:\/\/tvtecjundiai.com.br\/news\/wp-json\/wp\/v2\/posts\/104428","targetHints":{"allow":["GET"]}}],"collection":[{"href":"https:\/\/tvtecjundiai.com.br\/news\/wp-json\/wp\/v2\/posts"}],"about":[{"href":"https:\/\/tvtecjundiai.com.br\/news\/wp-json\/wp\/v2\/types\/post"}],"author":[{"embeddable":true,"href":"https:\/\/tvtecjundiai.com.br\/news\/wp-json\/wp\/v2\/users\/30"}],"replies":[{"embeddable":true,"href":"https:\/\/tvtecjundiai.com.br\/news\/wp-json\/wp\/v2\/comments?post=104428"}],"version-history":[{"count":1,"href":"https:\/\/tvtecjundiai.com.br\/news\/wp-json\/wp\/v2\/posts\/104428\/revisions"}],"predecessor-version":[{"id":104430,"href":"https:\/\/tvtecjundiai.com.br\/news\/wp-json\/wp\/v2\/posts\/104428\/revisions\/104430"}],"wp:featuredmedia":[{"embeddable":true,"href":"https:\/\/tvtecjundiai.com.br\/news\/wp-json\/wp\/v2\/media\/104429"}],"wp:attachment":[{"href":"https:\/\/tvtecjundiai.com.br\/news\/wp-json\/wp\/v2\/media?parent=104428"}],"wp:term":[{"taxonomy":"category","embeddable":true,"href":"https:\/\/tvtecjundiai.com.br\/news\/wp-json\/wp\/v2\/categories?post=104428"},{"taxonomy":"post_tag","embeddable":true,"href":"https:\/\/tvtecjundiai.com.br\/news\/wp-json\/wp\/v2\/tags?post=104428"}],"curies":[{"name":"wp","href":"https:\/\/api.w.org\/{rel}","templated":true}]}}