{"id":104439,"date":"2023-02-04T08:30:00","date_gmt":"2023-02-04T11:30:00","guid":{"rendered":"https:\/\/tvtecjundiai.com.br\/news\/?p=104439"},"modified":"2023-02-03T11:46:31","modified_gmt":"2023-02-03T14:46:31","slug":"dia-mundial-do-cancer-especialista-do-hospital-sao-vicente-alerta-para-prevencao-sintomas-e-tratamento-do-cancer-de-intestino","status":"publish","type":"post","link":"https:\/\/tvtecjundiai.com.br\/news\/2023\/02\/04\/dia-mundial-do-cancer-especialista-do-hospital-sao-vicente-alerta-para-prevencao-sintomas-e-tratamento-do-cancer-de-intestino\/","title":{"rendered":"Dia Mundial do C\u00e2ncer: Especialista do Hospital S\u00e3o Vicente alerta para preven\u00e7\u00e3o, sintomas e tratamento do c\u00e2ncer de intestino"},"content":{"rendered":"\n<p>Segundo dados atualizados do Instituto Nacional do C\u00e2ncer (INCA), a estimativa \u00e9 de que sejam registrados aproximadamente 45 mil novos casos de c\u00e2ncer de intestino em 2023, sendo o segundo tipo mais incidente dentre todas as neoplasias malignas, entre homens e mulheres, com taxas elevadas de mortalidade. As informa\u00e7\u00f5es alertam para a import\u00e2ncia do cuidado preventivo. O dia 4 de fevereiro foi institu\u00eddo como Dia Mundial do C\u00e2ncer, para promover o diagn\u00f3stico precoce e a conscientiza\u00e7\u00e3o.<\/p>\n\n\n\n<p>O m\u00e9dico oncologista do Hospital S\u00e3o Vicente (HSV), Breno Cordeiro Reiss, explica um pouco mais sobre a doen\u00e7a. \u201cO c\u00e2ncer de intestino est\u00e1 relacionado aos tumores que se iniciam na parte do intestino grosso, chamada c\u00f3lon, e que abrangem o reto, que \u00e9 o final do intestino, e \u00e2nus. Tamb\u00e9m \u00e9 conhecido como c\u00e2ncer de c\u00f3lon e reto ou colorretal. Esse tumor \u00e9 trat\u00e1vel e, na maioria dos casos, cur\u00e1vel, ao ser diagnosticado de forma precoce, quando ainda n\u00e3o se espalhou para outros \u00f3rg\u00e3os\u201d.<\/p>\n\n\n<div class=\"wp-block-image\">\n<figure class=\"aligncenter size-full\"><img loading=\"lazy\" decoding=\"async\" width=\"612\" height=\"407\" src=\"https:\/\/tvtecjundiai.com.br\/news\/wp-content\/uploads\/sites\/2\/2023\/02\/cancer-de-intestino.jpg\" alt=\"\" class=\"wp-image-104440\" srcset=\"https:\/\/tvtecjundiai.com.br\/news\/wp-content\/uploads\/sites\/2\/2023\/02\/cancer-de-intestino.jpg 612w, https:\/\/tvtecjundiai.com.br\/news\/wp-content\/uploads\/sites\/2\/2023\/02\/cancer-de-intestino-300x200.jpg 300w\" sizes=\"auto, (max-width: 612px) 100vw, 612px\" \/><figcaption class=\"wp-element-caption\">Foto: Canva<\/figcaption><\/figure>\n<\/div>\n\n\n<p>Refer\u00eancia em oncologia, a unidade de quimioterapia do HSV, administrada pelo Instituto de Oncologia Marcello Fanelli, atendeu 13 pacientes com c\u00e2ncer de intestino em 2022. Atualmente, a unidade conta com 4 pacientes em tratamento, sendo a maioria homens.\u00a0<\/p>\n\n\n\n<p>O m\u00e9dico conta que apesar de ser reconhecido como nosso segundo c\u00e9rebro, a import\u00e2ncia do intestino para o funcionamento do organismo ainda \u00e9 ignorada. \u201cEsse sistema nervoso ent\u00e9rico cont\u00e9m entre 100 a 500 milh\u00f5es de neur\u00f4nios, a mais vasta cole\u00e7\u00e3o de c\u00e9lulas nervosas do corpo, e por exercer fun\u00e7\u00f5es essenciais, sua import\u00e2ncia \u00e9 equiparada a do c\u00e9rebro. In\u00fameras bact\u00e9rias e microrganismos do intestino exercem m\u00faltiplas fun\u00e7\u00f5es em nosso organismo, ajudando no equil\u00edbrio metab\u00f3lico e na matura\u00e7\u00e3o do sistema imunol\u00f3gico. Outra importante atividade \u00e9 a produ\u00e7\u00e3o de horm\u00f4nios respons\u00e1veis pela sensa\u00e7\u00e3o de bem-estar e prazer, como a serotonina e dopamina, fabricada pelas bact\u00e9rias do intestino. Quando essa comunica\u00e7\u00e3o n\u00e3o \u00e9 equilibrada, essa jun\u00e7\u00e3o qu\u00edmica pode desencadear sintomas psiqui\u00e1tricos como depress\u00e3o, ansiedade, perda de libido e at\u00e9 condi\u00e7\u00f5es mais alarmantes como a esquizofrenia e o transtorno bipolar\u201d.<\/p>\n\n\n<div class=\"wp-block-image\">\n<figure class=\"aligncenter size-large is-resized\"><img loading=\"lazy\" decoding=\"async\" src=\"https:\/\/tvtecjundiai.com.br\/news\/wp-content\/uploads\/sites\/2\/2023\/02\/Dr.-Breno-alerta-para-prevencao-sintomas-e-tratamento-do-cancer-de-intestino-1200x740.jpg\" alt=\"\" class=\"wp-image-104441\" width=\"626\" height=\"387\" srcset=\"https:\/\/tvtecjundiai.com.br\/news\/wp-content\/uploads\/sites\/2\/2023\/02\/Dr.-Breno-alerta-para-prevencao-sintomas-e-tratamento-do-cancer-de-intestino-1200x740.jpg 1200w, https:\/\/tvtecjundiai.com.br\/news\/wp-content\/uploads\/sites\/2\/2023\/02\/Dr.-Breno-alerta-para-prevencao-sintomas-e-tratamento-do-cancer-de-intestino-300x185.jpg 300w, https:\/\/tvtecjundiai.com.br\/news\/wp-content\/uploads\/sites\/2\/2023\/02\/Dr.-Breno-alerta-para-prevencao-sintomas-e-tratamento-do-cancer-de-intestino-768x473.jpg 768w, https:\/\/tvtecjundiai.com.br\/news\/wp-content\/uploads\/sites\/2\/2023\/02\/Dr.-Breno-alerta-para-prevencao-sintomas-e-tratamento-do-cancer-de-intestino.jpg 1280w\" sizes=\"auto, (max-width: 626px) 100vw, 626px\" \/><figcaption class=\"wp-element-caption\">Foto: Assessoria Hospital S\u00e3o Vicente<\/figcaption><\/figure>\n<\/div>\n\n\n<p><strong>Fatores de Risco<\/strong><\/p>\n\n\n\n<p>Os fatores de risco s\u00e3o condi\u00e7\u00f5es e problemas que aumentam as chances de uma pessoa de desenvolver doen\u00e7as. No caso do c\u00e2ncer de intestino, est\u00e3o mais propensas pessoas com 50 anos ou mais, com excesso de peso corporal, alimenta\u00e7\u00e3o n\u00e3o saud\u00e1vel e pobre em frutas, vegetais e outros alimentos que contenham fibras, consumo de carnes processadas como salsicha, mortadela, lingui\u00e7a, presunto, bacon e demais embutidos, al\u00e9m da ingest\u00e3o excessiva de carne vermelha (acima de 500 gramas de carne por semana). Tamb\u00e9m s\u00e3o fatores de risco o tabagismo e o consumo de bebidas alco\u00f3licas, quando a quantidade ingerida \u00e9 superior a 30 gramas de etanol por dia.<\/p>\n\n\n\n<p>\u201cOutros fatores relacionados \u00e0 maior chance de desenvolvimento da doen\u00e7a s\u00e3o hist\u00f3ria familiar de c\u00e2ncer de intestino, doen\u00e7as inflamat\u00f3rias como retocolite ulcerativa cr\u00f4nica e doen\u00e7a de Crohn, bem como doen\u00e7as heredit\u00e1rias, como polipose adenomatosa familiar e c\u00e2ncer colorretal heredit\u00e1rio sem polipose\u201d, completa Breno Reiss.<\/p>\n\n\n\n<p><strong>Sintomas e Detec\u00e7\u00e3o<\/strong><\/p>\n\n\n\n<p>A percep\u00e7\u00e3o do pr\u00f3prio corpo \u00e9 o caminho para detec\u00e7\u00e3o de diversas doen\u00e7as, inclusive o c\u00e2ncer de intestino. A presen\u00e7a de sangue nas fezes, diarreia e pris\u00e3o de ventre de forma alternada, dor ou desconforto abdominal, fraqueza e anemia de causa n\u00e3o esclarecida, perda de peso sem causa aparente, altera\u00e7\u00e3o na forma das fezes, sendo estas muito finas e compridas, at\u00e9 a palpa\u00e7\u00e3o de massa no abdome, s\u00e3o os sintomas principais da patologia.<\/p>\n\n\n\n<p>A detec\u00e7\u00e3o precoce pode ser feita por meio da investiga\u00e7\u00e3o com exames cl\u00ednicos, laboratoriais, endosc\u00f3picos, como colonoscopia ou retossigmoidoscopias, radiol\u00f3gicos em casos de pessoas com ou sem sintomas sugestivos da doen\u00e7a para rastreamento, assim como em indiv\u00edduos acima de 50 anos, como preconizado pela Organiza\u00e7\u00e3o Mundial de Sa\u00fade. O diagn\u00f3stico requer bi\u00f3psia.<\/p>\n\n\n\n<p><strong>Preven\u00e7\u00e3o e Tratamento<\/strong><\/p>\n\n\n\n<p>O m\u00e9dico especialista explica que a cirurgia \u00e9 o tratamento inicial, retirando parte do intestino afetado e os g\u00e2nglios linf\u00e1ticos, que s\u00e3o pequenas estruturas que fazem parte do nosso sistema de defesa do corpo, de dentro do abdome. \u201cOutras etapas do tratamento incluem a radioterapia, como para tumores do reto, associada ou n\u00e3o \u00e0 quimioterapia, para diminuir a possibilidade de retorno do tumor. O tratamento depende principalmente do tamanho, localiza\u00e7\u00e3o e extens\u00e3o do tumor. Quando a doen\u00e7a est\u00e1 espalhada, com met\u00e1stases, as chances de cura ficam reduzidas\u201d.<\/p>\n\n\n\n<p>Desta forma, o c\u00e2ncer de intestino est\u00e1 fortemente associado aos h\u00e1bitos de alimenta\u00e7\u00e3o, nutri\u00e7\u00e3o e atividade f\u00edsica, somada ao grau de estresse elevado nos dias atuais. \u201cA incid\u00eancia da doen\u00e7a vem aumentando muito nos \u00faltimos anos e, em paralelo, observa-se que a popula\u00e7\u00e3o est\u00e1 cada vez mais exposta aos fatores de risco e menos interessada nos fatores de prote\u00e7\u00e3o, como pessoas jovens abaixo de 50 anos, visto estilo de vida prejudicial, aumento excessivo do consumo de \u00e1lcool e carnes processadas\u201d.<\/p>\n\n\n\n<p>A preven\u00e7\u00e3o \u00e9 o caminho. Pratique atividades f\u00edsicas regularmente, n\u00e3o fume, evite o consumo excessivo de bebidas alco\u00f3licas, alimentos gordurosos, carne vermelha e embutidos. \u201cOrientamos que as pessoas ingiram diariamente de 20 a 30g de fibras, frutas e verduras, e tenha uma dieta rica em vegetais, que ajudam no desempenho intestinal e evitam inflama\u00e7\u00f5es\u201d, ressalta o oncologista.<\/p>\n\n\n\n<p><strong><em>(Fonte: Assessoria Hospital S\u00e3o Vicente\/Imagens: Canva e <strong><em>Assessoria Hospital S\u00e3o Vicente<\/em><\/strong>)<\/em><\/strong><\/p>\n","protected":false},"excerpt":{"rendered":"<p>Estimativa \u00e9 de que sejam registrados 45 mil novos casos de c\u00e2ncer de intestino em 2023 no Brasil<\/p>\n","protected":false},"author":30,"featured_media":104440,"comment_status":"closed","ping_status":"0","sticky":false,"template":"","format":"standard","meta":{"footnotes":""},"categories":[8356,1,2839,8355],"tags":[],"class_list":["post-104439","post","type-post","status-publish","format-standard","has-post-thumbnail","hentry","category-jundiai","category-noticias","category-saude","category-saude-3"],"_links":{"self":[{"href":"https:\/\/tvtecjundiai.com.br\/news\/wp-json\/wp\/v2\/posts\/104439","targetHints":{"allow":["GET"]}}],"collection":[{"href":"https:\/\/tvtecjundiai.com.br\/news\/wp-json\/wp\/v2\/posts"}],"about":[{"href":"https:\/\/tvtecjundiai.com.br\/news\/wp-json\/wp\/v2\/types\/post"}],"author":[{"embeddable":true,"href":"https:\/\/tvtecjundiai.com.br\/news\/wp-json\/wp\/v2\/users\/30"}],"replies":[{"embeddable":true,"href":"https:\/\/tvtecjundiai.com.br\/news\/wp-json\/wp\/v2\/comments?post=104439"}],"version-history":[{"count":1,"href":"https:\/\/tvtecjundiai.com.br\/news\/wp-json\/wp\/v2\/posts\/104439\/revisions"}],"predecessor-version":[{"id":104442,"href":"https:\/\/tvtecjundiai.com.br\/news\/wp-json\/wp\/v2\/posts\/104439\/revisions\/104442"}],"wp:featuredmedia":[{"embeddable":true,"href":"https:\/\/tvtecjundiai.com.br\/news\/wp-json\/wp\/v2\/media\/104440"}],"wp:attachment":[{"href":"https:\/\/tvtecjundiai.com.br\/news\/wp-json\/wp\/v2\/media?parent=104439"}],"wp:term":[{"taxonomy":"category","embeddable":true,"href":"https:\/\/tvtecjundiai.com.br\/news\/wp-json\/wp\/v2\/categories?post=104439"},{"taxonomy":"post_tag","embeddable":true,"href":"https:\/\/tvtecjundiai.com.br\/news\/wp-json\/wp\/v2\/tags?post=104439"}],"curies":[{"name":"wp","href":"https:\/\/api.w.org\/{rel}","templated":true}]}}