{"id":104443,"date":"2023-02-03T12:09:17","date_gmt":"2023-02-03T15:09:17","guid":{"rendered":"https:\/\/tvtecjundiai.com.br\/news\/?p=104443"},"modified":"2023-02-03T12:09:18","modified_gmt":"2023-02-03T15:09:18","slug":"paco-rabanne-estilista-espanhol-morre-aos-88-anos","status":"publish","type":"post","link":"https:\/\/tvtecjundiai.com.br\/news\/2023\/02\/03\/paco-rabanne-estilista-espanhol-morre-aos-88-anos\/","title":{"rendered":"Paco Rabanne, estilista espanhol, morre aos 88 anos"},"content":{"rendered":"\n<p>O estilista espanhol Paco Rabanne morreu aos 88 anos. A informa\u00e7\u00e3o foi confirmada nesta sexta-feira (3) pelo grupo Puig, que controla a marca Paco Rabanne.<\/p>\n\n\n\n<p>Segundo o jornal franc\u00eas &#8220;Le Monde&#8221;, ele morreu em Portsall, na Fran\u00e7a. &#8220;Estou profundamente triste com a morte do Sr. Paco Rabanne&#8221;, disse Marc Puig, presidente e CEO da Puig. A causa da morte n\u00e3o foi revelada.<\/p>\n\n\n<div class=\"wp-block-image\">\n<figure class=\"aligncenter size-full is-resized\"><img loading=\"lazy\" decoding=\"async\" src=\"https:\/\/tvtecjundiai.com.br\/news\/wp-content\/uploads\/sites\/2\/2023\/02\/WhatsApp-Image-2023-02-03-at-12.07.19.jpeg\" alt=\"\" class=\"wp-image-104444\" width=\"570\" height=\"472\" srcset=\"https:\/\/tvtecjundiai.com.br\/news\/wp-content\/uploads\/sites\/2\/2023\/02\/WhatsApp-Image-2023-02-03-at-12.07.19.jpeg 640w, https:\/\/tvtecjundiai.com.br\/news\/wp-content\/uploads\/sites\/2\/2023\/02\/WhatsApp-Image-2023-02-03-at-12.07.19-300x248.jpeg 300w\" sizes=\"auto, (max-width: 570px) 100vw, 570px\" \/><\/figure>\n<\/div>\n\n\n<p>O estilista virou sin\u00f4nimo de perfumes best-sellers e ficou conhecido por ousar em seus desfiles, com o uso de novos materiais como metal, pl\u00e1stico, alum\u00ednio, fibra \u00f3tica, concreto e muitos outros.<\/p>\n\n\n\n<p>Francisco Rabaneda y Cuervo, nome real dele, despontou com conjuntos met\u00e1licos e designs inspirados na era espacial da d\u00e9cada de 1960.<\/p>\n\n\n\n<p>Na inf\u00e2ncia, ele se apaixonou pelas artes, sobretudo pela pintura. Ele come\u00e7ou a desenhar aos sete anos, e sua habilidade chegou a &#8220;um n\u00edvel muito elevado&#8221; quando estudou arquitetura, \u00e1rea da qual extraiu ideias que posteriormente aplicou \u00e0 moda.<\/p>\n\n\n\n<p>Rabane nasceu em 18 de fevereiro de 1934, em Pasaia, prov\u00edncia de Guipuscoa, parte do Pa\u00eds Basco espanhol. Sua entrada no mundo da moda foi por meio da m\u00e3e, que trabalhava para Cristobal Balenciaga.<\/p>\n\n\n\n<p>Aos 17 anos, mudou-se para Paris onde estudou arquitetura durante 10 anos na Ecole Nationale des Beaux-Arts. O ex\u00edlio na Fran\u00e7a foi durante a Guerra Civil espanhola (1936-39).<\/p>\n\n\n\n<p>A estreia como estilista ocorreu em 1964, quando chamou aten\u00e7\u00e3o n\u00e3o apenas pelos vestidos experimentais, mas tamb\u00e9m pelo fato de as modelos estarem descal\u00e7as.<\/p>\n\n\n\n<p>Outra paix\u00e3o de Paco Rabane era o esoterismo, sobre o qual escreveu v\u00e1rios livros de sucesso. No final da d\u00e9cada de 1990, passou a ser presen\u00e7a constante na televis\u00e3<\/p>\n\n\n\n<p><strong><em>(Fonte: g1\/Imagem: Divulga\u00e7\u00e3o\/Instagram @pacorabanne)<\/em><\/strong><\/p>\n","protected":false},"excerpt":{"rendered":"<p>Morte foi confirmada pelo grupo Puig, que controla a marca Paco Rabanne<\/p>\n","protected":false},"author":30,"featured_media":104444,"comment_status":"closed","ping_status":"0","sticky":false,"template":"","format":"standard","meta":{"footnotes":""},"categories":[3084,1],"tags":[],"class_list":["post-104443","post","type-post","status-publish","format-standard","has-post-thumbnail","hentry","category-mundo","category-noticias"],"_links":{"self":[{"href":"https:\/\/tvtecjundiai.com.br\/news\/wp-json\/wp\/v2\/posts\/104443","targetHints":{"allow":["GET"]}}],"collection":[{"href":"https:\/\/tvtecjundiai.com.br\/news\/wp-json\/wp\/v2\/posts"}],"about":[{"href":"https:\/\/tvtecjundiai.com.br\/news\/wp-json\/wp\/v2\/types\/post"}],"author":[{"embeddable":true,"href":"https:\/\/tvtecjundiai.com.br\/news\/wp-json\/wp\/v2\/users\/30"}],"replies":[{"embeddable":true,"href":"https:\/\/tvtecjundiai.com.br\/news\/wp-json\/wp\/v2\/comments?post=104443"}],"version-history":[{"count":1,"href":"https:\/\/tvtecjundiai.com.br\/news\/wp-json\/wp\/v2\/posts\/104443\/revisions"}],"predecessor-version":[{"id":104445,"href":"https:\/\/tvtecjundiai.com.br\/news\/wp-json\/wp\/v2\/posts\/104443\/revisions\/104445"}],"wp:featuredmedia":[{"embeddable":true,"href":"https:\/\/tvtecjundiai.com.br\/news\/wp-json\/wp\/v2\/media\/104444"}],"wp:attachment":[{"href":"https:\/\/tvtecjundiai.com.br\/news\/wp-json\/wp\/v2\/media?parent=104443"}],"wp:term":[{"taxonomy":"category","embeddable":true,"href":"https:\/\/tvtecjundiai.com.br\/news\/wp-json\/wp\/v2\/categories?post=104443"},{"taxonomy":"post_tag","embeddable":true,"href":"https:\/\/tvtecjundiai.com.br\/news\/wp-json\/wp\/v2\/tags?post=104443"}],"curies":[{"name":"wp","href":"https:\/\/api.w.org\/{rel}","templated":true}]}}