{"id":104446,"date":"2023-02-03T13:57:29","date_gmt":"2023-02-03T16:57:29","guid":{"rendered":"https:\/\/tvtecjundiai.com.br\/news\/?p=104446"},"modified":"2023-02-03T14:04:28","modified_gmt":"2023-02-03T17:04:28","slug":"agenda-cultural-programacao-imperdivel-neste-fim-de-semana-em-jundiai","status":"publish","type":"post","link":"https:\/\/tvtecjundiai.com.br\/news\/2023\/02\/03\/agenda-cultural-programacao-imperdivel-neste-fim-de-semana-em-jundiai\/","title":{"rendered":"Agenda Cultural: programa\u00e7\u00e3o imperd\u00edvel neste fim de semana em Jundia\u00ed"},"content":{"rendered":"\n<p>As op\u00e7\u00f5es de cultura, entretenimento e lazer neste final de semana em Jundia\u00ed est\u00e3o imperd\u00edveis. A Festa da Uva e Expo Vinhos entra na sua reta final, com uma programa\u00e7\u00e3o de shows musicais, performances teatrais, variada gastronomia, venda de uvas e outras frutas, artesanato para uso pessoal e decora\u00e7\u00e3o e divers\u00e3o garantida para o p\u00fablico que comparecer ao Parque Comendador Ant\u00f4nio Carbonari \u2013 Parque da Uva e o melhor, com entrada gratuita.<\/p>\n\n\n\n<p>Para conferir toda programa\u00e7\u00e3o cultural nos tr\u00eas \u00faltimos dias de Festa da Uva, basta acessar o <a href=\"https:\/\/festadauva.jundiai.sp.gov.br\/\" data-type=\"URL\" data-id=\"https:\/\/festadauva.jundiai.sp.gov.br\/\">site oficial do evento<\/a> que j\u00e1 recebeu mais de 160 mil visitantes.<\/p>\n\n\n\n<figure class=\"wp-block-image size-full\"><img loading=\"lazy\" decoding=\"async\" width=\"1180\" height=\"960\" src=\"https:\/\/tvtecjundiai.com.br\/news\/wp-content\/uploads\/sites\/2\/2023\/02\/festauva-1.jpg\" alt=\"\" class=\"wp-image-104449\" srcset=\"https:\/\/tvtecjundiai.com.br\/news\/wp-content\/uploads\/sites\/2\/2023\/02\/festauva-1.jpg 1180w, https:\/\/tvtecjundiai.com.br\/news\/wp-content\/uploads\/sites\/2\/2023\/02\/festauva-1-300x244.jpg 300w, https:\/\/tvtecjundiai.com.br\/news\/wp-content\/uploads\/sites\/2\/2023\/02\/festauva-1-768x625.jpg 768w\" sizes=\"auto, (max-width: 1180px) 100vw, 1180px\" \/><figcaption class=\"wp-element-caption\">A Corte da Uva sempre uma atra\u00e7\u00e3o na programa\u00e7\u00e3o da festa<\/figcaption><\/figure>\n\n\n\n<p><strong><a rel=\"noreferrer noopener\" href=\"https:\/\/www.flickr.com\/photos\/prefeituradejundiai\/albums\/72177720305275284\" target=\"_blank\">CONFIRA AS FOTOS DA FESTA<\/a><\/strong><\/p>\n\n\n\n<p>A programa\u00e7\u00e3o elaborada pela Unidade de Gest\u00e3o de Cultura (UGC) para os seus equipamentos culturais neste final de semana s\u00e3o os seguintes:<\/p>\n\n\n\n<p><strong>F\u00e1brica das Inf\u00e2ncias Japy<\/strong><\/p>\n\n\n\n<p>A F\u00e1brica das Inf\u00e2ncias Japy recebe neste final de semana as seguintes apresenta\u00e7\u00f5es gratuitas para o p\u00fablico infanto-juvenil:<\/p>\n\n\n\n<p>No s\u00e1bado (04), a partir das 10h30, \u201cViv\u00eancia em rede de corda\u201d, com monitoramento da equipe Gravidade Zero, sob a coordena\u00e7\u00e3o de Anderson Redressi. A atividade f\u00edsica voltada para crian\u00e7as entre 04 e 12 anos. A proposta \u00e9 oferecer aos participantes atividades de aventura em uma rede de corda que se assemelha a uma teia de aranha.<\/p>\n\n\n<div class=\"wp-block-image\">\n<figure class=\"aligncenter size-large is-resized\"><img loading=\"lazy\" decoding=\"async\" src=\"https:\/\/tvtecjundiai.com.br\/news\/wp-content\/uploads\/sites\/2\/2023\/02\/rede-de-corda-1-768x960.jpeg\" alt=\"\" class=\"wp-image-104452\" width=\"490\" height=\"613\" srcset=\"https:\/\/tvtecjundiai.com.br\/news\/wp-content\/uploads\/sites\/2\/2023\/02\/rede-de-corda-1-768x960.jpeg 768w, https:\/\/tvtecjundiai.com.br\/news\/wp-content\/uploads\/sites\/2\/2023\/02\/rede-de-corda-1-300x375.jpeg 300w, https:\/\/tvtecjundiai.com.br\/news\/wp-content\/uploads\/sites\/2\/2023\/02\/rede-de-corda-1-1229x1536.jpeg 1229w, https:\/\/tvtecjundiai.com.br\/news\/wp-content\/uploads\/sites\/2\/2023\/02\/rede-de-corda-1.jpeg 1280w\" sizes=\"auto, (max-width: 490px) 100vw, 490px\" \/><figcaption class=\"wp-element-caption\">Viv\u00eancia em rede de corda neste s\u00e1bado.<\/figcaption><\/figure>\n<\/div>\n\n\n<p>Para o domingo (05), tamb\u00e9m \u00e0s 10h30, Giba Pedroza apresenta \u201cConversa de Vento: Brincando de Poesia\u201d. Viv\u00eancia para crian\u00e7as, pais e respons\u00e1veis com atividades l\u00fadicas envolvendo poesia com o objetivo de despertar nos participantes o amor pelos livros e pela Literatura.<\/p>\n\n\n\n<p>A F\u00e1brica Japy est\u00e1 localizada na rua Lacerda Franco, 175, Vila Arens. Mais informa\u00e7\u00f5es 4521.0971. Hor\u00e1rio de funcionamento no s\u00e1bado e domingo \u00e9 das 9h \u00e0s 13h.<\/p>\n\n\n\n<p><strong>Teatro Polytheama<\/strong><\/p>\n\n\n\n<p>O espet\u00e1culo de humor \u201cImprov\u00e1vel\u201d, com a Cia. Barbixas de Humor (Anderson Bizzocchi, Daniel Nascimento, Elidio Sanna) \u00e9 o destaque no palco do teatro neste s\u00e1bado (04). Ser\u00e3o duas sess\u00f5es: 19h (sess\u00e3o extra) e 21h segunda sess\u00e3o. Ingressos variam de R$ 70 a R$ 90.<\/p>\n\n\n\n<p>O espet\u00e1culo Improv\u00e1vel foi criado em 2007, inspirado no programa de televis\u00e3o brit\u00e2nico Whose Line is It Anyway? e nos espet\u00e1culos brasileiros de improvisa\u00e7\u00e3o teatral Zenas Emprovisadas (ZE) e Jogando no Quintal.<\/p>\n\n\n\n<figure class=\"wp-block-image size-large\"><img loading=\"lazy\" decoding=\"async\" width=\"1200\" height=\"900\" src=\"https:\/\/tvtecjundiai.com.br\/news\/wp-content\/uploads\/sites\/2\/2023\/02\/barbixas-1200x900.jpg\" alt=\"\" class=\"wp-image-104462\" srcset=\"https:\/\/tvtecjundiai.com.br\/news\/wp-content\/uploads\/sites\/2\/2023\/02\/barbixas-1200x900.jpg 1200w, https:\/\/tvtecjundiai.com.br\/news\/wp-content\/uploads\/sites\/2\/2023\/02\/barbixas-300x225.jpg 300w, https:\/\/tvtecjundiai.com.br\/news\/wp-content\/uploads\/sites\/2\/2023\/02\/barbixas-768x576.jpg 768w, https:\/\/tvtecjundiai.com.br\/news\/wp-content\/uploads\/sites\/2\/2023\/02\/barbixas.jpg 1280w\" sizes=\"auto, (max-width: 1200px) 100vw, 1200px\" \/><figcaption class=\"wp-element-caption\">Os \u201cBarbixas do Humor\u201d de volta no Polytheama com duas sess\u00f5es no s\u00e1bado<br><\/figcaption><\/figure>\n\n\n\n<p>Neste espet\u00e1culo teatral, um mestre de cerim\u00f4nias apresenta as regras dos jogos, a plateia sugere os temas e os atores improvisam as cenas na hora e sem nenhuma prepara\u00e7\u00e3o pr\u00e9via. Assim, nunca uma apresenta\u00e7\u00e3o \u00e9 igual \u00e0 outra \u2013 fazendo com que o p\u00fablico retorne sempre.<\/p>\n\n\n\n<p>Os ingressos podem ser adquiridos na bilheteria do teatro e&nbsp;<a rel=\"noreferrer noopener\" href=\"https:\/\/www.sympla.com.br\/eventos?s=polytheama&amp;tab=eventos&amp;ordem=date\" target=\"_blank\"><strong>pela internet, na plataforma Sympla<\/strong><\/a>.<\/p>\n\n\n\n<p>O Polytheama fica na rua Bar\u00e3o de Jundia\u00ed, 176 \u2013 Centro. Mais informa\u00e7\u00f5es pelo telefone 4586-2472.<\/p>\n\n\n\n<p><strong>Galeria de Artes Fernanda Milani (anexa) ao teatro Polytheama<\/strong><\/p>\n\n\n\n<p>O p\u00fablico poder\u00e1 conferir a exposi\u00e7\u00e3o \u201cNebulosas\u201d, da artista Gina Dinucci, mestra em Artes Visuais pela Universidade Estadual Paulista (IA-Unesp).<\/p>\n\n\n\n<figure class=\"wp-block-gallery has-nested-images columns-default is-cropped wp-block-gallery-1 is-layout-flex wp-block-gallery-is-layout-flex\">\n<figure class=\"wp-block-image size-large\"><img loading=\"lazy\" decoding=\"async\" width=\"1200\" height=\"368\" data-id=\"104455\" src=\"https:\/\/tvtecjundiai.com.br\/news\/wp-content\/uploads\/sites\/2\/2023\/02\/nebulosa1-1200x368.jpg\" alt=\"\" class=\"wp-image-104455\" srcset=\"https:\/\/tvtecjundiai.com.br\/news\/wp-content\/uploads\/sites\/2\/2023\/02\/nebulosa1-1200x368.jpg 1200w, https:\/\/tvtecjundiai.com.br\/news\/wp-content\/uploads\/sites\/2\/2023\/02\/nebulosa1-300x92.jpg 300w, https:\/\/tvtecjundiai.com.br\/news\/wp-content\/uploads\/sites\/2\/2023\/02\/nebulosa1-768x235.jpg 768w, https:\/\/tvtecjundiai.com.br\/news\/wp-content\/uploads\/sites\/2\/2023\/02\/nebulosa1.jpg 1280w\" sizes=\"auto, (max-width: 1200px) 100vw, 1200px\" \/><figcaption class=\"wp-element-caption\">Grandes paineis comp\u00f5em a exposi\u00e7\u00e3o \u201cNebulosas\u201d de Gina Dinucci<\/figcaption><\/figure>\n<\/figure>\n\n\n\n<p>O projeto constitui-se em cinco pinturas produzidas em aquarela sobre papel de 1,5mx4,9m, resultado das ilustra\u00e7\u00f5es criadas para um projeto futuro: um livro infantil.<\/p>\n\n\n\n<p>O hor\u00e1rio de funcionamento da Galeria \u00e9 de ter\u00e7a a sexta-feira das 9h \u00e0s 12h e das 13h \u00e0s 17h; e aos s\u00e1bados das 10h \u00e0s 13h. Entrada gratuita.<\/p>\n\n\n\n<p><strong>Biblioteca Nelson Foot (BNF)<\/strong><\/p>\n\n\n\n<p>A partir deste s\u00e1bado (04), a Biblioteca tem novo hor\u00e1rio de funcionamento: das 10h \u00e0s 17h, o mesmo ocorrendo aos feriados.<\/p>\n\n\n\n<p>A programa\u00e7\u00e3o \u00e9 bem diferente neste s\u00e1bado. A partir das 10h at\u00e9 \u00e0s 16h, a&nbsp; BNF sedia o Conclave de RPG. O RPG (Role Playing Game) \u00e9 um jogo interpretativo que pode ser jogado presencialmente e hoje em dia, tamb\u00e9m por meio de plataformas digitais.<\/p>\n\n\n\n<figure class=\"wp-block-image size-large\"><img loading=\"lazy\" decoding=\"async\" width=\"1200\" height=\"900\" src=\"https:\/\/tvtecjundiai.com.br\/news\/wp-content\/uploads\/sites\/2\/2023\/02\/rpg2-1200x900.jpeg\" alt=\"\" class=\"wp-image-104453\" srcset=\"https:\/\/tvtecjundiai.com.br\/news\/wp-content\/uploads\/sites\/2\/2023\/02\/rpg2-1200x900.jpeg 1200w, https:\/\/tvtecjundiai.com.br\/news\/wp-content\/uploads\/sites\/2\/2023\/02\/rpg2-300x225.jpeg 300w, https:\/\/tvtecjundiai.com.br\/news\/wp-content\/uploads\/sites\/2\/2023\/02\/rpg2-768x576.jpeg 768w, https:\/\/tvtecjundiai.com.br\/news\/wp-content\/uploads\/sites\/2\/2023\/02\/rpg2.jpeg 1280w\" sizes=\"auto, (max-width: 1200px) 100vw, 1200px\" \/><figcaption class=\"wp-element-caption\">Conclave de RPG vai movimentar a BNF neste s\u00e1bado<\/figcaption><\/figure>\n\n\n\n<p>Vivenciar aventuras interpretando um personagem criado por voc\u00ea dentro dos mais diversos cen\u00e1rios e mundos, \u00e9 assim que funciona esse jogo. Por meio de um narrador nominado como Mestre, os jogadores participam de hist\u00f3rias onde declaram as a\u00e7\u00f5es de seus personagens determinando o rumo da narrativa. H\u00e1 diversos sistemas diferentes no universo do RPG, cada qual com suas regras e que, na maioria, seguem fichas impressas com as habilidades e caracter\u00edsticas dos personagens criados pelos jogadores. Suas a\u00e7\u00f5es s\u00e3o realizadas mediante rolagem de dados que mostram se elas s\u00e3o bem-sucedidas ou falhas.<\/p>\n\n\n\n<p>Percebendo a car\u00eancia e o entusiasmo de um p\u00fablico procurando por grupos de RPG na regi\u00e3o de Jundia\u00ed, amigos se reuniram e criaram o Conclave RPG, um time de mestres e jogadores com a proposta de organizar eventos onde esses jogos podem ser compartilhados com jogadores experientes e iniciantes. Em seu primeiro evento, o Conclave RPG reuniu mais de 70 pessoas. Com a ajuda das redes sociais, anseiam em se tornar um nome dentro deste universo que \u00e9 uma grande paix\u00e3o de seus membros.<\/p>\n\n\n\n<p>A Biblioteca est\u00e1 localizada na avenida Dr. Cavalcanti, 396 \u2013 Complexo Argos, Vila Arens. A entrada \u00e9 gratuita e o hor\u00e1rio de atendimento durante a semana \u00e9 das 9h \u00e0s 21h e aos s\u00e1bados e feriados das 10h \u00e0s 17h.&nbsp; Mais informa\u00e7\u00f5es 4527.2110.<\/p>\n\n\n\n<p><a href=\"https:\/\/cultura.jundiai.sp.gov.br\/espacos-culturais\/museu-historico-e-cultural-de-jundiai\/\"><strong>Museu Hist\u00f3rico e Cultural de Jundia\u00ed<\/strong><\/a><\/p>\n\n\n\n<p>O Museu Hist\u00f3rico e Cultural \u2013 Solar do Bar\u00e3o, bem como seu jardim, s\u00e3o uma excelente op\u00e7\u00e3o de lazer e cultura. A exposi\u00e7\u00e3o \u201cPatrim\u00f4nios Culturais de Jundia\u00ed\u201d \u00e9 o destaque no local. Com entrada gratuita, a exposi\u00e7\u00e3o \u00e9 uma viagem pelas salas, por acervos que constroem m\u00faltiplas, por\u00e9m nem sempre percept\u00edveis, identidades culturais de Jundia\u00ed, rendendo uma homenagem a lugares e personalidades relevantes da Hist\u00f3ria da cidade.<\/p>\n\n\n<div class=\"wp-block-image\">\n<figure class=\"aligncenter size-large is-resized\"><img loading=\"lazy\" decoding=\"async\" src=\"https:\/\/tvtecjundiai.com.br\/news\/wp-content\/uploads\/sites\/2\/2023\/02\/museu2-1200x800.jpg\" alt=\"\" class=\"wp-image-104454\" width=\"616\" height=\"411\" srcset=\"https:\/\/tvtecjundiai.com.br\/news\/wp-content\/uploads\/sites\/2\/2023\/02\/museu2-1200x800.jpg 1200w, https:\/\/tvtecjundiai.com.br\/news\/wp-content\/uploads\/sites\/2\/2023\/02\/museu2-300x200.jpg 300w, https:\/\/tvtecjundiai.com.br\/news\/wp-content\/uploads\/sites\/2\/2023\/02\/museu2-768x512.jpg 768w, https:\/\/tvtecjundiai.com.br\/news\/wp-content\/uploads\/sites\/2\/2023\/02\/museu2.jpg 1280w\" sizes=\"auto, (max-width: 616px) 100vw, 616px\" \/><figcaption class=\"wp-element-caption\">Instrumentos m\u00e9dicos de antigos hospitais da cidade comp\u00f5em o acervo.<\/figcaption><\/figure>\n<\/div>\n\n\n<p>O Solar do Bar\u00e3o est\u00e1 localizado na rua Bar\u00e3o de Jundia\u00ed, 762, Centro. Aberto na sexta, s\u00e1bado e domingo, das 10h \u00e0s 17h. Mais informa\u00e7\u00f5es 4521.6259.<\/p>\n\n\n\n<p><strong>Museu Ferrovi\u00e1rio<\/strong><\/p>\n\n\n\n<p>No local o visitante poder\u00e1 conferir a exposi\u00e7\u00e3o: \u201cFerrovias\u2026 muito al\u00e9m dos trilhos\u201d, que, dividida em duas salas, \u00e9 uma homenagem \u00e0s contribui\u00e7\u00f5es da ferrovia e dos ferrovi\u00e1rios, tanto no mundo, como no Brasil e em Jundia\u00ed.<\/p>\n\n\n\n<p>Por meio de documentos, fotos, r\u00e9plicas e pain\u00e9is interativos, a exposi\u00e7\u00e3o visa narrar n\u00e3o s\u00f3 a import\u00e2ncia da ferrovia para o desenvolvimento local e mundial, como tamb\u00e9m a import\u00e2ncia de seus trabalhadores e trabalhadoras.<\/p>\n\n\n<div class=\"wp-block-image\">\n<figure class=\"aligncenter size-large is-resized\"><img loading=\"lazy\" decoding=\"async\" src=\"https:\/\/tvtecjundiai.com.br\/news\/wp-content\/uploads\/sites\/2\/2023\/02\/ferroviario1-1200x800.jpg\" alt=\"\" class=\"wp-image-104459\" width=\"679\" height=\"453\" srcset=\"https:\/\/tvtecjundiai.com.br\/news\/wp-content\/uploads\/sites\/2\/2023\/02\/ferroviario1-1200x800.jpg 1200w, https:\/\/tvtecjundiai.com.br\/news\/wp-content\/uploads\/sites\/2\/2023\/02\/ferroviario1-300x200.jpg 300w, https:\/\/tvtecjundiai.com.br\/news\/wp-content\/uploads\/sites\/2\/2023\/02\/ferroviario1-768x512.jpg 768w, https:\/\/tvtecjundiai.com.br\/news\/wp-content\/uploads\/sites\/2\/2023\/02\/ferroviario1.jpg 1280w\" sizes=\"auto, (max-width: 679px) 100vw, 679px\" \/><figcaption class=\"wp-element-caption\">Um rico e diversificado acervo em exposi\u00e7\u00e3o.<\/figcaption><\/figure>\n<\/div>\n\n\n<p>O Museu Ferrovi\u00e1rio est\u00e1 localizado na avenida Uni\u00e3o dos Ferrovi\u00e1rios, 1.760 \u2013 Espa\u00e7o Expressa (antigo Complexo Fepasa). Aberto de ter\u00e7a-feira a domingo, (inclusive nos feriados) das 10h \u00e0s 17h. Entrada gratuita. Mais informa\u00e7\u00f5es: 4589.6800<\/p>\n\n\n\n<p><a href=\"https:\/\/cultura.jundiai.sp.gov.br\/espacos-culturais\/centro-jundiaiense-de-cultura-jorosil\/pinacoteca-diogenes-duarte-paes\/\"><strong>Pinacoteca Municipal Di\u00f3genes Duarte Paes<\/strong><\/a><\/p>\n\n\n\n<p>Com entrada gratuita o p\u00fablico poder\u00e1 visitar a exposi\u00e7\u00e3o \u201cPalavras em Coisas\u201d, que re\u00fane as obras das artistas Anna Souza e Camila Brand\u00e3o, uma mostra que mobiliza a sobreposi\u00e7\u00e3o de sentidos dentro das m\u00faltiplas linguagens das artes visuais, flexionando as manifesta\u00e7\u00f5es semi\u00f3ticas da lingu\u00edstica e construindo plasticamente um universo de possibilidades.<\/p>\n\n\n\n<figure class=\"wp-block-image size-large\"><img loading=\"lazy\" decoding=\"async\" width=\"1200\" height=\"900\" src=\"https:\/\/tvtecjundiai.com.br\/news\/wp-content\/uploads\/sites\/2\/2023\/02\/expo3-1200x900.jpg\" alt=\"\" class=\"wp-image-104461\" srcset=\"https:\/\/tvtecjundiai.com.br\/news\/wp-content\/uploads\/sites\/2\/2023\/02\/expo3-1200x900.jpg 1200w, https:\/\/tvtecjundiai.com.br\/news\/wp-content\/uploads\/sites\/2\/2023\/02\/expo3-300x225.jpg 300w, https:\/\/tvtecjundiai.com.br\/news\/wp-content\/uploads\/sites\/2\/2023\/02\/expo3-768x576.jpg 768w, https:\/\/tvtecjundiai.com.br\/news\/wp-content\/uploads\/sites\/2\/2023\/02\/expo3.jpg 1280w\" sizes=\"auto, (max-width: 1200px) 100vw, 1200px\" \/><figcaption class=\"wp-element-caption\">Uma das instala\u00e7\u00f5es da exposi\u00e7\u00e3o \u201d Palavras em Coisas\u201d das artistas Anna Souza e Camila Brand\u00e3o.<\/figcaption><\/figure>\n\n\n\n<p>Outra possibilidade ser\u00e1 a de conferir as exposi\u00e7\u00f5es montadas com as obras da reserva t\u00e9cnica da Pinacoteca, como as obras de&nbsp;Di\u00f3genes Duarte Paes, \u00c9lvio Santiago e&nbsp;Inos Corradin.<\/p>\n\n\n\n<p>A Pinacoteca est\u00e1 localizada na rua Bar\u00e3o de Jundia\u00ed, 109, Centro e est\u00e1 aberta para visita\u00e7\u00e3o de ter\u00e7a-feira a domingo das 10h \u00e0s 17h, inclusive nos feriados. Mais informa\u00e7\u00f5es 4568.2326.<\/p>\n\n\n\n<p><strong><em>(Fonte: Prefeitura de Jundia\u00ed\/Imagens: Divulga\u00e7\u00e3o)<\/em><\/strong><\/p>\n","protected":false},"excerpt":{"rendered":"<p>Parque da Uva, Teatro Polytheama, Biblioteca Municipal e outro lugares para visitar.<\/p>\n","protected":false},"author":30,"featured_media":104463,"comment_status":"closed","ping_status":"0","sticky":false,"template":"","format":"standard","meta":{"footnotes":""},"categories":[2833,8356,8354,1],"tags":[],"class_list":["post-104446","post","type-post","status-publish","format-standard","has-post-thumbnail","hentry","category-cultura","category-jundiai","category-lazer","category-noticias"],"_links":{"self":[{"href":"https:\/\/tvtecjundiai.com.br\/news\/wp-json\/wp\/v2\/posts\/104446","targetHints":{"allow":["GET"]}}],"collection":[{"href":"https:\/\/tvtecjundiai.com.br\/news\/wp-json\/wp\/v2\/posts"}],"about":[{"href":"https:\/\/tvtecjundiai.com.br\/news\/wp-json\/wp\/v2\/types\/post"}],"author":[{"embeddable":true,"href":"https:\/\/tvtecjundiai.com.br\/news\/wp-json\/wp\/v2\/users\/30"}],"replies":[{"embeddable":true,"href":"https:\/\/tvtecjundiai.com.br\/news\/wp-json\/wp\/v2\/comments?post=104446"}],"version-history":[{"count":4,"href":"https:\/\/tvtecjundiai.com.br\/news\/wp-json\/wp\/v2\/posts\/104446\/revisions"}],"predecessor-version":[{"id":104466,"href":"https:\/\/tvtecjundiai.com.br\/news\/wp-json\/wp\/v2\/posts\/104446\/revisions\/104466"}],"wp:featuredmedia":[{"embeddable":true,"href":"https:\/\/tvtecjundiai.com.br\/news\/wp-json\/wp\/v2\/media\/104463"}],"wp:attachment":[{"href":"https:\/\/tvtecjundiai.com.br\/news\/wp-json\/wp\/v2\/media?parent=104446"}],"wp:term":[{"taxonomy":"category","embeddable":true,"href":"https:\/\/tvtecjundiai.com.br\/news\/wp-json\/wp\/v2\/categories?post=104446"},{"taxonomy":"post_tag","embeddable":true,"href":"https:\/\/tvtecjundiai.com.br\/news\/wp-json\/wp\/v2\/tags?post=104446"}],"curies":[{"name":"wp","href":"https:\/\/api.w.org\/{rel}","templated":true}]}}