{"id":104499,"date":"2023-02-04T13:20:28","date_gmt":"2023-02-04T16:20:28","guid":{"rendered":"https:\/\/tvtecjundiai.com.br\/news\/?p=104499"},"modified":"2023-02-04T13:20:34","modified_gmt":"2023-02-04T16:20:34","slug":"38a-festa-da-uva-alavanca-diferentes-servicos-em-jundiai","status":"publish","type":"post","link":"https:\/\/tvtecjundiai.com.br\/news\/2023\/02\/04\/38a-festa-da-uva-alavanca-diferentes-servicos-em-jundiai\/","title":{"rendered":"38\u00aa Festa da Uva alavanca diferentes servi\u00e7os em Jundia\u00ed"},"content":{"rendered":"\n<p>A 38\u00aa Festa da Uva e 9\u00aa Expo Vinhos de Jundia\u00ed chega no seu \u00faltimo final de semana com muito sucesso de p\u00fablico e venda de uvas. Al\u00e9m de todos os servi\u00e7os oferecidos e atra\u00e7\u00f5es culturais, o maior evento do agroneg\u00f3cio e do turismo de Jundia\u00ed movimenta servi\u00e7os que ajudam na movimenta\u00e7\u00e3o econ\u00f4mica&nbsp; de diversos setores como guias de turismo que trazem grupos de diversas cidades de todo o pa\u00eds, como tamb\u00e9m o transporte por aplicativo.<\/p>\n\n\n\n<p>\u201cA Festa da Uva, al\u00e9m de exaltar a nossa produ\u00e7\u00e3o de uvas e o turismo rural da cidade, movimenta outras \u00e1reas da economia no munic\u00edpio e divulga as boas pr\u00e1ticas de Jundia\u00ed como o programa Cidade das Crian\u00e7as e os servi\u00e7os de excel\u00eancia\u201d, declara o Prefeito Luiz Fernando Machado.&nbsp;<\/p>\n\n\n\n<p>Entre os profissionais que ampliaram o trabalho com o evento est\u00e3o os guias de turismo. Cassia Cristina Leite de Campos \u00e9 de Campinas e conta que trouxe, somente para o evento, ao menos 300 pessoas vindas de diversas cidades como Hortol\u00e2ndia, Campinas e at\u00e9 do Rio de Janeiro. \u201cO sucesso est\u00e1 acima das expectativas. Os turistas gostam dos shows, da pra\u00e7a de alimenta\u00e7\u00e3o, outro destaque&nbsp; \u00e9 o artesanato local\u201d, comentou.<\/p>\n\n\n\n<figure class=\"wp-block-image\"><img decoding=\"async\" src=\"https:\/\/jundiai.sp.gov.br\/noticias\/wp-content\/uploads\/sites\/32\/2023\/02\/38-festa-da-uva-e-9-expo-vinhos-jundiai-2023_fm_-110-1280x854.jpg\" alt=\"DESCRI\u00c7\u00c3O DA IMAGEM\nFoto de um grupo de pessoas na Festa da Uva.\" class=\"wp-image-310379\" \/><figcaption class=\"wp-element-caption\">Festa da Uva recebe grupos de diversas cidades do pa\u00eds<\/figcaption><\/figure>\n\n\n\n<p>\u201cJundia\u00ed tem a voca\u00e7\u00e3o do turismo rural e a Festa da Uva \u00e9 a celebra\u00e7\u00e3o e coroa\u00e7\u00e3o do sucesso do trabalho desenvolvido no agroneg\u00f3cio e no turismo da cidade ao longo de todo o ano\u201d, lembra o gestor da Unidade de Gest\u00e3o de Agroneg\u00f3cio, Abastecimento e Turismo (UGAAT), Eduardo Alvarez.<\/p>\n\n\n\n<p>Em\u00edlio Massagardi \u00e9 guia em Jundia\u00ed e trabalha com o turismo receptivo no evento. \u201cO pessoal vem para a Festa e aproveita para tamb\u00e9m conhecer as rotas, certamente muita gente vai querer voltar para conhecer mais e melhor os atrativos oferecidos por Jundia\u00ed. Os grupos com os quais tenho trabalho est\u00e3o se interessando pelas atra\u00e7\u00f5es culturais, querem participar da pisa da uva\u201d, comenta.<\/p>\n\n\n\n<p>Os guias de turismo s\u00e3o muito importantes no ciclo do turismo, pois apresentam e sugerem os destinos e conseguem oferecer ao visitante experi\u00eancias personalizadas para cada pessoa\/grupo. \u201cA Festa da Uva movimenta todos os elos da cadeia produtiva do turismo em nossa cidade e&nbsp; gera oportunidades para os guias de turismo atuarem. Conforme legisla\u00e7\u00e3o, todos os grupos de turistas devem estar acompanhados por guias de turismo e incentivamos que isso aconte\u00e7a.\u201d, lembra a diretora do Departamento de Turismo da UGAAT, Marcela Moro.<\/p>\n\n\n\n<figure class=\"wp-block-image\"><img decoding=\"async\" src=\"https:\/\/jundiai.sp.gov.br\/noticias\/wp-content\/uploads\/sites\/32\/2023\/02\/festa-da-uva-2023-andre-motorista-de-aplicativo_fm_-13-1280x854.jpg\" alt=\"DESCRI\u00c7\u00c3O DA IMAGEM\nHomem est\u00e1 com celular na m\u00e3o, parado entre porta e carro. Ao fundo pode-se ver um outdoor sobre a 38\u00aa Festa da Uva de Jundia\u00ed\" class=\"wp-image-310366\" \/><figcaption class=\"wp-element-caption\">Viagens de transporte por aplicativo aumentaram durante os dias de Festa da Uva<\/figcaption><\/figure>\n\n\n\n<p>Os servi\u00e7os al\u00e9m Festa da Uva tamb\u00e9m est\u00e3o sendo beneficiados, como os transportes via aplicativo. Andr\u00e9 Camatta \u00e9 um exemplo. \u201cNos dias de evento o n\u00famero de viagens aumentaram consideravelmente e o movimento est\u00e1 intenso. S\u00e3o passageiros tanto de Jundia\u00ed como turistas. Os pontos de entrada da cidade apresentam grande movimento\u201d, afirmou o motorista.&nbsp;<\/p>\n\n\n\n<p>Nos tr\u00eas primeiros finais de semana, a Festa recebeu 167 mil visitantes e comercializou 26 toneladas de uvas, sendo que 15 toneladas s\u00e3o somente da Uva Niagara. A Festa se caracteriza por ser uma grande divulgadora da produ\u00e7\u00e3o de uvas da cidade, assim como a consolida\u00e7\u00e3o de Jundia\u00ed como destino tur\u00edstico.<\/p>\n\n\n\n<p>Os interessados em visitar a Festa da Uva no seus \u00faltimos dias podem conferir a programa\u00e7\u00e3o completa em\u00a0<a href=\"https:\/\/festadauva.jundiai.sp.gov.br\/\">festadauva.jundiai.sp.gov.br<\/a><\/p>\n\n\n\n<p>Fonte \/ Imagem: Prefeitura de Jundia\u00ed <\/p>\n\n\n\n<p><\/p>\n","protected":false},"excerpt":{"rendered":"<p>Viagens de transporte por aplicativo aumentaram durante os dias de Festa.<\/p>\n","protected":false},"author":24,"featured_media":104500,"comment_status":"closed","ping_status":"0","sticky":false,"template":"","format":"standard","meta":{"footnotes":""},"categories":[1],"tags":[],"class_list":["post-104499","post","type-post","status-publish","format-standard","has-post-thumbnail","hentry","category-noticias"],"_links":{"self":[{"href":"https:\/\/tvtecjundiai.com.br\/news\/wp-json\/wp\/v2\/posts\/104499","targetHints":{"allow":["GET"]}}],"collection":[{"href":"https:\/\/tvtecjundiai.com.br\/news\/wp-json\/wp\/v2\/posts"}],"about":[{"href":"https:\/\/tvtecjundiai.com.br\/news\/wp-json\/wp\/v2\/types\/post"}],"author":[{"embeddable":true,"href":"https:\/\/tvtecjundiai.com.br\/news\/wp-json\/wp\/v2\/users\/24"}],"replies":[{"embeddable":true,"href":"https:\/\/tvtecjundiai.com.br\/news\/wp-json\/wp\/v2\/comments?post=104499"}],"version-history":[{"count":1,"href":"https:\/\/tvtecjundiai.com.br\/news\/wp-json\/wp\/v2\/posts\/104499\/revisions"}],"predecessor-version":[{"id":104501,"href":"https:\/\/tvtecjundiai.com.br\/news\/wp-json\/wp\/v2\/posts\/104499\/revisions\/104501"}],"wp:featuredmedia":[{"embeddable":true,"href":"https:\/\/tvtecjundiai.com.br\/news\/wp-json\/wp\/v2\/media\/104500"}],"wp:attachment":[{"href":"https:\/\/tvtecjundiai.com.br\/news\/wp-json\/wp\/v2\/media?parent=104499"}],"wp:term":[{"taxonomy":"category","embeddable":true,"href":"https:\/\/tvtecjundiai.com.br\/news\/wp-json\/wp\/v2\/categories?post=104499"},{"taxonomy":"post_tag","embeddable":true,"href":"https:\/\/tvtecjundiai.com.br\/news\/wp-json\/wp\/v2\/tags?post=104499"}],"curies":[{"name":"wp","href":"https:\/\/api.w.org\/{rel}","templated":true}]}}