{"id":104508,"date":"2023-02-04T17:51:28","date_gmt":"2023-02-04T20:51:28","guid":{"rendered":"https:\/\/tvtecjundiai.com.br\/news\/?p=104508"},"modified":"2023-02-04T17:51:35","modified_gmt":"2023-02-04T20:51:35","slug":"ultimo-domingo-da-festa-da-uva-tera-onibus-a-r-100","status":"publish","type":"post","link":"https:\/\/tvtecjundiai.com.br\/news\/2023\/02\/04\/ultimo-domingo-da-festa-da-uva-tera-onibus-a-r-100\/","title":{"rendered":"\u00daltimo domingo da Festa da Uva ter\u00e1 \u00f4nibus a R$ 1,00"},"content":{"rendered":"\n<p>A 38\u00aa Festa da Uva e 9\u00aa Expo Vinhos chega a seu \u00faltimo final de semana com novidades para atrair ainda mais o p\u00fablico ao Parque Comendador Antonio Carbonari, o Parque da Uva. Neste domingo (5), o \u00faltimo dia do evento, o transporte coletivo de Jundia\u00ed, incluindo as linhas que passam pelo parque para levar os visitantes, estar\u00e3o funcionando com o custo da tarifa social, de apenas R$ 1,00.<\/p>\n\n\n\n<p>A tarifa social a R$ 1,00 acontece em todo primeiro e terceiro domingo de cada m\u00eas, assim como a gratuidade para idosos a partir de 65 anos e pessoas com defici\u00eancia. Sendo assim, o transporte coletivo \u00e9 uma op\u00e7\u00e3o boa e barata para os moradores de&nbsp;Jundia\u00ed&nbsp;chegarem at\u00e9 a o Parque da Uva.&nbsp;S\u00e3o diversas linhas que circulam pela Avenida Jundia\u00ed.&nbsp;Confira abaixo:<\/p>\n\n\n\n<p>524 \u2013 Terminal Central\/Malota<\/p>\n\n\n\n<p>526 \u2013 Terminal Central\/Vila Alvorada<\/p>\n\n\n\n<p>527 \u2013 Terminal Central\/Jardim Guanabara<\/p>\n\n\n\n<p>942 \u2013 Terminal Central\/Terminal Eloy Chaves<\/p>\n\n\n\n<figure class=\"wp-block-image\"><img decoding=\"async\" src=\"https:\/\/jundiai.sp.gov.br\/noticias\/wp-content\/uploads\/sites\/32\/2023\/01\/terminal-central-valor-da-passagem-do-onibus_fm_-74-1280x854.jpg\" alt=\"\" class=\"wp-image-309084\" \/><figcaption class=\"wp-element-caption\">Para chegar ao Parque da Uva, visitantes poder\u00e3o utilizar linhas que circulam pela Avenida Jundia\u00ed<\/figcaption><\/figure>\n\n\n\n<p>Em todos os dias do evento, haver\u00e1 monitoramento e acompanhamento de equipes da Unidade de Gest\u00e3o de Mobilidade e Transporte (UGMT) para orientar o tr\u00e2nsito, e tamb\u00e9m das empresas concession\u00e1rias para disponibilizar ve\u00edculos extras, caso seja necess\u00e1rio, de acordo com a demanda de passageiros. Os hor\u00e1rios est\u00e3o dispon\u00edveis no\u00a0<a rel=\"noreferrer noopener\" href=\"http:\/\/situ.jundiai.sp.gov.br\/\" target=\"_blank\">site do Sistema Integrado de Transporte Urbano<\/a>.<\/p>\n\n\n\n<p><em><strong>Fonte: Prefeitura de Jundia\u00ed<\/strong><\/em><\/p>\n","protected":false},"excerpt":{"rendered":"<p>O transporte coletivo \u00e9 uma op\u00e7\u00e3o boa e barata para os moradores de\u00a0Jundia\u00ed\u00a0chegarem at\u00e9 a o Parque da Uva.\u00a0<\/p>\n","protected":false},"author":24,"featured_media":104509,"comment_status":"closed","ping_status":"0","sticky":false,"template":"","format":"standard","meta":{"footnotes":""},"categories":[8391,8356,8354,1,3059],"tags":[],"class_list":["post-104508","post","type-post","status-publish","format-standard","has-post-thumbnail","hentry","category-infraestrutura","category-jundiai","category-lazer","category-noticias","category-transportes"],"_links":{"self":[{"href":"https:\/\/tvtecjundiai.com.br\/news\/wp-json\/wp\/v2\/posts\/104508","targetHints":{"allow":["GET"]}}],"collection":[{"href":"https:\/\/tvtecjundiai.com.br\/news\/wp-json\/wp\/v2\/posts"}],"about":[{"href":"https:\/\/tvtecjundiai.com.br\/news\/wp-json\/wp\/v2\/types\/post"}],"author":[{"embeddable":true,"href":"https:\/\/tvtecjundiai.com.br\/news\/wp-json\/wp\/v2\/users\/24"}],"replies":[{"embeddable":true,"href":"https:\/\/tvtecjundiai.com.br\/news\/wp-json\/wp\/v2\/comments?post=104508"}],"version-history":[{"count":1,"href":"https:\/\/tvtecjundiai.com.br\/news\/wp-json\/wp\/v2\/posts\/104508\/revisions"}],"predecessor-version":[{"id":104510,"href":"https:\/\/tvtecjundiai.com.br\/news\/wp-json\/wp\/v2\/posts\/104508\/revisions\/104510"}],"wp:featuredmedia":[{"embeddable":true,"href":"https:\/\/tvtecjundiai.com.br\/news\/wp-json\/wp\/v2\/media\/104509"}],"wp:attachment":[{"href":"https:\/\/tvtecjundiai.com.br\/news\/wp-json\/wp\/v2\/media?parent=104508"}],"wp:term":[{"taxonomy":"category","embeddable":true,"href":"https:\/\/tvtecjundiai.com.br\/news\/wp-json\/wp\/v2\/categories?post=104508"},{"taxonomy":"post_tag","embeddable":true,"href":"https:\/\/tvtecjundiai.com.br\/news\/wp-json\/wp\/v2\/tags?post=104508"}],"curies":[{"name":"wp","href":"https:\/\/api.w.org\/{rel}","templated":true}]}}