{"id":104530,"date":"2023-02-06T10:06:06","date_gmt":"2023-02-06T13:06:06","guid":{"rendered":"https:\/\/tvtecjundiai.com.br\/news\/?p=104530"},"modified":"2023-02-06T10:06:07","modified_gmt":"2023-02-06T13:06:07","slug":"clima-abafado-e-pancadas-de-chuva-continuam-esta-semana-em-jundiai-2","status":"publish","type":"post","link":"https:\/\/tvtecjundiai.com.br\/news\/2023\/02\/06\/clima-abafado-e-pancadas-de-chuva-continuam-esta-semana-em-jundiai-2\/","title":{"rendered":"Clima abafado e pancadas de chuva continuam esta semana em Jundia\u00ed"},"content":{"rendered":"\n<p>Assim como nos \u00faltimos dias, o clima abafado e as pancadas de chuva continuam em Jundia\u00ed. Segundo o Climatempo, os term\u00f4metros devem ficar entre 17\u00b0C e 29\u00b0C.<\/p>\n\n\n\n<p>Nesta segunda-feira (6), deve ser o dia mais chuvoso da semana, com acumulado de 30mm e pancadas de chuva r\u00e1pidas durante o dia e \u00e0 noite. Os term\u00f4metros marcam entre 21\u00b0C e 27\u00b0C.<\/p>\n\n\n<div class=\"wp-block-image\">\n<figure class=\"aligncenter size-large is-resized\"><img loading=\"lazy\" decoding=\"async\" src=\"https:\/\/tvtecjundiai.com.br\/news\/wp-content\/uploads\/sites\/2\/2023\/02\/WhatsApp-Image-2023-01-31-at-09.08.42-1-1200x900.jpeg\" alt=\"\" class=\"wp-image-104531\" width=\"664\" height=\"498\" srcset=\"https:\/\/tvtecjundiai.com.br\/news\/wp-content\/uploads\/sites\/2\/2023\/02\/WhatsApp-Image-2023-01-31-at-09.08.42-1-1200x900.jpeg 1200w, https:\/\/tvtecjundiai.com.br\/news\/wp-content\/uploads\/sites\/2\/2023\/02\/WhatsApp-Image-2023-01-31-at-09.08.42-1-300x225.jpeg 300w, https:\/\/tvtecjundiai.com.br\/news\/wp-content\/uploads\/sites\/2\/2023\/02\/WhatsApp-Image-2023-01-31-at-09.08.42-1-768x576.jpeg 768w, https:\/\/tvtecjundiai.com.br\/news\/wp-content\/uploads\/sites\/2\/2023\/02\/WhatsApp-Image-2023-01-31-at-09.08.42-1.jpeg 1280w\" sizes=\"auto, (max-width: 664px) 100vw, 664px\" \/><\/figure>\n<\/div>\n\n\n<p><strong>Confira a previs\u00e3o detalhada na cidade, de acordo com o Climatempo<\/strong><\/p>\n\n\n\n<p><strong>Ter\u00e7a-feira (7):\u00a0<\/strong>Sol com algumas nuvens e pancadas de chuva \u00e0 tarde e \u00e0 noite, que devem somar 15mm. Os term\u00f4metros ficam entre 19\u00b0C e 28\u00b0C.<\/p>\n\n\n\n<p><strong>Quarta-feira (8):\u00a0<\/strong>Sol com algumas nuvens e pancadas de chuva \u00e0 tarde e \u00e0 noite, que devem somar apenas 9mm. A temperatura fica entre 18\u00b0C e 29\u00b0C.<\/p>\n\n\n\n<p><strong>Quinta-feira (9):<\/strong>\u00a0Sol com algumas nuvens e pancadas de chuva \u00e0 tarde e \u00e0 noite, que devem somar 8mm. Os term\u00f4metros ficam entre 17\u00b0C e 29\u00b0C.<\/p>\n\n\n\n<p><strong>Sexta-feira (10):<\/strong>\u00a0Sol com muitas nuvens pela manh\u00e3 e pancadas de chuva \u00e0 tarde e \u00e0 noite, que devem somar 10mm. A temperatura fica entre 18\u00b0C e 29\u00b0C.<\/p>\n\n\n\n<p><strong><em>(Fonte: TVTEC Jundia\u00ed\/Imagem: Juliano Justino)<\/em><\/strong><\/p>\n","protected":false},"excerpt":{"rendered":"<p>Segundo o Climatempo, os term\u00f4metros devem ficar entre 17\u00b0C e 29\u00b0C<\/p>\n","protected":false},"author":30,"featured_media":104531,"comment_status":"closed","ping_status":"0","sticky":false,"template":"","format":"standard","meta":{"footnotes":""},"categories":[3185,8356,1],"tags":[],"class_list":["post-104530","post","type-post","status-publish","format-standard","has-post-thumbnail","hentry","category-clima","category-jundiai","category-noticias"],"_links":{"self":[{"href":"https:\/\/tvtecjundiai.com.br\/news\/wp-json\/wp\/v2\/posts\/104530","targetHints":{"allow":["GET"]}}],"collection":[{"href":"https:\/\/tvtecjundiai.com.br\/news\/wp-json\/wp\/v2\/posts"}],"about":[{"href":"https:\/\/tvtecjundiai.com.br\/news\/wp-json\/wp\/v2\/types\/post"}],"author":[{"embeddable":true,"href":"https:\/\/tvtecjundiai.com.br\/news\/wp-json\/wp\/v2\/users\/30"}],"replies":[{"embeddable":true,"href":"https:\/\/tvtecjundiai.com.br\/news\/wp-json\/wp\/v2\/comments?post=104530"}],"version-history":[{"count":1,"href":"https:\/\/tvtecjundiai.com.br\/news\/wp-json\/wp\/v2\/posts\/104530\/revisions"}],"predecessor-version":[{"id":104532,"href":"https:\/\/tvtecjundiai.com.br\/news\/wp-json\/wp\/v2\/posts\/104530\/revisions\/104532"}],"wp:featuredmedia":[{"embeddable":true,"href":"https:\/\/tvtecjundiai.com.br\/news\/wp-json\/wp\/v2\/media\/104531"}],"wp:attachment":[{"href":"https:\/\/tvtecjundiai.com.br\/news\/wp-json\/wp\/v2\/media?parent=104530"}],"wp:term":[{"taxonomy":"category","embeddable":true,"href":"https:\/\/tvtecjundiai.com.br\/news\/wp-json\/wp\/v2\/categories?post=104530"},{"taxonomy":"post_tag","embeddable":true,"href":"https:\/\/tvtecjundiai.com.br\/news\/wp-json\/wp\/v2\/tags?post=104530"}],"curies":[{"name":"wp","href":"https:\/\/api.w.org\/{rel}","templated":true}]}}