{"id":104533,"date":"2023-02-06T11:13:26","date_gmt":"2023-02-06T14:13:26","guid":{"rendered":"https:\/\/tvtecjundiai.com.br\/news\/?p=104533"},"modified":"2023-02-06T11:13:27","modified_gmt":"2023-02-06T14:13:27","slug":"hospital-sao-vicente-faz-campanha-para-arrecadar-materiais-de-arte-para-pacientes-da-saude-mental","status":"publish","type":"post","link":"https:\/\/tvtecjundiai.com.br\/news\/2023\/02\/06\/hospital-sao-vicente-faz-campanha-para-arrecadar-materiais-de-arte-para-pacientes-da-saude-mental\/","title":{"rendered":"Hospital S\u00e3o Vicente faz campanha para arrecadar materiais de arte para pacientes da Sa\u00fade Mental"},"content":{"rendered":"\n<p>O poder da arte como ferramenta terap\u00eautica \u00e9 inquestion\u00e1vel. Segundo estudo da Organiza\u00e7\u00e3o Mundial da Sa\u00fade (OMS), nos servi\u00e7os de sa\u00fade, as atividades art\u00edsticas podem ser usadas para completar ou aprimorar os protocolos de tratamento de diversas doen\u00e7as. Exerc\u00edcios como ouvir m\u00fasica, dan\u00e7ar, fazer artesanato, pintar e escrever, promovem benef\u00edcios f\u00edsicos e mentais para os pacientes. O recurso \u00e9 amplamente usado pela equipe da Unidade de Interna\u00e7\u00e3o de Sa\u00fade Mental do Hospital de Caridade S\u00e3o Vicente de Paulo (HSV), que inicia neste m\u00eas uma campanha especial de arrecada\u00e7\u00e3o.<\/p>\n\n\n\n<p>Com caixa dispon\u00edvel na entrada principal do pr\u00e9dio, na recep\u00e7\u00e3o central, a institui\u00e7\u00e3o conta com a ajuda da popula\u00e7\u00e3o para doa\u00e7\u00e3o de tintas guache, gizes, l\u00e1pis de colorir, pap\u00e9is e cadernos. A iniciativa tem como objetivo promover atividades de humaniza\u00e7\u00e3o que estimulem a mente, proporcionem momentos de relaxamento e descontra\u00e7\u00e3o, al\u00e9m de promover um ambiente mais agrad\u00e1vel para as pessoas internadas no local, que conta com uma m\u00e9dia de 50 pacientes assistidos por m\u00eas.<\/p>\n\n\n<div class=\"wp-block-image\">\n<figure class=\"aligncenter size-full is-resized\"><img loading=\"lazy\" decoding=\"async\" src=\"https:\/\/tvtecjundiai.com.br\/news\/wp-content\/uploads\/sites\/2\/2023\/02\/arte-hsv.jpg\" alt=\"\" class=\"wp-image-104535\" width=\"630\" height=\"423\" srcset=\"https:\/\/tvtecjundiai.com.br\/news\/wp-content\/uploads\/sites\/2\/2023\/02\/arte-hsv.jpg 693w, https:\/\/tvtecjundiai.com.br\/news\/wp-content\/uploads\/sites\/2\/2023\/02\/arte-hsv-300x201.jpg 300w\" sizes=\"auto, (max-width: 630px) 100vw, 630px\" \/><\/figure>\n<\/div>\n\n\n<p>Inaugurada h\u00e1 pouco tempo, a nova ala voltada para esses atendimentos oferece uma \u00e1rea maior de conviv\u00eancia com conceito de espa\u00e7o aberto e televisores, local reservado para a conversa com os familiares do paciente, sala para admiss\u00e3o, sanit\u00e1rios com acessibilidade, sistema de climatiza\u00e7\u00e3o do espa\u00e7o, entre outras melhorias estruturais.<\/p>\n\n\n\n<p>A a\u00e7\u00e3o acontece at\u00e9 o dia 28 de fevereiro e as doa\u00e7\u00f5es podem ser realizadas das 7h \u00e0s 19h, na rua S\u00e3o Vicente de Paulo, 223 &#8211; Vila Argos Velha em Jundia\u00ed.<\/p>\n\n\n\n<p><strong><em>(Fonte: Assessoria Hospital S\u00e3o Vicente\/Imagem: Canva)<\/em><\/strong><\/p>\n","protected":false},"excerpt":{"rendered":"<p>Institui\u00e7\u00e3o conta com a doa\u00e7\u00e3o de tintas guache, gizes, l\u00e1pis de colorir, pap\u00e9is e cadernos<\/p>\n","protected":false},"author":30,"featured_media":104535,"comment_status":"closed","ping_status":"0","sticky":false,"template":"","format":"standard","meta":{"footnotes":""},"categories":[8356,1,2839,8355],"tags":[],"class_list":["post-104533","post","type-post","status-publish","format-standard","has-post-thumbnail","hentry","category-jundiai","category-noticias","category-saude","category-saude-3"],"_links":{"self":[{"href":"https:\/\/tvtecjundiai.com.br\/news\/wp-json\/wp\/v2\/posts\/104533","targetHints":{"allow":["GET"]}}],"collection":[{"href":"https:\/\/tvtecjundiai.com.br\/news\/wp-json\/wp\/v2\/posts"}],"about":[{"href":"https:\/\/tvtecjundiai.com.br\/news\/wp-json\/wp\/v2\/types\/post"}],"author":[{"embeddable":true,"href":"https:\/\/tvtecjundiai.com.br\/news\/wp-json\/wp\/v2\/users\/30"}],"replies":[{"embeddable":true,"href":"https:\/\/tvtecjundiai.com.br\/news\/wp-json\/wp\/v2\/comments?post=104533"}],"version-history":[{"count":1,"href":"https:\/\/tvtecjundiai.com.br\/news\/wp-json\/wp\/v2\/posts\/104533\/revisions"}],"predecessor-version":[{"id":104536,"href":"https:\/\/tvtecjundiai.com.br\/news\/wp-json\/wp\/v2\/posts\/104533\/revisions\/104536"}],"wp:featuredmedia":[{"embeddable":true,"href":"https:\/\/tvtecjundiai.com.br\/news\/wp-json\/wp\/v2\/media\/104535"}],"wp:attachment":[{"href":"https:\/\/tvtecjundiai.com.br\/news\/wp-json\/wp\/v2\/media?parent=104533"}],"wp:term":[{"taxonomy":"category","embeddable":true,"href":"https:\/\/tvtecjundiai.com.br\/news\/wp-json\/wp\/v2\/categories?post=104533"},{"taxonomy":"post_tag","embeddable":true,"href":"https:\/\/tvtecjundiai.com.br\/news\/wp-json\/wp\/v2\/tags?post=104533"}],"curies":[{"name":"wp","href":"https:\/\/api.w.org\/{rel}","templated":true}]}}