{"id":104548,"date":"2023-02-06T13:50:00","date_gmt":"2023-02-06T16:50:00","guid":{"rendered":"https:\/\/tvtecjundiai.com.br\/news\/?p=104548"},"modified":"2023-02-06T13:50:01","modified_gmt":"2023-02-06T16:50:01","slug":"comercio-de-jundiai-fica-aberto-ate-as-18h-no-sabado-11","status":"publish","type":"post","link":"https:\/\/tvtecjundiai.com.br\/news\/2023\/02\/06\/comercio-de-jundiai-fica-aberto-ate-as-18h-no-sabado-11\/","title":{"rendered":"Com\u00e9rcio de Jundia\u00ed fica aberto at\u00e9 as 18h no s\u00e1bado (11)"},"content":{"rendered":"\n<p>O com\u00e9rcio do centro e dos bairros de Jundia\u00ed se prepara para receber os consumidores at\u00e9 as 18h neste dia 11 de fevereiro, primeiro s\u00e1bado do m\u00eas ap\u00f3s o quinto dia \u00fatil. A abertura em hor\u00e1rio estendido \u00e9 garantida pela Conven\u00e7\u00e3o Coletiva de Trabalho (CCT).<\/p>\n\n\n\n<p>Para Edison Maltoni, presidente do Sindicato do Com\u00e9rcio Varejista de Jundia\u00ed e Regi\u00e3o (Sincomercio), al\u00e9m de representar uma boa oportunidade para os comerciantes aumentarem suas vendas, o hor\u00e1rio especial tamb\u00e9m tem o objetivo de oferecer mais tempo de compra aos consumidores.<\/p>\n\n\n\n<p>\u201cGeralmente nos s\u00e1bados de hor\u00e1rio estendido constatamos um aumento de at\u00e9 30% nas vendas. Por isso, os lojistas devem atrair o consumidor, investir na decora\u00e7\u00e3o da vitrine, apostar em produtos para o ver\u00e3o, Carnaval e viagens, al\u00e9m de promo\u00e7\u00f5es e diversificar os meios de pagamento\u201d, observa Maltoni.<\/p>\n\n\n<div class=\"wp-block-image\">\n<figure class=\"aligncenter size-full\"><img loading=\"lazy\" decoding=\"async\" width=\"768\" height=\"480\" src=\"https:\/\/tvtecjundiai.com.br\/news\/wp-content\/uploads\/sites\/2\/2023\/02\/centro_sabado-768x480-1.jpg\" alt=\"\" class=\"wp-image-104555\" srcset=\"https:\/\/tvtecjundiai.com.br\/news\/wp-content\/uploads\/sites\/2\/2023\/02\/centro_sabado-768x480-1.jpg 768w, https:\/\/tvtecjundiai.com.br\/news\/wp-content\/uploads\/sites\/2\/2023\/02\/centro_sabado-768x480-1-300x188.jpg 300w\" sizes=\"auto, (max-width: 768px) 100vw, 768px\" \/><\/figure>\n<\/div>\n\n\n<p><\/p>\n\n\n\n<p><em><strong>(Fonte: Sincomercio Jundia\u00ed\/Imagem: Divulga\u00e7\u00e3o)<\/strong><\/em><\/p>\n","protected":false},"excerpt":{"rendered":"<p>A abertura em hor\u00e1rio estendido \u00e9 garantida pela Conven\u00e7\u00e3o Coletiva de Trabalho (CCT)<\/p>\n","protected":false},"author":30,"featured_media":104555,"comment_status":"closed","ping_status":"0","sticky":false,"template":"","format":"standard","meta":{"footnotes":""},"categories":[2834,8356,1],"tags":[],"class_list":["post-104548","post","type-post","status-publish","format-standard","has-post-thumbnail","hentry","category-cidades","category-jundiai","category-noticias"],"_links":{"self":[{"href":"https:\/\/tvtecjundiai.com.br\/news\/wp-json\/wp\/v2\/posts\/104548","targetHints":{"allow":["GET"]}}],"collection":[{"href":"https:\/\/tvtecjundiai.com.br\/news\/wp-json\/wp\/v2\/posts"}],"about":[{"href":"https:\/\/tvtecjundiai.com.br\/news\/wp-json\/wp\/v2\/types\/post"}],"author":[{"embeddable":true,"href":"https:\/\/tvtecjundiai.com.br\/news\/wp-json\/wp\/v2\/users\/30"}],"replies":[{"embeddable":true,"href":"https:\/\/tvtecjundiai.com.br\/news\/wp-json\/wp\/v2\/comments?post=104548"}],"version-history":[{"count":1,"href":"https:\/\/tvtecjundiai.com.br\/news\/wp-json\/wp\/v2\/posts\/104548\/revisions"}],"predecessor-version":[{"id":104556,"href":"https:\/\/tvtecjundiai.com.br\/news\/wp-json\/wp\/v2\/posts\/104548\/revisions\/104556"}],"wp:featuredmedia":[{"embeddable":true,"href":"https:\/\/tvtecjundiai.com.br\/news\/wp-json\/wp\/v2\/media\/104555"}],"wp:attachment":[{"href":"https:\/\/tvtecjundiai.com.br\/news\/wp-json\/wp\/v2\/media?parent=104548"}],"wp:term":[{"taxonomy":"category","embeddable":true,"href":"https:\/\/tvtecjundiai.com.br\/news\/wp-json\/wp\/v2\/categories?post=104548"},{"taxonomy":"post_tag","embeddable":true,"href":"https:\/\/tvtecjundiai.com.br\/news\/wp-json\/wp\/v2\/tags?post=104548"}],"curies":[{"name":"wp","href":"https:\/\/api.w.org\/{rel}","templated":true}]}}