{"id":104577,"date":"2023-02-06T15:18:25","date_gmt":"2023-02-06T18:18:25","guid":{"rendered":"https:\/\/tvtecjundiai.com.br\/news\/?p=104577"},"modified":"2023-02-06T15:18:31","modified_gmt":"2023-02-06T18:18:31","slug":"cras-do-santa-gertrudes-passa-a-atender-em-novo-endereco-durante-obras","status":"publish","type":"post","link":"https:\/\/tvtecjundiai.com.br\/news\/2023\/02\/06\/cras-do-santa-gertrudes-passa-a-atender-em-novo-endereco-durante-obras\/","title":{"rendered":"Cras do Santa Gertrudes passa a atender em novo endere\u00e7o durante obras"},"content":{"rendered":"\n<p>A Unidade de Gest\u00e3o de Assist\u00eancia e Desenvolvimento Social (UGADS) informa que o Centro de Refer\u00eancia de Assist\u00eancia Social (Cras) Sul, antigo Cras do Santa Gertrudes, passa a atender no bairro, em novo endere\u00e7o, na rua Luciano Milani, 135.<\/p>\n\n\n\n<p>O atendimento no novo local ser\u00e1 mantido enquanto estiverem em andamento as obras de revitaliza\u00e7\u00e3o completa e amplia\u00e7\u00e3o da sede do servi\u00e7o, em im\u00f3vel localizado na rua Padre Norberto Mojola, 40.<br>Durante esse per\u00edodo, al\u00e9m do atendimento presencial ao p\u00fablico, os interessados podem entrar em contato com o servi\u00e7o pelo telefone (11) 94087-4528 e pelo e-mail\u00a0<a rel=\"noreferrer noopener\" href=\"mailto:crassantagertrudes@jundiai.sp.gov.br\" target=\"_blank\">crassantagertrudes@jundiai.sp.gov.br<\/a>.<\/p>\n\n\n\n<figure class=\"wp-block-image size-large\"><img loading=\"lazy\" decoding=\"async\" width=\"1200\" height=\"801\" src=\"https:\/\/tvtecjundiai.com.br\/news\/wp-content\/uploads\/sites\/2\/2023\/02\/obras-cras-no-santra-gertrudes_fm_-15-1280x854-1-1200x801.jpg\" alt=\"\" class=\"wp-image-104578\" srcset=\"https:\/\/tvtecjundiai.com.br\/news\/wp-content\/uploads\/sites\/2\/2023\/02\/obras-cras-no-santra-gertrudes_fm_-15-1280x854-1-1200x801.jpg 1200w, https:\/\/tvtecjundiai.com.br\/news\/wp-content\/uploads\/sites\/2\/2023\/02\/obras-cras-no-santra-gertrudes_fm_-15-1280x854-1-300x200.jpg 300w, https:\/\/tvtecjundiai.com.br\/news\/wp-content\/uploads\/sites\/2\/2023\/02\/obras-cras-no-santra-gertrudes_fm_-15-1280x854-1-768x512.jpg 768w, https:\/\/tvtecjundiai.com.br\/news\/wp-content\/uploads\/sites\/2\/2023\/02\/obras-cras-no-santra-gertrudes_fm_-15-1280x854-1.jpg 1280w\" sizes=\"auto, (max-width: 1200px) 100vw, 1200px\" \/><\/figure>\n\n\n\n<p><strong>Obras<\/strong><br>Com foco na otimiza\u00e7\u00e3o do atendimento ao p\u00fablico, amplia\u00e7\u00e3o da oferta de servi\u00e7os e adequa\u00e7\u00f5es para acessibilidade de pessoas com defici\u00eancia, as obras contemplam substitui\u00e7\u00e3o de revestimentos, portas, janelas, pe\u00e7as sanit\u00e1rias, bancadas e cobertura; novas instala\u00e7\u00f5es el\u00e9tricas e hidr\u00e1ulicas, de sistema de prote\u00e7\u00e3o contra descargas, al\u00e9m de brises na fachada; e revis\u00e3o e limpeza de calhas, rufos e condutores.<\/p>\n\n\n\n<p>A amplia\u00e7\u00e3o do Cras \u2013 aumento de 30% de \u00e1rea constru\u00edda \u2013 envolve ainda a constru\u00e7\u00e3o de novas salas para atendimentos, dep\u00f3sito e atividades multidisciplinares e de espera; quatro novos sanit\u00e1rios; lavabo e garagem. Na parte externa, ser\u00e1 constru\u00eddo ainda um espa\u00e7o de conviv\u00eancia e biciclet\u00e1rio, al\u00e9m de sistema para capta\u00e7\u00e3o de \u00e1gua pluvial, paisagismo e novo gradil externo.<\/p>\n\n\n\n<p><strong><em>(Fonte\/Imagem: Prefeitura de Jundia\u00ed)<\/em><\/strong><\/p>\n","protected":false},"excerpt":{"rendered":"<p>Al\u00e9m do atendimento presencial ao p\u00fablico, os interessados podem entrar em contato pelo telefone e e-mail<\/p>\n","protected":false},"author":30,"featured_media":104578,"comment_status":"closed","ping_status":"0","sticky":false,"template":"","format":"standard","meta":{"footnotes":""},"categories":[8356,1],"tags":[],"class_list":["post-104577","post","type-post","status-publish","format-standard","has-post-thumbnail","hentry","category-jundiai","category-noticias"],"_links":{"self":[{"href":"https:\/\/tvtecjundiai.com.br\/news\/wp-json\/wp\/v2\/posts\/104577","targetHints":{"allow":["GET"]}}],"collection":[{"href":"https:\/\/tvtecjundiai.com.br\/news\/wp-json\/wp\/v2\/posts"}],"about":[{"href":"https:\/\/tvtecjundiai.com.br\/news\/wp-json\/wp\/v2\/types\/post"}],"author":[{"embeddable":true,"href":"https:\/\/tvtecjundiai.com.br\/news\/wp-json\/wp\/v2\/users\/30"}],"replies":[{"embeddable":true,"href":"https:\/\/tvtecjundiai.com.br\/news\/wp-json\/wp\/v2\/comments?post=104577"}],"version-history":[{"count":1,"href":"https:\/\/tvtecjundiai.com.br\/news\/wp-json\/wp\/v2\/posts\/104577\/revisions"}],"predecessor-version":[{"id":104579,"href":"https:\/\/tvtecjundiai.com.br\/news\/wp-json\/wp\/v2\/posts\/104577\/revisions\/104579"}],"wp:featuredmedia":[{"embeddable":true,"href":"https:\/\/tvtecjundiai.com.br\/news\/wp-json\/wp\/v2\/media\/104578"}],"wp:attachment":[{"href":"https:\/\/tvtecjundiai.com.br\/news\/wp-json\/wp\/v2\/media?parent=104577"}],"wp:term":[{"taxonomy":"category","embeddable":true,"href":"https:\/\/tvtecjundiai.com.br\/news\/wp-json\/wp\/v2\/categories?post=104577"},{"taxonomy":"post_tag","embeddable":true,"href":"https:\/\/tvtecjundiai.com.br\/news\/wp-json\/wp\/v2\/tags?post=104577"}],"curies":[{"name":"wp","href":"https:\/\/api.w.org\/{rel}","templated":true}]}}