{"id":104588,"date":"2023-02-07T09:38:51","date_gmt":"2023-02-07T12:38:51","guid":{"rendered":"https:\/\/tvtecjundiai.com.br\/news\/?p=104588"},"modified":"2023-02-07T09:38:58","modified_gmt":"2023-02-07T12:38:58","slug":"jundiai-abre-inscricoes-para-o-programa-municipal-de-subvencao-do-seguro-agricola","status":"publish","type":"post","link":"https:\/\/tvtecjundiai.com.br\/news\/2023\/02\/07\/jundiai-abre-inscricoes-para-o-programa-municipal-de-subvencao-do-seguro-agricola\/","title":{"rendered":"Jundia\u00ed abre inscri\u00e7\u00f5es para o Programa Municipal de Subven\u00e7\u00e3o do Seguro Agr\u00edcola"},"content":{"rendered":"\n<p>A Unidade de Gest\u00e3o de Agroneg\u00f3cio, Abastecimento e Turismo (UGAAT), por meio do Departamento de Agroneg\u00f3cio, abre a partir de hoje, segunda-feira (6), as inscri\u00e7\u00f5es para o Programa Municipal de Subven\u00e7\u00e3o do Seguro Agr\u00edcola 2023.&nbsp;<\/p>\n\n\n\n<p>\u201cEsse \u00e9 um importante programa para o agricultor e que se soma aos demais oferecidos por meio das pol\u00edticas p\u00fablicas de Jundia\u00ed como o Cultivo Protegido, Pagamento por Servi\u00e7os Ambientais, entre outros. O objetivo do Seguro \u00e9 reduzir o custo do produtor e oferecer apoio para a prote\u00e7\u00e3o das lavouras contra riscos clim\u00e1ticos adversos\u201d, afirma o gestor da Unidade de Gest\u00e3o de Agroneg\u00f3cio, Abastecimento e Turismo (UGAAT), Eduardo Alvarez.<\/p>\n\n\n\n<figure class=\"wp-block-image size-large\"><img loading=\"lazy\" decoding=\"async\" width=\"1200\" height=\"825\" src=\"https:\/\/tvtecjundiai.com.br\/news\/wp-content\/uploads\/sites\/2\/2023\/02\/plantacao_uva-145-1200x825.jpg\" alt=\"\" class=\"wp-image-104589\" srcset=\"https:\/\/tvtecjundiai.com.br\/news\/wp-content\/uploads\/sites\/2\/2023\/02\/plantacao_uva-145-1200x825.jpg 1200w, https:\/\/tvtecjundiai.com.br\/news\/wp-content\/uploads\/sites\/2\/2023\/02\/plantacao_uva-145-300x206.jpg 300w, https:\/\/tvtecjundiai.com.br\/news\/wp-content\/uploads\/sites\/2\/2023\/02\/plantacao_uva-145-768x528.jpg 768w, https:\/\/tvtecjundiai.com.br\/news\/wp-content\/uploads\/sites\/2\/2023\/02\/plantacao_uva-145.jpg 1240w\" sizes=\"auto, (max-width: 1200px) 100vw, 1200px\" \/><\/figure>\n\n\n\n<p><\/p>\n\n\n\n<p>Podem se inscrever no programa os produtores rurais de ameixa, caqui, goiaba, nectarina, p\u00eassego, tangerina e uva, estabelecidos no territ\u00f3rio de Jundia\u00ed. Para participar o produtor deve apresentar documentos como: c\u00f3pias simples do RG e CPF (Pessoa F\u00edsica); c\u00f3pias simples do CNPJ, RG e CPF dos respons\u00e1veis legais para Pessoa Jur\u00eddica; c\u00f3pia simples da ap\u00f3lice do seguro da safra vigente; c\u00f3pia simples do comprovante de quita\u00e7\u00e3o do seguro; c\u00f3pia simples do comprovante de resid\u00eancia; certid\u00e3o negativa de d\u00e9bitos de tributos municipais e c\u00f3pia simples do comprovante de conta banc\u00e1ria em nome do titular da ap\u00f3lice do seguro.\u00a0<\/p>\n\n\n\n<p>\u201cMais uma vez, convidamos os produtores rurais para participarem. Lembrando que ser\u00e1 limitada a concess\u00e3o de at\u00e9 15% do valor do pr\u00eamio do seguro rural. Em caso de d\u00favidas, os agricultores podem entrar em contato por meio dos telefones (11) 4589-8581\/ 8872\/ 8692\/ 8793\u201d, explica a diretora de Agroneg\u00f3cio, Isabel Harder.&nbsp;<\/p>\n\n\n\n<p>As inscri\u00e7\u00f5es podem ser realizadas at\u00e9 31 de mar\u00e7o, na UGAAT, no 5\u00ba andar do Pa\u00e7o Municipal, de segunda a sexta-feira, das 8h \u00e0s 17h.<\/p>\n\n\n\n<p><em><strong>(Fonte\/Imagem: Prefeitura de Jundia\u00ed)<\/strong><\/em><\/p>\n","protected":false},"excerpt":{"rendered":"<p>Objetivo \u00e9 reduzir o custo do produtor e oferecer apoio para a prote\u00e7\u00e3o das lavouras contra riscos clim\u00e1ticos<\/p>\n","protected":false},"author":30,"featured_media":104589,"comment_status":"closed","ping_status":"0","sticky":false,"template":"","format":"standard","meta":{"footnotes":""},"categories":[8358,8356,1],"tags":[],"class_list":["post-104588","post","type-post","status-publish","format-standard","has-post-thumbnail","hentry","category-agricultura","category-jundiai","category-noticias"],"_links":{"self":[{"href":"https:\/\/tvtecjundiai.com.br\/news\/wp-json\/wp\/v2\/posts\/104588","targetHints":{"allow":["GET"]}}],"collection":[{"href":"https:\/\/tvtecjundiai.com.br\/news\/wp-json\/wp\/v2\/posts"}],"about":[{"href":"https:\/\/tvtecjundiai.com.br\/news\/wp-json\/wp\/v2\/types\/post"}],"author":[{"embeddable":true,"href":"https:\/\/tvtecjundiai.com.br\/news\/wp-json\/wp\/v2\/users\/30"}],"replies":[{"embeddable":true,"href":"https:\/\/tvtecjundiai.com.br\/news\/wp-json\/wp\/v2\/comments?post=104588"}],"version-history":[{"count":1,"href":"https:\/\/tvtecjundiai.com.br\/news\/wp-json\/wp\/v2\/posts\/104588\/revisions"}],"predecessor-version":[{"id":104590,"href":"https:\/\/tvtecjundiai.com.br\/news\/wp-json\/wp\/v2\/posts\/104588\/revisions\/104590"}],"wp:featuredmedia":[{"embeddable":true,"href":"https:\/\/tvtecjundiai.com.br\/news\/wp-json\/wp\/v2\/media\/104589"}],"wp:attachment":[{"href":"https:\/\/tvtecjundiai.com.br\/news\/wp-json\/wp\/v2\/media?parent=104588"}],"wp:term":[{"taxonomy":"category","embeddable":true,"href":"https:\/\/tvtecjundiai.com.br\/news\/wp-json\/wp\/v2\/categories?post=104588"},{"taxonomy":"post_tag","embeddable":true,"href":"https:\/\/tvtecjundiai.com.br\/news\/wp-json\/wp\/v2\/tags?post=104588"}],"curies":[{"name":"wp","href":"https:\/\/api.w.org\/{rel}","templated":true}]}}