{"id":104643,"date":"2023-02-08T09:12:24","date_gmt":"2023-02-08T12:12:24","guid":{"rendered":"https:\/\/tvtecjundiai.com.br\/news\/?p=104643"},"modified":"2023-02-08T09:12:29","modified_gmt":"2023-02-08T12:12:29","slug":"prefeitura-inaugura-segunda-unidade-da-residencia-inclusiva","status":"publish","type":"post","link":"https:\/\/tvtecjundiai.com.br\/news\/2023\/02\/08\/prefeitura-inaugura-segunda-unidade-da-residencia-inclusiva\/","title":{"rendered":"Prefeitura inaugura segunda unidade da Resid\u00eancia Inclusiva"},"content":{"rendered":"\n<p>O prefeito Luiz Fernando Machado inaugurou, na tarde desta ter\u00e7a-feira (07), a segunda unidade da Resid\u00eancia Inclusiva no Munic\u00edpio. Instalada em im\u00f3vel na rua Francisco Telles, na vila Arens, o servi\u00e7o \u00e9 voltado para o acolhimento de pessoas entre 18 e 59 anos, preferencialmente egressos do servi\u00e7o de acolhimentos para crian\u00e7as e adolescentes e com diagn\u00f3stico de defici\u00eancias (intelectual, f\u00edsica, visual ou auditiva).<\/p>\n\n\n\n<p>A primeira unidade do servi\u00e7o foi inaugurada pela Prefeitura em dezembro de 2020, em im\u00f3vel no bairro Bela Vista. Somados, os dois servi\u00e7os compreendem o acolhimento de at\u00e9 20 pessoas, com investimento total anual de R$ 1,6 milh\u00e3o para manuten\u00e7\u00e3o das estruturas, profissionais para atendimento e terapias realizadas com os acolhidos.<\/p>\n\n\n\n<p>\u201cJundia\u00ed faz parte do seleto grupo de Munic\u00edpios brasileiros que disp\u00f5em do servi\u00e7o de Resid\u00eancia Inclusiva e que, identificada a demanda, passa por sua expans\u00e3o. \u00c9 o retrato do protagonismo de uma cidade que se desenvolve e n\u00e3o deixa ningu\u00e9m para tr\u00e1s\u201d, comentou Luiz Fernando.<\/p>\n\n\n\n<figure class=\"wp-block-image size-large\"><img loading=\"lazy\" decoding=\"async\" width=\"1200\" height=\"801\" src=\"https:\/\/tvtecjundiai.com.br\/news\/wp-content\/uploads\/sites\/2\/2023\/02\/prefeito-luiz-fernando-machado-faz-entrega-da-residencia-inclusiva-da-ugads_fm_-95-1280x854-1-1200x801.jpg\" alt=\"\" class=\"wp-image-104644\" srcset=\"https:\/\/tvtecjundiai.com.br\/news\/wp-content\/uploads\/sites\/2\/2023\/02\/prefeito-luiz-fernando-machado-faz-entrega-da-residencia-inclusiva-da-ugads_fm_-95-1280x854-1-1200x801.jpg 1200w, https:\/\/tvtecjundiai.com.br\/news\/wp-content\/uploads\/sites\/2\/2023\/02\/prefeito-luiz-fernando-machado-faz-entrega-da-residencia-inclusiva-da-ugads_fm_-95-1280x854-1-300x200.jpg 300w, https:\/\/tvtecjundiai.com.br\/news\/wp-content\/uploads\/sites\/2\/2023\/02\/prefeito-luiz-fernando-machado-faz-entrega-da-residencia-inclusiva-da-ugads_fm_-95-1280x854-1-768x512.jpg 768w, https:\/\/tvtecjundiai.com.br\/news\/wp-content\/uploads\/sites\/2\/2023\/02\/prefeito-luiz-fernando-machado-faz-entrega-da-residencia-inclusiva-da-ugads_fm_-95-1280x854-1.jpg 1280w\" sizes=\"auto, (max-width: 1200px) 100vw, 1200px\" \/><\/figure>\n\n\n\n<p>O servi\u00e7o \u00e9 vinculado \u00e0 Unidade de Gest\u00e3o de Assist\u00eancia e Desenvolvimento Social (UGADS), com execu\u00e7\u00e3o indireta, por meio do custeio de Organiza\u00e7\u00e3o da Sociedade Civil (OSC). Assim como na unidade 1, a OSC parceira contemplada \u00e9 a Associa\u00e7\u00e3o Pestalozzi de Sumar\u00e9.<\/p>\n\n\n\n<p>A gestora da UGADS, Maria Brant, explica o funcionamento do servi\u00e7o. \u201cDentro da gest\u00e3o, \u00e9 o Centro de Refer\u00eancia Especializado da Assist\u00eancia Social (Creas) que avalia a elegibilidade dos acolhidos, que podem ser encaminhados do Poder Judicial ou pela rede. Identificada a demanda crescente, optou-se pela abertura de uma nova unidade, j\u00e1 que a determina\u00e7\u00e3o \u00e9 de que cada uma possa contar com at\u00e9 dez acolhidos. Com mais este im\u00f3vel para o servi\u00e7o, \u00e9 a pol\u00edtica socioassistencial da cidade quem sai fortalecida e, por isso, cumprimento as equipes da UGADS e da OSC, al\u00e9m do Conselho Municipal de Assist\u00eancia Social (CMAS)\u201d.<\/p>\n\n\n\n<p>Com funcionamento igual ao de uma resid\u00eancia familiar, a nova unidade conta com sala de conviv\u00eancia, de jantar, cozinha, quatro quartos, banheiros, jardim \u2013 todos espa\u00e7os adaptados para pessoas com defici\u00eancia -, al\u00e9m de estrutura administrativa.<\/p>\n\n\n\n<p>Para o presidente da OSC, Darcy Bortolotti, reiterou a import\u00e2ncia do servi\u00e7o. \u201cEsta \u00e9 uma parceria que temos com a Prefeitura de Jundia\u00ed h\u00e1 tr\u00eas anos e que se amplia com a proposta de acolhimento de pessoas pensando em valorizar as suas potencialidades, a partir do trabalho de uma equipe composta por coordena\u00e7\u00e3o, assistente social, psic\u00f3logo, terapeuta ocupacional, cuidadores e profissionais de apoio\u201d.<\/p>\n\n\n\n<p>Uma das moradoras da nova unidade do servi\u00e7o \u00e9 Rose Meire Oliveira, de 42 anos, que \u00e9 cadeirante e faz tratamento de hemodi\u00e1lise. \u201cNa casa eu tenho uma rotina normal de uma casa e posso interagir com os outros moradores como uma fam\u00edlia. Acordo cedo, tomo caf\u00e9 da manh\u00e3, mexo no meu tablet e ou\u00e7o muitos audiolivros, pois tenho defici\u00eancia visual. Meus pais s\u00e3o falecidos e meus irm\u00e3os moram longe, por isso \u00e9 muito importante contar com este servi\u00e7o da Prefeitura\u201d, comentou a usu\u00e1ria, que ser\u00e1 transferida da unidade 1 para a nova unidade do servi\u00e7o.<\/p>\n\n\n\n<p>Participaram da entrega os gestores: da Casa Civil (UGCC), Gustavo Maryssael de Campos; de Governo e Finan\u00e7as (UGGF), Jos\u00e9 Antonio Parimoschi; e de Neg\u00f3cios Jur\u00eddicos e Cidadania (UGNJC), Fernando Souza; al\u00e9m do presidente da C\u00e2mara Municipal, Antonio Albino, e vereadores.<\/p>\n\n\n\n<figure class=\"wp-block-image size-large\"><img loading=\"lazy\" decoding=\"async\" width=\"1200\" height=\"801\" src=\"https:\/\/tvtecjundiai.com.br\/news\/wp-content\/uploads\/sites\/2\/2023\/02\/prefeito-luiz-fernando-machado-faz-entrega-da-residencia-inclusiva-da-ugads_fm_-119-1280x854-1-1200x801.jpg\" alt=\"\" class=\"wp-image-104645\" srcset=\"https:\/\/tvtecjundiai.com.br\/news\/wp-content\/uploads\/sites\/2\/2023\/02\/prefeito-luiz-fernando-machado-faz-entrega-da-residencia-inclusiva-da-ugads_fm_-119-1280x854-1-1200x801.jpg 1200w, https:\/\/tvtecjundiai.com.br\/news\/wp-content\/uploads\/sites\/2\/2023\/02\/prefeito-luiz-fernando-machado-faz-entrega-da-residencia-inclusiva-da-ugads_fm_-119-1280x854-1-300x200.jpg 300w, https:\/\/tvtecjundiai.com.br\/news\/wp-content\/uploads\/sites\/2\/2023\/02\/prefeito-luiz-fernando-machado-faz-entrega-da-residencia-inclusiva-da-ugads_fm_-119-1280x854-1-768x512.jpg 768w, https:\/\/tvtecjundiai.com.br\/news\/wp-content\/uploads\/sites\/2\/2023\/02\/prefeito-luiz-fernando-machado-faz-entrega-da-residencia-inclusiva-da-ugads_fm_-119-1280x854-1.jpg 1280w\" sizes=\"auto, (max-width: 1200px) 100vw, 1200px\" \/><\/figure>\n\n\n\n<p><\/p>\n\n\n\n<p><em><strong>(Fonte\/Imagens: Prefeitura de Jundia\u00ed)<\/strong><\/em><\/p>\n","protected":false},"excerpt":{"rendered":"<p>O servi\u00e7o \u00e9 voltado para o acolhimento de pessoas entre 18 e 59 anos<\/p>\n","protected":false},"author":30,"featured_media":104645,"comment_status":"closed","ping_status":"0","sticky":false,"template":"","format":"standard","meta":{"footnotes":""},"categories":[8392,8356,1],"tags":[],"class_list":["post-104643","post","type-post","status-publish","format-standard","has-post-thumbnail","hentry","category-assistencia-social","category-jundiai","category-noticias"],"_links":{"self":[{"href":"https:\/\/tvtecjundiai.com.br\/news\/wp-json\/wp\/v2\/posts\/104643","targetHints":{"allow":["GET"]}}],"collection":[{"href":"https:\/\/tvtecjundiai.com.br\/news\/wp-json\/wp\/v2\/posts"}],"about":[{"href":"https:\/\/tvtecjundiai.com.br\/news\/wp-json\/wp\/v2\/types\/post"}],"author":[{"embeddable":true,"href":"https:\/\/tvtecjundiai.com.br\/news\/wp-json\/wp\/v2\/users\/30"}],"replies":[{"embeddable":true,"href":"https:\/\/tvtecjundiai.com.br\/news\/wp-json\/wp\/v2\/comments?post=104643"}],"version-history":[{"count":1,"href":"https:\/\/tvtecjundiai.com.br\/news\/wp-json\/wp\/v2\/posts\/104643\/revisions"}],"predecessor-version":[{"id":104646,"href":"https:\/\/tvtecjundiai.com.br\/news\/wp-json\/wp\/v2\/posts\/104643\/revisions\/104646"}],"wp:featuredmedia":[{"embeddable":true,"href":"https:\/\/tvtecjundiai.com.br\/news\/wp-json\/wp\/v2\/media\/104645"}],"wp:attachment":[{"href":"https:\/\/tvtecjundiai.com.br\/news\/wp-json\/wp\/v2\/media?parent=104643"}],"wp:term":[{"taxonomy":"category","embeddable":true,"href":"https:\/\/tvtecjundiai.com.br\/news\/wp-json\/wp\/v2\/categories?post=104643"},{"taxonomy":"post_tag","embeddable":true,"href":"https:\/\/tvtecjundiai.com.br\/news\/wp-json\/wp\/v2\/tags?post=104643"}],"curies":[{"name":"wp","href":"https:\/\/api.w.org\/{rel}","templated":true}]}}