{"id":104647,"date":"2023-02-08T09:23:07","date_gmt":"2023-02-08T12:23:07","guid":{"rendered":"https:\/\/tvtecjundiai.com.br\/news\/?p=104647"},"modified":"2023-02-08T09:32:43","modified_gmt":"2023-02-08T12:32:43","slug":"educacao-entrega-uniformes-e-materiais-escolares-as-criancas-e-familias","status":"publish","type":"post","link":"https:\/\/tvtecjundiai.com.br\/news\/2023\/02\/08\/educacao-entrega-uniformes-e-materiais-escolares-as-criancas-e-familias\/","title":{"rendered":"<strong>Educa\u00e7\u00e3o entrega uniformes e materiais escolares \u00e0s crian\u00e7as e fam\u00edlias<\/strong>"},"content":{"rendered":"\n<p>Antes de o ano letivo come\u00e7ar, os alunos das escolas municipais j\u00e1 receberam seu kit escolar completo.&nbsp; Quem estuda na EMEB Armanda Santina Polenti acordou cedo nesta ter\u00e7a-feira (7) e seguiu \u00e0 unidade de ensino, na companhia da fam\u00edlia, para fazer a retirada. O prefeito Luiz Fernando Machado, os gestores de Educa\u00e7\u00e3o, Vast\u00ed Ferrari Marques, e de Governo e Finan\u00e7as, Jos\u00e9 Antonio Parimoschi, al\u00e9m do vereador M\u00e1rcio Pentecostes de Souza, acompanharam a iniciativa.<\/p>\n\n\n\n<p>Luiz Fernando lembrou que a entrega do kit completo faz parte do programa Escola Inovadora. \u201cEssa \u00e9 uma importante entrega que se estende por toda a rede municipal de ensino. Fico feliz em ver aqui as fam\u00edlias, pois a constru\u00e7\u00e3o do processo educacional efetivo s\u00f3 acontece em conjunto entre escola, fam\u00edlia e sociedade\u201d, declarou o chefe do executivo.&nbsp;<\/p>\n\n\n\n<figure class=\"wp-block-image size-large\"><img loading=\"lazy\" decoding=\"async\" width=\"1200\" height=\"801\" src=\"https:\/\/tvtecjundiai.com.br\/news\/wp-content\/uploads\/sites\/2\/2023\/02\/prefeito_luiz_fernando_machado_entrega_material_escolar_emeb_armanda_santina_polenti_pa-82-1280x854-1-1200x801.jpg\" alt=\"\" class=\"wp-image-104648\" srcset=\"https:\/\/tvtecjundiai.com.br\/news\/wp-content\/uploads\/sites\/2\/2023\/02\/prefeito_luiz_fernando_machado_entrega_material_escolar_emeb_armanda_santina_polenti_pa-82-1280x854-1-1200x801.jpg 1200w, https:\/\/tvtecjundiai.com.br\/news\/wp-content\/uploads\/sites\/2\/2023\/02\/prefeito_luiz_fernando_machado_entrega_material_escolar_emeb_armanda_santina_polenti_pa-82-1280x854-1-300x200.jpg 300w, https:\/\/tvtecjundiai.com.br\/news\/wp-content\/uploads\/sites\/2\/2023\/02\/prefeito_luiz_fernando_machado_entrega_material_escolar_emeb_armanda_santina_polenti_pa-82-1280x854-1-768x512.jpg 768w, https:\/\/tvtecjundiai.com.br\/news\/wp-content\/uploads\/sites\/2\/2023\/02\/prefeito_luiz_fernando_machado_entrega_material_escolar_emeb_armanda_santina_polenti_pa-82-1280x854-1.jpg 1280w\" sizes=\"auto, (max-width: 1200px) 100vw, 1200px\" \/><figcaption class=\"wp-element-caption\">Estudantes e fam\u00edlias receberam o kit escolar completo<\/figcaption><\/figure>\n\n\n\n<p>Com o uniforme escolar do ano anterior, Jo\u00e3o Henrique Dantas, 8 anos, foi um dos alunos que recebeu o kit escolar e contou estar empolgado com o retorno das aulas. \u201cEstou com saudades da escola. Gostei de receber o material completo\u201d, comentou. Jo\u00e3o foi \u00e0 reuni\u00e3o acompanhado do pai Nilson Dantas. \u201cReceber este kit logo no in\u00edcio do ano letivo \u00e9 muito importante para a fam\u00edlia. Eu s\u00f3 tenho elogios \u00e0 rede municipal de ensino. Percebemos que o desenvolvimento do Jo\u00e3o \u00e9 incr\u00edvel por conta da Escola Inovadora\u201d, contou.&nbsp;<\/p>\n\n\n\n<p>Ao todo, s\u00e3o entregues, neste in\u00edcio de ano letivo, uniforme escolar completo para aproximadamente 35 mil estudantes. Os materiais escolares s\u00e3o destinados para os alunos desde a Educa\u00e7\u00e3o Infantil I \u2013 que utilizam de maneira coletiva dentro das escolas -, passando pelas crian\u00e7as da Educa\u00e7\u00e3o Infantil II, Ensino Fundamental e alunos da Educa\u00e7\u00e3o de Jovens e Adultos, somando mais de 38 mil kits de materiais escolares. Tamb\u00e9m s\u00e3o distribu\u00eddos livros did\u00e1ticos de Matem\u00e1tica, L\u00edngua Portuguesa e L\u00edngua Inglesa para mais de 20 mil alunos do 1\u00ba ao 5\u00ba ano. O investimento do kit escolar completo soma mais de R$ 17 milh\u00f5es.&nbsp;<\/p>\n\n\n\n<p>Vast\u00ed enfatizou que n\u00e3o se trata de uma simples entrega. \u201cIniciamos o ano letivo com a entrega do uniforme escolar, kit de material escolar&nbsp; e livros did\u00e1ticos, que auxiliam no processo de aprendizagem, desenvolvimento e aumentam a no\u00e7\u00e3o de pertencimento dos alunos com rela\u00e7\u00e3o \u00e0 escola\u201d, comentou.<\/p>\n\n\n\n<figure class=\"wp-block-image size-large\"><img loading=\"lazy\" decoding=\"async\" width=\"1200\" height=\"801\" src=\"https:\/\/tvtecjundiai.com.br\/news\/wp-content\/uploads\/sites\/2\/2023\/02\/prefeito_luiz_fernando_machado_entrega_material_escolar_emeb_armanda_santina_polenti_pa-4-1280x854-1-1200x801.jpg\" alt=\"\" class=\"wp-image-104649\" srcset=\"https:\/\/tvtecjundiai.com.br\/news\/wp-content\/uploads\/sites\/2\/2023\/02\/prefeito_luiz_fernando_machado_entrega_material_escolar_emeb_armanda_santina_polenti_pa-4-1280x854-1-1200x801.jpg 1200w, https:\/\/tvtecjundiai.com.br\/news\/wp-content\/uploads\/sites\/2\/2023\/02\/prefeito_luiz_fernando_machado_entrega_material_escolar_emeb_armanda_santina_polenti_pa-4-1280x854-1-300x200.jpg 300w, https:\/\/tvtecjundiai.com.br\/news\/wp-content\/uploads\/sites\/2\/2023\/02\/prefeito_luiz_fernando_machado_entrega_material_escolar_emeb_armanda_santina_polenti_pa-4-1280x854-1-768x512.jpg 768w, https:\/\/tvtecjundiai.com.br\/news\/wp-content\/uploads\/sites\/2\/2023\/02\/prefeito_luiz_fernando_machado_entrega_material_escolar_emeb_armanda_santina_polenti_pa-4-1280x854-1.jpg 1280w\" sizes=\"auto, (max-width: 1200px) 100vw, 1200px\" \/><figcaption class=\"wp-element-caption\">Kit escolar conta com material e livros did\u00e1ticos, al\u00e9m dos uniformes<\/figcaption><\/figure>\n\n\n\n<p>O gestor de Governo e Finan\u00e7as destacou que a Escola Inovadora traz conceitos para a vida das crian\u00e7as, que v\u00e3o alem do processo pedag\u00f3gico. \u201cDentre os importantes temas trabalhados, temos a quest\u00e3o da alimenta\u00e7\u00e3o que previne a obesidade infantil, uma quest\u00e3o vinculada \u00e0 sa\u00fade. Em linha com isso, os pais podem acompanhar os card\u00e1pios diariamente por meio do APP da Prefeitura\u201d, lembrou Parimoschi.<\/p>\n\n\n\n<p><strong><em>(Fonte\/Imagens: Prefeitura de Jundia\u00ed)<\/em><\/strong><\/p>\n","protected":false},"excerpt":{"rendered":"<p>A entrega do kit escolar completo faz parte do programa Escola Inovadora<\/p>\n","protected":false},"author":30,"featured_media":104648,"comment_status":"closed","ping_status":"0","sticky":false,"template":"","format":"standard","meta":{"footnotes":""},"categories":[2828,8356,1],"tags":[],"class_list":["post-104647","post","type-post","status-publish","format-standard","has-post-thumbnail","hentry","category-educacao","category-jundiai","category-noticias"],"_links":{"self":[{"href":"https:\/\/tvtecjundiai.com.br\/news\/wp-json\/wp\/v2\/posts\/104647","targetHints":{"allow":["GET"]}}],"collection":[{"href":"https:\/\/tvtecjundiai.com.br\/news\/wp-json\/wp\/v2\/posts"}],"about":[{"href":"https:\/\/tvtecjundiai.com.br\/news\/wp-json\/wp\/v2\/types\/post"}],"author":[{"embeddable":true,"href":"https:\/\/tvtecjundiai.com.br\/news\/wp-json\/wp\/v2\/users\/30"}],"replies":[{"embeddable":true,"href":"https:\/\/tvtecjundiai.com.br\/news\/wp-json\/wp\/v2\/comments?post=104647"}],"version-history":[{"count":2,"href":"https:\/\/tvtecjundiai.com.br\/news\/wp-json\/wp\/v2\/posts\/104647\/revisions"}],"predecessor-version":[{"id":104651,"href":"https:\/\/tvtecjundiai.com.br\/news\/wp-json\/wp\/v2\/posts\/104647\/revisions\/104651"}],"wp:featuredmedia":[{"embeddable":true,"href":"https:\/\/tvtecjundiai.com.br\/news\/wp-json\/wp\/v2\/media\/104648"}],"wp:attachment":[{"href":"https:\/\/tvtecjundiai.com.br\/news\/wp-json\/wp\/v2\/media?parent=104647"}],"wp:term":[{"taxonomy":"category","embeddable":true,"href":"https:\/\/tvtecjundiai.com.br\/news\/wp-json\/wp\/v2\/categories?post=104647"},{"taxonomy":"post_tag","embeddable":true,"href":"https:\/\/tvtecjundiai.com.br\/news\/wp-json\/wp\/v2\/tags?post=104647"}],"curies":[{"name":"wp","href":"https:\/\/api.w.org\/{rel}","templated":true}]}}