{"id":104652,"date":"2023-02-08T09:41:33","date_gmt":"2023-02-08T12:41:33","guid":{"rendered":"https:\/\/tvtecjundiai.com.br\/news\/?p=104652"},"modified":"2023-02-08T09:41:39","modified_gmt":"2023-02-08T12:41:39","slug":"mobilidade-obras-do-complexo-viario-samuel-martins-avancam","status":"publish","type":"post","link":"https:\/\/tvtecjundiai.com.br\/news\/2023\/02\/08\/mobilidade-obras-do-complexo-viario-samuel-martins-avancam\/","title":{"rendered":"Mobilidade: obras do Complexo Vi\u00e1rio Samuel Martins avan\u00e7am"},"content":{"rendered":"\n<p>As obras de mobilidade urbana do Complexo Vi\u00e1rio Samuel Martins est\u00e3o a todo vapor e chegaram a 35% da execu\u00e7\u00e3o conclu\u00edda. Nesta semana, foram lan\u00e7adas as 11 vigas que dar\u00e3o sustenta\u00e7\u00e3o ao viaduto. Or\u00e7ado em R$ 30 milh\u00f5es, sendo R$23 milh\u00f5es de repasse do Governo do Estado e R$7 milh\u00f5es de contrapartida do munic\u00edpio, o dispositivo \u00e9 a principal obra de mobilidade em andamento na cidade.<\/p>\n\n\n\n<figure class=\"wp-block-image size-large\"><img loading=\"lazy\" decoding=\"async\" width=\"1200\" height=\"800\" src=\"https:\/\/tvtecjundiai.com.br\/news\/wp-content\/uploads\/sites\/2\/2023\/02\/instalacao_vigas_viaduto_trevo_samuel_martins_pa-48-1280x853-1-1200x800.jpg\" alt=\"\" class=\"wp-image-104653\" srcset=\"https:\/\/tvtecjundiai.com.br\/news\/wp-content\/uploads\/sites\/2\/2023\/02\/instalacao_vigas_viaduto_trevo_samuel_martins_pa-48-1280x853-1-1200x800.jpg 1200w, https:\/\/tvtecjundiai.com.br\/news\/wp-content\/uploads\/sites\/2\/2023\/02\/instalacao_vigas_viaduto_trevo_samuel_martins_pa-48-1280x853-1-300x200.jpg 300w, https:\/\/tvtecjundiai.com.br\/news\/wp-content\/uploads\/sites\/2\/2023\/02\/instalacao_vigas_viaduto_trevo_samuel_martins_pa-48-1280x853-1-768x512.jpg 768w, https:\/\/tvtecjundiai.com.br\/news\/wp-content\/uploads\/sites\/2\/2023\/02\/instalacao_vigas_viaduto_trevo_samuel_martins_pa-48-1280x853-1.jpg 1280w\" sizes=\"auto, (max-width: 1200px) 100vw, 1200px\" \/><figcaption class=\"wp-element-caption\">Vigas de sustenta\u00e7\u00e3o sendo colocadas no Complexo Vi\u00e1rio Samuel Martins<\/figcaption><\/figure>\n\n\n\n<p>Cada uma das vigas tem 25 metros de comprimento e pesam 30 toneladas. Elas antecedem a etapa de instala\u00e7\u00e3o da pr\u00e9-laje. \u201cO complexo contar\u00e1 com viaduto, al\u00e7as e t\u00fanel para a interliga\u00e7\u00e3o da avenida 14 de Dezembro com a avenida Samuel Martins e Estrada Velha de S\u00e3o Paulo\u201d, comenta o Gestor de Infraestrutura e Servi\u00e7os P\u00fablicos, Adilson Rosa.<\/p>\n\n\n\n<p>\u201cA a\u00e7\u00e3o, prevista em nosso Plano de Mobilidade Urbano, ir\u00e1 resolver um dos principais gargalos vi\u00e1rios da cidade. O recurso foi conquistado junto ao Governo do Estado pelo fato de termos as finan\u00e7as em ordem. Com mais recursos, mais Jundia\u00ed avan\u00e7a\u201d, comenta o Gestor de Governo e Finan\u00e7as, Jos\u00e9 Antonio Parimoschi.<\/p>\n\n\n\n<figure class=\"wp-block-image size-large\"><img loading=\"lazy\" decoding=\"async\" width=\"1200\" height=\"800\" src=\"https:\/\/tvtecjundiai.com.br\/news\/wp-content\/uploads\/sites\/2\/2023\/02\/instalacao_vigas_viaduto_trevo_samuel_martins_pa-2-1280x853-1-1200x800.jpg\" alt=\"\" class=\"wp-image-104654\" srcset=\"https:\/\/tvtecjundiai.com.br\/news\/wp-content\/uploads\/sites\/2\/2023\/02\/instalacao_vigas_viaduto_trevo_samuel_martins_pa-2-1280x853-1-1200x800.jpg 1200w, https:\/\/tvtecjundiai.com.br\/news\/wp-content\/uploads\/sites\/2\/2023\/02\/instalacao_vigas_viaduto_trevo_samuel_martins_pa-2-1280x853-1-300x200.jpg 300w, https:\/\/tvtecjundiai.com.br\/news\/wp-content\/uploads\/sites\/2\/2023\/02\/instalacao_vigas_viaduto_trevo_samuel_martins_pa-2-1280x853-1-768x512.jpg 768w, https:\/\/tvtecjundiai.com.br\/news\/wp-content\/uploads\/sites\/2\/2023\/02\/instalacao_vigas_viaduto_trevo_samuel_martins_pa-2-1280x853-1.jpg 1280w\" sizes=\"auto, (max-width: 1200px) 100vw, 1200px\" \/><figcaption class=\"wp-element-caption\">Obras est\u00e3o com 35% de conclus\u00e3o<\/figcaption><\/figure>\n\n\n\n<p>As obras foram iniciadas em setembro de 2022 e t\u00eam previs\u00e3o de t\u00e9rmino no final deste ano.<\/p>\n\n\n\n<p><em><strong>(Fonte\/Imagens: Prefeitura de Jundia\u00ed)<\/strong><\/em><\/p>\n","protected":false},"excerpt":{"rendered":"<p>As obras t\u00eam previs\u00e3o de t\u00e9rmino no final deste ano<\/p>\n","protected":false},"author":30,"featured_media":104653,"comment_status":"closed","ping_status":"0","sticky":false,"template":"","format":"standard","meta":{"footnotes":""},"categories":[8356,5697,1],"tags":[],"class_list":["post-104652","post","type-post","status-publish","format-standard","has-post-thumbnail","hentry","category-jundiai","category-mobilidade-noticias","category-noticias"],"_links":{"self":[{"href":"https:\/\/tvtecjundiai.com.br\/news\/wp-json\/wp\/v2\/posts\/104652","targetHints":{"allow":["GET"]}}],"collection":[{"href":"https:\/\/tvtecjundiai.com.br\/news\/wp-json\/wp\/v2\/posts"}],"about":[{"href":"https:\/\/tvtecjundiai.com.br\/news\/wp-json\/wp\/v2\/types\/post"}],"author":[{"embeddable":true,"href":"https:\/\/tvtecjundiai.com.br\/news\/wp-json\/wp\/v2\/users\/30"}],"replies":[{"embeddable":true,"href":"https:\/\/tvtecjundiai.com.br\/news\/wp-json\/wp\/v2\/comments?post=104652"}],"version-history":[{"count":1,"href":"https:\/\/tvtecjundiai.com.br\/news\/wp-json\/wp\/v2\/posts\/104652\/revisions"}],"predecessor-version":[{"id":104655,"href":"https:\/\/tvtecjundiai.com.br\/news\/wp-json\/wp\/v2\/posts\/104652\/revisions\/104655"}],"wp:featuredmedia":[{"embeddable":true,"href":"https:\/\/tvtecjundiai.com.br\/news\/wp-json\/wp\/v2\/media\/104653"}],"wp:attachment":[{"href":"https:\/\/tvtecjundiai.com.br\/news\/wp-json\/wp\/v2\/media?parent=104652"}],"wp:term":[{"taxonomy":"category","embeddable":true,"href":"https:\/\/tvtecjundiai.com.br\/news\/wp-json\/wp\/v2\/categories?post=104652"},{"taxonomy":"post_tag","embeddable":true,"href":"https:\/\/tvtecjundiai.com.br\/news\/wp-json\/wp\/v2\/tags?post=104652"}],"curies":[{"name":"wp","href":"https:\/\/api.w.org\/{rel}","templated":true}]}}