{"id":104660,"date":"2023-02-08T11:18:48","date_gmt":"2023-02-08T14:18:48","guid":{"rendered":"https:\/\/tvtecjundiai.com.br\/news\/?p=104660"},"modified":"2023-02-08T11:18:50","modified_gmt":"2023-02-08T14:18:50","slug":"jundiai-registra-caso-de-morcego-positivo-para-raiva-na-regiao-do-terra-nova","status":"publish","type":"post","link":"https:\/\/tvtecjundiai.com.br\/news\/2023\/02\/08\/jundiai-registra-caso-de-morcego-positivo-para-raiva-na-regiao-do-terra-nova\/","title":{"rendered":"Jundia\u00ed registra caso de morcego positivo para raiva na regi\u00e3o do Terra Nova"},"content":{"rendered":"\n<p>A Vigil\u00e2ncia em Sa\u00fade Ambiental (VISAM) \u2013 \u00f3rg\u00e3o da Unidade de Gest\u00e3o de Promo\u00e7\u00e3o da Sa\u00fade (UGPS) \u2013 identificou, no bairro Terra Nova, o segundo caso de morcego positivo para raiva de 2023. Os respons\u00e1veis pela \u00e1rea foram orientados e os t\u00e9cnicos tamb\u00e9m fizeram a busca de sinais de col\u00f4nia nas proximidades.<\/p>\n\n\n\n<p>\u201cEsse caso foi focal e realizamos todas as atividades preconizadas, com foco nas orienta\u00e7\u00f5es\u201d, esclarece o coordenador da VISAM, o veterin\u00e1rio Luis Gustavo Grijota Nascimento.<\/p>\n\n\n\n<p>O morcego \u00e9 da esp\u00e9cie Myotis nigricans, inset\u00edvoro muito comum na cidade. O outro caso, da mesma esp\u00e9cie, foi identificado no dia 16 de janeiro, no bairro Gramad\u00e3o. Em 2022, a cidade contabilizou, ao todo, tr\u00eas casos de raiva em morcegos.<\/p>\n\n\n<div class=\"wp-block-image\">\n<figure class=\"aligncenter size-large is-resized\"><img loading=\"lazy\" decoding=\"async\" src=\"https:\/\/tvtecjundiai.com.br\/news\/wp-content\/uploads\/sites\/2\/2023\/02\/morcego-frugivoro-246-1280x854-1-1200x801.jpg\" alt=\"\" class=\"wp-image-104661\" width=\"645\" height=\"430\" srcset=\"https:\/\/tvtecjundiai.com.br\/news\/wp-content\/uploads\/sites\/2\/2023\/02\/morcego-frugivoro-246-1280x854-1-1200x801.jpg 1200w, https:\/\/tvtecjundiai.com.br\/news\/wp-content\/uploads\/sites\/2\/2023\/02\/morcego-frugivoro-246-1280x854-1-300x200.jpg 300w, https:\/\/tvtecjundiai.com.br\/news\/wp-content\/uploads\/sites\/2\/2023\/02\/morcego-frugivoro-246-1280x854-1-768x512.jpg 768w, https:\/\/tvtecjundiai.com.br\/news\/wp-content\/uploads\/sites\/2\/2023\/02\/morcego-frugivoro-246-1280x854-1.jpg 1280w\" sizes=\"auto, (max-width: 645px) 100vw, 645px\" \/><\/figure>\n<\/div>\n\n\n<p><strong>Orienta\u00e7\u00f5es<\/strong><br>No caso de identifica\u00e7\u00e3o de um morcego em situa\u00e7\u00f5es n\u00e3o usuais, como no interior de resid\u00eancias, nos quintais, voando durante o dia, ou ca\u00eddos no ch\u00e3o, a pessoa deve contatar imediatamente a VISAM, pelos telefones (11) 4589-6340 e (11) 4589-6350 para recolhimento do animal.<\/p>\n\n\n\n<p>Caso seja poss\u00edvel, a orienta\u00e7\u00e3o \u00e9 isolar o c\u00f4modo em que o animal foi encontrado e\/ou imobiliz\u00e1-lo, colocando sobre ele um anteparo como um balde, pote de sorvete, um pano ou uma caixa. Ningu\u00e9m deve manusear os morcegos sem prote\u00e7\u00e3o \u2013 mesmo os encontrados mortos.<\/p>\n\n\n\n<p>A vacina antirr\u00e1bica est\u00e1 dispon\u00edvel gratuitamente na VISAM, a partir de agendamento telef\u00f4nico. A vacina\u00e7\u00e3o dos c\u00e3es e gatos deve ser feita anualmente.<\/p>\n\n\n\n<p><em><strong>(Fonte\/Imagem: Prefeitura de Jundia\u00ed)<\/strong><\/em><\/p>\n","protected":false},"excerpt":{"rendered":"<p>O morcego \u00e9 da esp\u00e9cie Myotis nigricans, inset\u00edvoro muito comum na cidade<\/p>\n","protected":false},"author":30,"featured_media":104661,"comment_status":"closed","ping_status":"0","sticky":false,"template":"","format":"standard","meta":{"footnotes":""},"categories":[8356,1],"tags":[],"class_list":["post-104660","post","type-post","status-publish","format-standard","has-post-thumbnail","hentry","category-jundiai","category-noticias"],"_links":{"self":[{"href":"https:\/\/tvtecjundiai.com.br\/news\/wp-json\/wp\/v2\/posts\/104660","targetHints":{"allow":["GET"]}}],"collection":[{"href":"https:\/\/tvtecjundiai.com.br\/news\/wp-json\/wp\/v2\/posts"}],"about":[{"href":"https:\/\/tvtecjundiai.com.br\/news\/wp-json\/wp\/v2\/types\/post"}],"author":[{"embeddable":true,"href":"https:\/\/tvtecjundiai.com.br\/news\/wp-json\/wp\/v2\/users\/30"}],"replies":[{"embeddable":true,"href":"https:\/\/tvtecjundiai.com.br\/news\/wp-json\/wp\/v2\/comments?post=104660"}],"version-history":[{"count":1,"href":"https:\/\/tvtecjundiai.com.br\/news\/wp-json\/wp\/v2\/posts\/104660\/revisions"}],"predecessor-version":[{"id":104662,"href":"https:\/\/tvtecjundiai.com.br\/news\/wp-json\/wp\/v2\/posts\/104660\/revisions\/104662"}],"wp:featuredmedia":[{"embeddable":true,"href":"https:\/\/tvtecjundiai.com.br\/news\/wp-json\/wp\/v2\/media\/104661"}],"wp:attachment":[{"href":"https:\/\/tvtecjundiai.com.br\/news\/wp-json\/wp\/v2\/media?parent=104660"}],"wp:term":[{"taxonomy":"category","embeddable":true,"href":"https:\/\/tvtecjundiai.com.br\/news\/wp-json\/wp\/v2\/categories?post=104660"},{"taxonomy":"post_tag","embeddable":true,"href":"https:\/\/tvtecjundiai.com.br\/news\/wp-json\/wp\/v2\/tags?post=104660"}],"curies":[{"name":"wp","href":"https:\/\/api.w.org\/{rel}","templated":true}]}}