{"id":104673,"date":"2023-02-08T14:26:10","date_gmt":"2023-02-08T17:26:10","guid":{"rendered":"https:\/\/tvtecjundiai.com.br\/news\/?p=104673"},"modified":"2023-02-08T14:26:18","modified_gmt":"2023-02-08T17:26:18","slug":"monitoramento-de-transito-e-intensificado-para-volta-as-aulas-em-jundiai","status":"publish","type":"post","link":"https:\/\/tvtecjundiai.com.br\/news\/2023\/02\/08\/monitoramento-de-transito-e-intensificado-para-volta-as-aulas-em-jundiai\/","title":{"rendered":"Monitoramento de tr\u00e2nsito \u00e9 intensificado para volta \u00e0s aulas em Jundia\u00ed"},"content":{"rendered":"\n<p>Com o retorno das aulas, a Unidade de Gest\u00e3o de Mobilidade e Transporte (UGMT) tem intensificado o monitoramento e a orienta\u00e7\u00e3o de tr\u00e2nsito nas vias pr\u00f3ximas \u00e0s escolas, para permitir melhor fluidez e seguran\u00e7a vi\u00e1ria, principalmente durante o per\u00edodo de entrada e sa\u00edda dos estudantes.<\/p>\n\n\n\n<p>Durante a \u2018Opera\u00e7\u00e3o Escola\u2019, os agentes permanecem, geralmente em dupla, em frente \u00e0s escolas, para quando necess\u00e1rio realizarem interfer\u00eancias a fim de preservar vagas priorit\u00e1rias regulamentadas e sinalizadas, dar apoio nas travessias de pedestres, al\u00e9m de orientar pais, m\u00e3es e respons\u00e1veis.<br><br>\u201cA volta \u00e0s aulas sempre chega com expectativas boas. Jundia\u00ed \u00e9 uma cidade enorme, e a orienta\u00e7\u00e3o de tr\u00e2nsito faz uma grande diferen\u00e7a para a seguran\u00e7a de todos\u201d, afirma a m\u00e3e de aluno da EMEB Joaquim Candel\u00e1rio de Freitas, Amanda Sepresse Teodoro.<\/p>\n\n\n\n<figure class=\"wp-block-image size-large\"><img loading=\"lazy\" decoding=\"async\" width=\"1200\" height=\"630\" src=\"https:\/\/tvtecjundiai.com.br\/news\/wp-content\/uploads\/sites\/2\/2023\/02\/travessia-mae-e-filha-1280x672-1-1200x630.jpg\" alt=\"\" class=\"wp-image-104676\" srcset=\"https:\/\/tvtecjundiai.com.br\/news\/wp-content\/uploads\/sites\/2\/2023\/02\/travessia-mae-e-filha-1280x672-1-1200x630.jpg 1200w, https:\/\/tvtecjundiai.com.br\/news\/wp-content\/uploads\/sites\/2\/2023\/02\/travessia-mae-e-filha-1280x672-1-300x158.jpg 300w, https:\/\/tvtecjundiai.com.br\/news\/wp-content\/uploads\/sites\/2\/2023\/02\/travessia-mae-e-filha-1280x672-1-768x403.jpg 768w, https:\/\/tvtecjundiai.com.br\/news\/wp-content\/uploads\/sites\/2\/2023\/02\/travessia-mae-e-filha-1280x672-1.jpg 1280w\" sizes=\"auto, (max-width: 1200px) 100vw, 1200px\" \/><figcaption class=\"wp-element-caption\">Na \u2018Opera\u00e7\u00e3o Escola\u2019, os agentes de tr\u00e2nsito orientam motoristas, m\u00e3es e alunos para travessia segura<\/figcaption><\/figure>\n\n\n\n<p><\/p>\n\n\n\n<p>\u201cOs agentes permanecem em locais estrat\u00e9gicos, principalmente, para evitar estacionamentos irregulares e orientar a travessia dos alunos. No caso das vans escolares, por exemplo, \u00e9 necess\u00e1rio que as vagas estejam sempre livres, porque elas transportam um maior n\u00famero de estudantes, e normalmente atendem mais de uma escola. Outro fator preocupante \u00e9 o desembarque em fila dupla, uma vez que h\u00e1 grande risco com motocicletas e\/ou bicicletas transitando nos corredores\u201d, explica o diretor de Tr\u00e2nsito, Esdras Benedito Cintra Junior.<\/p>\n\n\n\n<p><strong>Transporte P\u00fablico<\/strong><\/p>\n\n\n\n<p>Para atender a demanda de estudantes, algumas linhas de \u00f4nibus do Sistema Integrado de Transporte Urbano (SITU) de Jundia\u00ed tamb\u00e9m passam por adequa\u00e7\u00f5es de hor\u00e1rios.<\/p>\n\n\n\n<p>As linhas universit\u00e1rias, 410 e 420, por exemplo, fazem atendimento direto, entre 18 e 19 horas (para a entrada dos estudantes) e das 21 \u00e0s 22h30 (para a sa\u00edda), passando pelas faculdades e universidades. Al\u00e9m disso, s\u00e3o realizadas altera\u00e7\u00f5es em hor\u00e1rios de linhas que atendem estudantes das escolas estaduais, entre elas a 430, 582 e a 584, que circulam pela regi\u00e3o dos bairros Vila Rami, Comercial, Paiol Velho e Terra Nova, passando pela Escola T\u00e9cnica Vasco Antonio Venchiarutti.<\/p>\n\n\n\n<figure class=\"wp-block-image size-large\"><img loading=\"lazy\" decoding=\"async\" width=\"1200\" height=\"762\" src=\"https:\/\/tvtecjundiai.com.br\/news\/wp-content\/uploads\/sites\/2\/2023\/02\/candelario-agentes-1280x813-1-1200x762.jpg\" alt=\"\" class=\"wp-image-104677\" srcset=\"https:\/\/tvtecjundiai.com.br\/news\/wp-content\/uploads\/sites\/2\/2023\/02\/candelario-agentes-1280x813-1-1200x762.jpg 1200w, https:\/\/tvtecjundiai.com.br\/news\/wp-content\/uploads\/sites\/2\/2023\/02\/candelario-agentes-1280x813-1-300x191.jpg 300w, https:\/\/tvtecjundiai.com.br\/news\/wp-content\/uploads\/sites\/2\/2023\/02\/candelario-agentes-1280x813-1-768x488.jpg 768w, https:\/\/tvtecjundiai.com.br\/news\/wp-content\/uploads\/sites\/2\/2023\/02\/candelario-agentes-1280x813-1.jpg 1280w\" sizes=\"auto, (max-width: 1200px) 100vw, 1200px\" \/><figcaption class=\"wp-element-caption\">Com a volta as aulas, os agentes de tr\u00e2nsito permanecem em frente \u00e0s escolas, no per\u00edodo de entrada e sa\u00edda de alunos<\/figcaption><\/figure>\n\n\n\n<p><\/p>\n\n\n\n<p>As adequa\u00e7\u00f5es ocorrem de acordo com o cronograma das unidades escolares. A rede estadual retornou \u00e0s aulas no dia 3 de fevereiro. J\u00e1 as universidades est\u00e3o voltando gradativamente, por isso, os t\u00e9cnicos de Transporte da UGMT refor\u00e7am o acompanhamento de itiner\u00e1rios e a programa\u00e7\u00e3o hor\u00e1ria.<\/p>\n\n\n\n<p>Mais informa\u00e7\u00f5es sobre linhas e hor\u00e1rios das viagens podem ser consultadas no site do SITU (situ.jundiai.sp.gov.br). Al\u00e9m disso, o usu\u00e1rio pode utilizar o aplicativo Cittamobi, que permite ver a localiza\u00e7\u00e3o do \u00f4nibus em tempo real.<\/p>\n\n\n\n<p><em><strong>(Fonte\/Imagens: Prefeitura de Jundia\u00ed)<\/strong><\/em><\/p>\n","protected":false},"excerpt":{"rendered":"<p>Objetivo \u00e9 melhorar a fluidez e seguran\u00e7a vi\u00e1ria nas proximidades de escolas<\/p>\n","protected":false},"author":30,"featured_media":104677,"comment_status":"closed","ping_status":"0","sticky":false,"template":"","format":"standard","meta":{"footnotes":""},"categories":[2828,8356,5697,1],"tags":[],"class_list":["post-104673","post","type-post","status-publish","format-standard","has-post-thumbnail","hentry","category-educacao","category-jundiai","category-mobilidade-noticias","category-noticias"],"_links":{"self":[{"href":"https:\/\/tvtecjundiai.com.br\/news\/wp-json\/wp\/v2\/posts\/104673","targetHints":{"allow":["GET"]}}],"collection":[{"href":"https:\/\/tvtecjundiai.com.br\/news\/wp-json\/wp\/v2\/posts"}],"about":[{"href":"https:\/\/tvtecjundiai.com.br\/news\/wp-json\/wp\/v2\/types\/post"}],"author":[{"embeddable":true,"href":"https:\/\/tvtecjundiai.com.br\/news\/wp-json\/wp\/v2\/users\/30"}],"replies":[{"embeddable":true,"href":"https:\/\/tvtecjundiai.com.br\/news\/wp-json\/wp\/v2\/comments?post=104673"}],"version-history":[{"count":1,"href":"https:\/\/tvtecjundiai.com.br\/news\/wp-json\/wp\/v2\/posts\/104673\/revisions"}],"predecessor-version":[{"id":104678,"href":"https:\/\/tvtecjundiai.com.br\/news\/wp-json\/wp\/v2\/posts\/104673\/revisions\/104678"}],"wp:featuredmedia":[{"embeddable":true,"href":"https:\/\/tvtecjundiai.com.br\/news\/wp-json\/wp\/v2\/media\/104677"}],"wp:attachment":[{"href":"https:\/\/tvtecjundiai.com.br\/news\/wp-json\/wp\/v2\/media?parent=104673"}],"wp:term":[{"taxonomy":"category","embeddable":true,"href":"https:\/\/tvtecjundiai.com.br\/news\/wp-json\/wp\/v2\/categories?post=104673"},{"taxonomy":"post_tag","embeddable":true,"href":"https:\/\/tvtecjundiai.com.br\/news\/wp-json\/wp\/v2\/tags?post=104673"}],"curies":[{"name":"wp","href":"https:\/\/api.w.org\/{rel}","templated":true}]}}