{"id":104682,"date":"2023-02-09T09:19:49","date_gmt":"2023-02-09T12:19:49","guid":{"rendered":"https:\/\/tvtecjundiai.com.br\/news\/?p=104682"},"modified":"2023-02-09T09:19:54","modified_gmt":"2023-02-09T12:19:54","slug":"estudantes-da-rede-municipal-voltam-as-aulas-com-expectativas-para-2023","status":"publish","type":"post","link":"https:\/\/tvtecjundiai.com.br\/news\/2023\/02\/09\/estudantes-da-rede-municipal-voltam-as-aulas-com-expectativas-para-2023\/","title":{"rendered":"Estudantes da rede municipal voltam \u00e0s aulas com expectativas para 2023"},"content":{"rendered":"\n<p>Pietro Fernandes Cristiano, de 10 anos, e a m\u00e3e Erika Fernandes Pardo, aguardavam com expectativa a abertura dos port\u00f5es da EMEB Professor Joaquim Candel\u00e1rio de Freitas, na manh\u00e3 desta quarta-feira (8), para iniciar o ano letivo de 2023. \u201cEstou ansioso para rever meus amigos\u201d, contou o estudante.<\/p>\n\n\n\n<p>A m\u00e3e Erika elogiou o retorno \u00e0s aulas deste ano. \u201cEst\u00e1 tudo bem organizado, ontem recebemos os materiais e uniformes completos. Vou ficar com saudades dele, mas este \u00e9 um importante momento\u201d, comentou.<\/p>\n\n\n\n<figure class=\"wp-block-image size-large\"><img loading=\"lazy\" decoding=\"async\" width=\"1200\" height=\"801\" src=\"https:\/\/tvtecjundiai.com.br\/news\/wp-content\/uploads\/sites\/2\/2023\/02\/volta-as-aulas-emeb-candelario-de-freitas_fm_-12-1280x854-1-1200x801.jpg\" alt=\"\" class=\"wp-image-104683\" srcset=\"https:\/\/tvtecjundiai.com.br\/news\/wp-content\/uploads\/sites\/2\/2023\/02\/volta-as-aulas-emeb-candelario-de-freitas_fm_-12-1280x854-1-1200x801.jpg 1200w, https:\/\/tvtecjundiai.com.br\/news\/wp-content\/uploads\/sites\/2\/2023\/02\/volta-as-aulas-emeb-candelario-de-freitas_fm_-12-1280x854-1-300x200.jpg 300w, https:\/\/tvtecjundiai.com.br\/news\/wp-content\/uploads\/sites\/2\/2023\/02\/volta-as-aulas-emeb-candelario-de-freitas_fm_-12-1280x854-1-768x512.jpg 768w, https:\/\/tvtecjundiai.com.br\/news\/wp-content\/uploads\/sites\/2\/2023\/02\/volta-as-aulas-emeb-candelario-de-freitas_fm_-12-1280x854-1.jpg 1280w\" sizes=\"auto, (max-width: 1200px) 100vw, 1200px\" \/><figcaption class=\"wp-element-caption\">Erika e Pietro aguardaram ansiosos o in\u00edcio das aulas<\/figcaption><\/figure>\n\n\n\n<p>Ap\u00f3s as aberturas dos port\u00f5es, os pais e familiares levaram os estudantes at\u00e9 as salas de aula. \u201cNos tr\u00eas primeiros dias \u00e9 realizada a adapta\u00e7\u00e3o dos alunos, com tempo reduzido. O retorno \u00e0s aulas \u00e9 preparado meses antes para que as crian\u00e7as, fam\u00edlias e educadores possam ser bem recebidos e acolhidos. A Escola Inovadora trabalha o conceito de acolhimento na perspectiva de estabelecer v\u00ednculos com as crian\u00e7as logo no in\u00edcio das aulas, relacionamento conhecimento, ambi\u00eancia escolar, forma\u00e7\u00e3o dos educadores considerando estes como fatores essenciais para o in\u00edcio do ano letivo\u201d, explica a gestora de Educa\u00e7\u00e3o, Vast\u00ed Ferrari Marques.&nbsp;<\/p>\n\n\n\n<p>Para iniciar o ano e lembrar sobre as atividades de desemparedamento da escola e de ocupa\u00e7\u00e3o dos espa\u00e7os do entorno da unidade escolar, em parceria com as Unidades de Gest\u00e3o de Esporte e Lazer e de Cultura, est\u00e1 sendo realizado o programa Voa P\u00e9, que promove descobertas incentiva a criatividade, prop\u00f5e desafios e novas aprendizagens junto \u00e0 natureza no entorno da escola.\u00a0<\/p>\n\n\n\n<figure class=\"wp-block-image size-large\"><img loading=\"lazy\" decoding=\"async\" width=\"1200\" height=\"801\" src=\"https:\/\/tvtecjundiai.com.br\/news\/wp-content\/uploads\/sites\/2\/2023\/02\/volta-as-aulas-emeb-candelario-de-freitas_fm_-144-1280x854-1-1200x801.jpg\" alt=\"\" class=\"wp-image-104684\" srcset=\"https:\/\/tvtecjundiai.com.br\/news\/wp-content\/uploads\/sites\/2\/2023\/02\/volta-as-aulas-emeb-candelario-de-freitas_fm_-144-1280x854-1-1200x801.jpg 1200w, https:\/\/tvtecjundiai.com.br\/news\/wp-content\/uploads\/sites\/2\/2023\/02\/volta-as-aulas-emeb-candelario-de-freitas_fm_-144-1280x854-1-300x200.jpg 300w, https:\/\/tvtecjundiai.com.br\/news\/wp-content\/uploads\/sites\/2\/2023\/02\/volta-as-aulas-emeb-candelario-de-freitas_fm_-144-1280x854-1-768x512.jpg 768w, https:\/\/tvtecjundiai.com.br\/news\/wp-content\/uploads\/sites\/2\/2023\/02\/volta-as-aulas-emeb-candelario-de-freitas_fm_-144-1280x854-1.jpg 1280w\" sizes=\"auto, (max-width: 1200px) 100vw, 1200px\" \/><figcaption class=\"wp-element-caption\">No programa Voa P\u00e9 as atividades s\u00e3o realizadas em espa\u00e7os pr\u00f3ximos das unidades escolares<\/figcaption><\/figure>\n\n\n\n<p>Somente para fevereiro e o retorno das aulas, a Unidade de Gest\u00e3o de Cultura (UGC) realizou as contrata\u00e7\u00f5es de cerca de 250 artistas, para a realiza\u00e7\u00e3o de apresenta\u00e7\u00f5es solo, em duplas ou trios, nesta quarta (08), quinta (09) e sexta-feira (10). No total, est\u00e3o previstas 123 performances, sendo delas 64 no per\u00edodo matutino e outras 59 vespertinas.<\/p>\n\n\n\n<p><strong>Educa\u00e7\u00e3o n\u00e3o violenta<\/strong><\/p>\n\n\n\n<p>Nas unidades de Educa\u00e7\u00e3o Infantil I, al\u00e9m do retorno das crian\u00e7as, teve in\u00edcio o projeto Cria na Paz, um projeto que prioriza a primeira inf\u00e2ncia e trabalha um tema essencial, a educa\u00e7\u00e3o n\u00e3o violenta.\u00a0<\/p>\n\n\n\n<figure class=\"wp-block-image size-large\"><img loading=\"lazy\" decoding=\"async\" width=\"1200\" height=\"801\" src=\"https:\/\/tvtecjundiai.com.br\/news\/wp-content\/uploads\/sites\/2\/2023\/02\/emeb-brigada-gatto-rodrigues-cria-na-paz_fm_-34-1280x854-1-1200x801.jpg\" alt=\"\" class=\"wp-image-104685\" srcset=\"https:\/\/tvtecjundiai.com.br\/news\/wp-content\/uploads\/sites\/2\/2023\/02\/emeb-brigada-gatto-rodrigues-cria-na-paz_fm_-34-1280x854-1-1200x801.jpg 1200w, https:\/\/tvtecjundiai.com.br\/news\/wp-content\/uploads\/sites\/2\/2023\/02\/emeb-brigada-gatto-rodrigues-cria-na-paz_fm_-34-1280x854-1-300x200.jpg 300w, https:\/\/tvtecjundiai.com.br\/news\/wp-content\/uploads\/sites\/2\/2023\/02\/emeb-brigada-gatto-rodrigues-cria-na-paz_fm_-34-1280x854-1-768x512.jpg 768w, https:\/\/tvtecjundiai.com.br\/news\/wp-content\/uploads\/sites\/2\/2023\/02\/emeb-brigada-gatto-rodrigues-cria-na-paz_fm_-34-1280x854-1.jpg 1280w\" sizes=\"auto, (max-width: 1200px) 100vw, 1200px\" \/><figcaption class=\"wp-element-caption\">Ana Paula aprovou o novo programa que o filho Gabriel vai participar sobre a educa\u00e7\u00e3o n\u00e3o violenta<\/figcaption><\/figure>\n\n\n\n<p>Para marcar a a\u00e7\u00e3o, os beb\u00eas receberam babador e camiseta do tema, com a frase \u201cPaci\u00eancia comigo, estou aprendendo \u2013 Cria na Paz, respira e conta at\u00e9 5\u201d. Essa \u00e9 uma campanha que busca interromper o ciclo de viol\u00eancias dom\u00e9sticas contra a crian\u00e7a. \u201cJuntos queremos combater as agress\u00f5es f\u00edsicas, gritos, castigos e humilha\u00e7\u00f5es. A viol\u00eancia muitas vezes \u00e9 cultura e \u00e9 preciso encontrar estrat\u00e9gias, t\u00e9cnicas e apoio de profissionais para mudar h\u00e1bitos dentro e fora de casa\u201d, comenta a gestora adjunta, T\u00e2nia do Amaral Gurgel.&nbsp;<\/p>\n\n\n\n<p>Ana Paula Justino, m\u00e3e de Gabriel Justino comentou sobre o novo projeto. \u201cFiquei feliz, achei muito legal porque os beb\u00eas realmente ainda est\u00e3o aprendendo. Precisamos ter mais calma e tranquilidade para lidar com eles\u201d, comentou.\u00a0<\/p>\n\n\n\n<p><strong><em>(Fonte\/Imagens: Prefeitura de Jundia\u00ed)<\/em><\/strong><\/p>\n","protected":false},"excerpt":{"rendered":"<p>Ap\u00f3s as aberturas dos port\u00f5es, os pais e familiares levaram os alunos at\u00e9 as salas de aula<\/p>\n","protected":false},"author":30,"featured_media":104684,"comment_status":"closed","ping_status":"0","sticky":false,"template":"","format":"standard","meta":{"footnotes":""},"categories":[2828,8356,1],"tags":[],"class_list":["post-104682","post","type-post","status-publish","format-standard","has-post-thumbnail","hentry","category-educacao","category-jundiai","category-noticias"],"_links":{"self":[{"href":"https:\/\/tvtecjundiai.com.br\/news\/wp-json\/wp\/v2\/posts\/104682","targetHints":{"allow":["GET"]}}],"collection":[{"href":"https:\/\/tvtecjundiai.com.br\/news\/wp-json\/wp\/v2\/posts"}],"about":[{"href":"https:\/\/tvtecjundiai.com.br\/news\/wp-json\/wp\/v2\/types\/post"}],"author":[{"embeddable":true,"href":"https:\/\/tvtecjundiai.com.br\/news\/wp-json\/wp\/v2\/users\/30"}],"replies":[{"embeddable":true,"href":"https:\/\/tvtecjundiai.com.br\/news\/wp-json\/wp\/v2\/comments?post=104682"}],"version-history":[{"count":1,"href":"https:\/\/tvtecjundiai.com.br\/news\/wp-json\/wp\/v2\/posts\/104682\/revisions"}],"predecessor-version":[{"id":104686,"href":"https:\/\/tvtecjundiai.com.br\/news\/wp-json\/wp\/v2\/posts\/104682\/revisions\/104686"}],"wp:featuredmedia":[{"embeddable":true,"href":"https:\/\/tvtecjundiai.com.br\/news\/wp-json\/wp\/v2\/media\/104684"}],"wp:attachment":[{"href":"https:\/\/tvtecjundiai.com.br\/news\/wp-json\/wp\/v2\/media?parent=104682"}],"wp:term":[{"taxonomy":"category","embeddable":true,"href":"https:\/\/tvtecjundiai.com.br\/news\/wp-json\/wp\/v2\/categories?post=104682"},{"taxonomy":"post_tag","embeddable":true,"href":"https:\/\/tvtecjundiai.com.br\/news\/wp-json\/wp\/v2\/tags?post=104682"}],"curies":[{"name":"wp","href":"https:\/\/api.w.org\/{rel}","templated":true}]}}