{"id":104687,"date":"2023-02-09T09:24:52","date_gmt":"2023-02-09T12:24:52","guid":{"rendered":"https:\/\/tvtecjundiai.com.br\/news\/?p=104687"},"modified":"2023-02-09T09:24:58","modified_gmt":"2023-02-09T12:24:58","slug":"juiz-conhece-sistema-de-monitoramento-da-guarda-municipal-de-jundiai","status":"publish","type":"post","link":"https:\/\/tvtecjundiai.com.br\/news\/2023\/02\/09\/juiz-conhece-sistema-de-monitoramento-da-guarda-municipal-de-jundiai\/","title":{"rendered":"Juiz conhece sistema de monitoramento da Guarda Municipal de Jundia\u00ed"},"content":{"rendered":"\n<p>A Unidade de Seguran\u00e7a Municipal\/Guarda Municipal de Jundia\u00ed, recebeu na sede da corpora\u00e7\u00e3o, a visita do juiz da Vara da Inf\u00e2ncia e Juventude, Jefferson Barbin Torelli para conhecer os equipamentos e sistemas de monitoramento e seguran\u00e7a implementados na Cidade das Crian\u00e7as.<\/p>\n\n\n\n<p>Recepcionado nesta quarta-feira (08) pelo comandante da GMJ, Benedito Marcos Moreno, o juiz conheceu alguns setores da Guarda Municipal, entre eles a Central de Monitoramento e o setor de intelig\u00eancia da informa\u00e7\u00e3o da UGSM. \u201cApresentamos a ele todo o funcionamento do sistema OCR que l\u00ea os caracteres dos ve\u00edculos e ainda o compartilhamento de informa\u00e7\u00f5es que \u00e9 feito entre a Pol\u00edcia Civil e a Guarda Municipal\u201d, disse o comandante da corpora\u00e7\u00e3o.<\/p>\n\n\n\n<p>Com a\u00e7\u00f5es realizadas frequentemente com o apoio da GMJ, o juiz da Vara da Inf\u00e2ncia parabenizou a estrutura da corpora\u00e7\u00e3o. \u201cFoi uma visita \u00a0para conhecer todo o trabalho da GM. Fiquei extremamente satisfeito com a tecnologia que \u00e9 empregada contra os delitos que s\u00e3o praticados diariamente na cidade. A Guarda \u00e9 fundamental nos trabalhos que estamos fazendo no combate a fiscaliza\u00e7\u00e3o ao consumo de bebidas alco\u00f3licas por crian\u00e7as e adolescentes, al\u00e9m de nos auxiliar nas apreens\u00f5es de motocicletas transitando de forma irregular na cidade\u201d, comentou.<\/p>\n\n\n\n<figure class=\"wp-block-image size-large\"><img loading=\"lazy\" decoding=\"async\" width=\"1200\" height=\"847\" src=\"https:\/\/tvtecjundiai.com.br\/news\/wp-content\/uploads\/sites\/2\/2023\/02\/whatsapp-image-2023-02-08-at-16-25-58-1280x903-1-1200x847.jpeg\" alt=\"\" class=\"wp-image-104688\" srcset=\"https:\/\/tvtecjundiai.com.br\/news\/wp-content\/uploads\/sites\/2\/2023\/02\/whatsapp-image-2023-02-08-at-16-25-58-1280x903-1-1200x847.jpeg 1200w, https:\/\/tvtecjundiai.com.br\/news\/wp-content\/uploads\/sites\/2\/2023\/02\/whatsapp-image-2023-02-08-at-16-25-58-1280x903-1-300x212.jpeg 300w, https:\/\/tvtecjundiai.com.br\/news\/wp-content\/uploads\/sites\/2\/2023\/02\/whatsapp-image-2023-02-08-at-16-25-58-1280x903-1-768x542.jpeg 768w, https:\/\/tvtecjundiai.com.br\/news\/wp-content\/uploads\/sites\/2\/2023\/02\/whatsapp-image-2023-02-08-at-16-25-58-1280x903-1.jpeg 1280w\" sizes=\"auto, (max-width: 1200px) 100vw, 1200px\" \/><figcaption class=\"wp-element-caption\">Juiz da Vara da Inf\u00e2ncia e integrantes do juizado de Menores visitaram sede da Guarda Municipal<\/figcaption><\/figure>\n\n\n\n<p>A gestora de Seguran\u00e7a Municipal, coronel Carla Basson, apresentou todo o investimento que est\u00e1 sendo feito na GMJ, como a constru\u00e7\u00e3o da nova sede da GM na Vila Rami e as obras do novo Canil no bairro do Medeiros. A convite do comandante, nos pr\u00f3ximos dias, o juiz estar\u00e1 visitando as depend\u00eancias do Canil no Expressa Jundia\u00ed e ainda o estande de tiros da GMJ localizado no Distrito Industrial.<\/p>\n\n\n\n<p>Acompanharam a visita do juiz, o corregedor da GMJ, Marcelo Marques, do coordenador da Vara da Inf\u00e2ncia da Juventude, Laerte Righetto e ainda o vereador Val Freitas.<\/p>\n\n\n\n<p><strong><em>(Fonte\/Imagem: Prefeitura de Jundia\u00ed)<\/em><\/strong><\/p>\n","protected":false},"excerpt":{"rendered":"<p>Juiz da Vara da Inf\u00e2ncia parabenizou a estrutura da corpora\u00e7\u00e3o<\/p>\n","protected":false},"author":30,"featured_media":104688,"comment_status":"closed","ping_status":"0","sticky":false,"template":"","format":"standard","meta":{"footnotes":""},"categories":[8356,1,4831],"tags":[],"class_list":["post-104687","post","type-post","status-publish","format-standard","has-post-thumbnail","hentry","category-jundiai","category-noticias","category-seguranca"],"_links":{"self":[{"href":"https:\/\/tvtecjundiai.com.br\/news\/wp-json\/wp\/v2\/posts\/104687","targetHints":{"allow":["GET"]}}],"collection":[{"href":"https:\/\/tvtecjundiai.com.br\/news\/wp-json\/wp\/v2\/posts"}],"about":[{"href":"https:\/\/tvtecjundiai.com.br\/news\/wp-json\/wp\/v2\/types\/post"}],"author":[{"embeddable":true,"href":"https:\/\/tvtecjundiai.com.br\/news\/wp-json\/wp\/v2\/users\/30"}],"replies":[{"embeddable":true,"href":"https:\/\/tvtecjundiai.com.br\/news\/wp-json\/wp\/v2\/comments?post=104687"}],"version-history":[{"count":1,"href":"https:\/\/tvtecjundiai.com.br\/news\/wp-json\/wp\/v2\/posts\/104687\/revisions"}],"predecessor-version":[{"id":104689,"href":"https:\/\/tvtecjundiai.com.br\/news\/wp-json\/wp\/v2\/posts\/104687\/revisions\/104689"}],"wp:featuredmedia":[{"embeddable":true,"href":"https:\/\/tvtecjundiai.com.br\/news\/wp-json\/wp\/v2\/media\/104688"}],"wp:attachment":[{"href":"https:\/\/tvtecjundiai.com.br\/news\/wp-json\/wp\/v2\/media?parent=104687"}],"wp:term":[{"taxonomy":"category","embeddable":true,"href":"https:\/\/tvtecjundiai.com.br\/news\/wp-json\/wp\/v2\/categories?post=104687"},{"taxonomy":"post_tag","embeddable":true,"href":"https:\/\/tvtecjundiai.com.br\/news\/wp-json\/wp\/v2\/tags?post=104687"}],"curies":[{"name":"wp","href":"https:\/\/api.w.org\/{rel}","templated":true}]}}