{"id":104693,"date":"2023-02-09T09:35:31","date_gmt":"2023-02-09T12:35:31","guid":{"rendered":"https:\/\/tvtecjundiai.com.br\/news\/?p=104693"},"modified":"2023-02-09T09:35:38","modified_gmt":"2023-02-09T12:35:38","slug":"jundiai-vai-sediar-a-8a-edicao-da-feira-internacional-de-logistica-brasil-log","status":"publish","type":"post","link":"https:\/\/tvtecjundiai.com.br\/news\/2023\/02\/09\/jundiai-vai-sediar-a-8a-edicao-da-feira-internacional-de-logistica-brasil-log\/","title":{"rendered":"Jundia\u00ed vai sediar a 8\u00aa edi\u00e7\u00e3o da Feira Internacional de Log\u00edstica Brasil LOG"},"content":{"rendered":"\n<p>Jundia\u00ed vai receber em maio a oitava edi\u00e7\u00e3o da Feira Internacional de Log\u00edstica \u2013 Brasil LOG. O evento ser\u00e1 no Parque Comendador Ant\u00f4nio Carbonari, o Parque da Uva, entre os dias 24 e 26 de maio, das 12h \u00e0s 20h. Nesta quarta-feira (8), o idealizador da feira e respons\u00e1vel pela organiza\u00e7\u00e3o, Adelson Lopes, esteve com o gestor de Desenvolvimento Econ\u00f4mico, Ci\u00eancia e Tecnologia, Cristiano Lopes, para anunciar os preparativos.<\/p>\n\n\n\n<p>\u00a0\u201cA Feira Internacional de Log\u00edstica Brasil Log \u00e9 a maior do Estado de S\u00e3o Paulo, reunindo empresas nacionais e estrangeiras. S\u00e3o 18 pa\u00edses j\u00e1 confirmados e 241 cidades no mundo prospectando a feira. Eventos como esse podem contribuir para a chegada de novas empresas multinacionais em Jundia\u00ed\u201d, destacou Cristiano Lopes.<\/p>\n\n\n\n<figure class=\"wp-block-image size-large\"><img loading=\"lazy\" decoding=\"async\" width=\"1200\" height=\"801\" src=\"https:\/\/tvtecjundiai.com.br\/news\/wp-content\/uploads\/sites\/2\/2023\/02\/522-1280x854-1-1200x801.jpg\" alt=\"\" class=\"wp-image-104694\" srcset=\"https:\/\/tvtecjundiai.com.br\/news\/wp-content\/uploads\/sites\/2\/2023\/02\/522-1280x854-1-1200x801.jpg 1200w, https:\/\/tvtecjundiai.com.br\/news\/wp-content\/uploads\/sites\/2\/2023\/02\/522-1280x854-1-300x200.jpg 300w, https:\/\/tvtecjundiai.com.br\/news\/wp-content\/uploads\/sites\/2\/2023\/02\/522-1280x854-1-768x512.jpg 768w, https:\/\/tvtecjundiai.com.br\/news\/wp-content\/uploads\/sites\/2\/2023\/02\/522-1280x854-1.jpg 1280w\" sizes=\"auto, (max-width: 1200px) 100vw, 1200px\" \/><figcaption class=\"wp-element-caption\">Evento contar\u00e1 com rodada de neg\u00f3cios e test drive de ve\u00edculos e equipamentos: maior feira de log\u00edstica do Estado de S\u00e3o Paulo<\/figcaption><\/figure>\n\n\n\n<p>O\u00a0processo de internacionaliza\u00e7\u00e3o\u00a0de Jundia\u00ed \u2013 potencializado ano passado, com a nova<a href=\"https:\/\/negocios.jundiai.sp.gov.br\/invista-em-jundiai\/jundiai-e-o-melhor-endereco-para-seu-proximo-investimento\/\">\u00a0marca e a revista digital<\/a>\u00a0\u2013 tem tudo a ver com eventos deste porte. Em 2022, por exemplo, Jundia\u00ed esteve representada na Smart City Expo World Congress (SCEWC), maior feira de cidades inteligentes do mundo, em Barcelona (Espanha); na Cloud Expo Europe, em Paris (Fran\u00e7a), e na Feira dos Prefeitos e dos Governos Locais, tamb\u00e9m em solo franc\u00eas.<\/p>\n\n\n\n<p>\u201cA participa\u00e7\u00e3o nessas feiras internacionais, al\u00e9m de projetar ainda mais Jundia\u00ed para o mundo e atrair novos neg\u00f3cios para a cidade, nos demonstrou que o planejamento adotado pela gest\u00e3o do prefeito Luiz Fernando Machado est\u00e1 alinhado com o que vem sendo realizado por grandes pot\u00eancias mundiais\u201d, ressaltou Jos\u00e9 Antonio Parimoschi, gestor de Governo e Finan\u00e7as.<\/p>\n\n\n\n<figure class=\"wp-block-image size-large\"><img loading=\"lazy\" decoding=\"async\" width=\"1200\" height=\"900\" src=\"https:\/\/tvtecjundiai.com.br\/news\/wp-content\/uploads\/sites\/2\/2023\/02\/img-3209-1280x960-1-1200x900.jpg\" alt=\"\" class=\"wp-image-104695\" srcset=\"https:\/\/tvtecjundiai.com.br\/news\/wp-content\/uploads\/sites\/2\/2023\/02\/img-3209-1280x960-1-1200x900.jpg 1200w, https:\/\/tvtecjundiai.com.br\/news\/wp-content\/uploads\/sites\/2\/2023\/02\/img-3209-1280x960-1-300x225.jpg 300w, https:\/\/tvtecjundiai.com.br\/news\/wp-content\/uploads\/sites\/2\/2023\/02\/img-3209-1280x960-1-768x576.jpg 768w, https:\/\/tvtecjundiai.com.br\/news\/wp-content\/uploads\/sites\/2\/2023\/02\/img-3209-1280x960-1.jpg 1280w\" sizes=\"auto, (max-width: 1200px) 100vw, 1200px\" \/><figcaption class=\"wp-element-caption\">Gestor Cristiano Lopes com Adelson, durante reuni\u00e3o: 18 pa\u00edses confirmados para o evento em Jundia\u00ed<\/figcaption><\/figure>\n\n\n\n<p><strong>Feira<\/strong><\/p>\n\n\n\n<p>A 8\u00aa edi\u00e7\u00e3o da Feira Internacional de Log\u00edstica \u2013 Brasil LOG deve receber um p\u00fablico estimado em 5 mil pessoas, formado prioritariamente por profissionais da \u00e1rea. O evento reserva espa\u00e7o para test drive de equipamentos, ve\u00edculos e utilit\u00e1rios, al\u00e9m de palestras e rodadas de neg\u00f3cios. Ser\u00e3o aproximadamente 60 expositores nacionais e estrangeiros, movimentando uma verdadeira \u201cfeira de neg\u00f3cios\u201d em Jundia\u00ed.<\/p>\n\n\n\n<p>\u201cA Brasil LOG atrai todo o nicho de mercado dos cinco modais da log\u00edstica: terrestre, a\u00e9reo, mar\u00edtimo, ferrovi\u00e1rio e hidrovi\u00e1rio, ainda em expans\u00e3o. Al\u00e9m de networking, ela \u00e9 uma vitrine para expor os servi\u00e7os e as inova\u00e7\u00f5es do setor\u201d, comentou Adelson Lopes.<\/p>\n\n\n\n<p>A entrada \u00e9 gratuita, mas \u00e9 necess\u00e1rio o credenciamento pelo site:&nbsp;<a href=\"http:\/\/www.feiradelogistica.com\/credenciamento\">www.feiradelogistica.com\/credenciamento<\/a><\/p>\n\n\n\n<p><strong><em>(Fonte: Prefeitura de Jundia\u00ed\/Imagens: Prefeitura de Jundia\u00ed e Divulga\u00e7\u00e3o)<\/em><\/strong><\/p>\n\n\n\n<p><\/p>\n","protected":false},"excerpt":{"rendered":"<p>O evento ser\u00e1 no Parque da Uva, entre os dias 24 e 26 de maio<\/p>\n","protected":false},"author":30,"featured_media":104694,"comment_status":"closed","ping_status":"0","sticky":false,"template":"","format":"standard","meta":{"footnotes":""},"categories":[8356,1],"tags":[],"class_list":["post-104693","post","type-post","status-publish","format-standard","has-post-thumbnail","hentry","category-jundiai","category-noticias"],"_links":{"self":[{"href":"https:\/\/tvtecjundiai.com.br\/news\/wp-json\/wp\/v2\/posts\/104693","targetHints":{"allow":["GET"]}}],"collection":[{"href":"https:\/\/tvtecjundiai.com.br\/news\/wp-json\/wp\/v2\/posts"}],"about":[{"href":"https:\/\/tvtecjundiai.com.br\/news\/wp-json\/wp\/v2\/types\/post"}],"author":[{"embeddable":true,"href":"https:\/\/tvtecjundiai.com.br\/news\/wp-json\/wp\/v2\/users\/30"}],"replies":[{"embeddable":true,"href":"https:\/\/tvtecjundiai.com.br\/news\/wp-json\/wp\/v2\/comments?post=104693"}],"version-history":[{"count":1,"href":"https:\/\/tvtecjundiai.com.br\/news\/wp-json\/wp\/v2\/posts\/104693\/revisions"}],"predecessor-version":[{"id":104696,"href":"https:\/\/tvtecjundiai.com.br\/news\/wp-json\/wp\/v2\/posts\/104693\/revisions\/104696"}],"wp:featuredmedia":[{"embeddable":true,"href":"https:\/\/tvtecjundiai.com.br\/news\/wp-json\/wp\/v2\/media\/104694"}],"wp:attachment":[{"href":"https:\/\/tvtecjundiai.com.br\/news\/wp-json\/wp\/v2\/media?parent=104693"}],"wp:term":[{"taxonomy":"category","embeddable":true,"href":"https:\/\/tvtecjundiai.com.br\/news\/wp-json\/wp\/v2\/categories?post=104693"},{"taxonomy":"post_tag","embeddable":true,"href":"https:\/\/tvtecjundiai.com.br\/news\/wp-json\/wp\/v2\/tags?post=104693"}],"curies":[{"name":"wp","href":"https:\/\/api.w.org\/{rel}","templated":true}]}}