{"id":104709,"date":"2023-02-09T11:13:04","date_gmt":"2023-02-09T14:13:04","guid":{"rendered":"https:\/\/tvtecjundiai.com.br\/news\/?p=104709"},"modified":"2023-02-09T11:15:10","modified_gmt":"2023-02-09T14:15:10","slug":"carnaval-chega-aos-equipamentos-culturais-com-atividades-ja-neste-fim-de-semana","status":"publish","type":"post","link":"https:\/\/tvtecjundiai.com.br\/news\/2023\/02\/09\/carnaval-chega-aos-equipamentos-culturais-com-atividades-ja-neste-fim-de-semana\/","title":{"rendered":"Carnaval chega aos equipamentos culturais com atividades j\u00e1 neste fim de semana"},"content":{"rendered":"\n<p>Neste s\u00e1bado (11) e domingo (12), quando&nbsp;come\u00e7am os desfiles de blocos no pr\u00e9-Carnaval na cidade, os foli\u00f5es que preferem festejar a data de uma outra forma t\u00eam uma s\u00e9rie de atividades gratuitas nos equipamentos culturais municipais, dentro do programa Cidade das Crian\u00e7as.<\/p>\n\n\n\n<p><strong>Biblioteca<\/strong><br>Na Biblioteca Municipal Professor Nelson Foot, a programa\u00e7\u00e3o com a tem\u00e1tica carnavalesca permeia os finais de semana, agora que o funcionamento aos s\u00e1bados se estende das 10h \u00e0s 17h. Para este s\u00e1bado (11), est\u00e3o programadas duas oficinas artesanais com a tem\u00e1tica, com inscri\u00e7\u00f5es pr\u00e9vias e participa\u00e7\u00e3o gratuitas, e media\u00e7\u00e3o da arte educadora Neide Pillekamp.<\/p>\n\n\n\n<p>Das 10h \u00e0s 12h, ser\u00e1 realizada a \u201cOficina de M\u00e1scaras para Carnaval\u201d tem como objetivo a confec\u00e7\u00e3o de m\u00e1scaras carnavalescas a partir de materiais e t\u00e9cnicas diversas que estimulam a imagina\u00e7\u00e3o e a criatividade. S\u00e3o 40 vagas para crian\u00e7as a partir de quatro anos acompanhadas de seus respons\u00e1veis.&nbsp;<a rel=\"noreferrer noopener\" href=\"https:\/\/docs.google.com\/forms\/d\/e\/1FAIpQLSeIqtC5I5bAG0uZIphYGTA7y1U7vFte5XR0HfzeSq_YHyUw7g\/viewform\" target=\"_blank\">FA\u00c7A SUA INSCRI\u00c7\u00c3O GRATUITA<\/a><\/p>\n\n\n\n<p>J\u00e1 das 14h \u00e0s 16h, \u00e9 a vez da \u201cOficina de Customiza\u00e7\u00e3o de Camiseta para Carnaval\u201d, que visa transformar a pe\u00e7a de roupa em \u00fanica e exclusiva para a folia 2023. S\u00e3o 30 vagas para crian\u00e7as a partir de 8 anos, bem como adultos interessados. Cada participante dever\u00e1 trazer a sua pr\u00f3pria camiseta, preferencialmente lisa e de qualquer cor.&nbsp;<a rel=\"noreferrer noopener\" href=\"https:\/\/docs.google.com\/forms\/d\/e\/1FAIpQLSdIj07B-g6_9dPmAFRkRSQp4F-L75mCIIL-5aFLefhMjj_2Rg\/viewform\" target=\"_blank\">FA\u00c7A SUA INSCRI\u00c7\u00c3O GRATUITA<\/a><\/p>\n\n\n\n<figure class=\"wp-block-image size-large\"><img loading=\"lazy\" decoding=\"async\" width=\"1200\" height=\"953\" src=\"https:\/\/tvtecjundiai.com.br\/news\/wp-content\/uploads\/sites\/2\/2023\/02\/oficina_neide_pillekamp-1209x960-2-1200x953.jpg\" alt=\"\" class=\"wp-image-104711\" srcset=\"https:\/\/tvtecjundiai.com.br\/news\/wp-content\/uploads\/sites\/2\/2023\/02\/oficina_neide_pillekamp-1209x960-2-1200x953.jpg 1200w, https:\/\/tvtecjundiai.com.br\/news\/wp-content\/uploads\/sites\/2\/2023\/02\/oficina_neide_pillekamp-1209x960-2-300x238.jpg 300w, https:\/\/tvtecjundiai.com.br\/news\/wp-content\/uploads\/sites\/2\/2023\/02\/oficina_neide_pillekamp-1209x960-2-768x610.jpg 768w, https:\/\/tvtecjundiai.com.br\/news\/wp-content\/uploads\/sites\/2\/2023\/02\/oficina_neide_pillekamp-1209x960-2.jpg 1209w\" sizes=\"auto, (max-width: 1200px) 100vw, 1200px\" \/><figcaption class=\"wp-element-caption\">As oficinas na Biblioteca ser\u00e3o mediadas pela arte educadora Neide Pillekamp, que desenvolve trabalho com diversos segmentos na cidade<\/figcaption><\/figure>\n\n\n\n<p>A Biblioteca est\u00e1 localizada na rua Dr. Cavalcanti, 396 \u2013 Complexo Argos. Mais informa\u00e7\u00f5es 4527-2110.<\/p>\n\n\n\n<p><strong>F\u00e1brica das Inf\u00e2ncias Japy<\/strong><br>J\u00e1 na F\u00e1brica das Inf\u00e2ncias Japy, as atra\u00e7\u00f5es aos finais de semana s\u00e3o sempre \u00e0s 10h30. Neste s\u00e1bado (11), a Cena4 Produ\u00e7\u00f5es chega em ritmo de folia, com o \u201cBlokids\u201d \u2013 bloquinho de Carnaval Infantil, vem cheio de anima\u00e7\u00e3o para cantar e dan\u00e7ar com os pequenos foli\u00f5es, ao som de marchinhas tradicionais e m\u00fasicas do universo infantil. Para participar, basta comparecer, fantasiado ou n\u00e3o.<\/p>\n\n\n\n<p>J\u00e1 no domingo (12), tamb\u00e9m a partir das 10h30, crian\u00e7as de cinco a 12 anos poder\u00e3o participar gratuitamente da \u201cOficina Abor\u00e9: Pir\u00e2mide de Bambu\u201d, atividade f\u00edsica que integra a viv\u00eancia Circo Org\u00e2nico, que faz com que os participantes pratiquem de forma segura a jun\u00e7\u00e3o dos movimentos de circo, dan\u00e7a e movimento natural\/locomo\u00e7\u00e3o animal, sob o comando da professora e arte educadora Mariana Escher, h\u00e1 13 anos atuante no segmento.<\/p>\n\n\n\n<figure class=\"wp-block-image size-large\"><img loading=\"lazy\" decoding=\"async\" width=\"1200\" height=\"896\" src=\"https:\/\/tvtecjundiai.com.br\/news\/wp-content\/uploads\/sites\/2\/2023\/02\/bloquinho-2-1200x896.jpeg\" alt=\"\" class=\"wp-image-104716\" srcset=\"https:\/\/tvtecjundiai.com.br\/news\/wp-content\/uploads\/sites\/2\/2023\/02\/bloquinho-2-1200x896.jpeg 1200w, https:\/\/tvtecjundiai.com.br\/news\/wp-content\/uploads\/sites\/2\/2023\/02\/bloquinho-2-300x224.jpeg 300w, https:\/\/tvtecjundiai.com.br\/news\/wp-content\/uploads\/sites\/2\/2023\/02\/bloquinho-2-768x574.jpeg 768w, https:\/\/tvtecjundiai.com.br\/news\/wp-content\/uploads\/sites\/2\/2023\/02\/bloquinho-2.jpeg 1280w\" sizes=\"auto, (max-width: 1200px) 100vw, 1200px\" \/><\/figure>\n\n\n\n<p>A F\u00e1brica das Inf\u00e2ncias Japy est\u00e1 localizada na rua Lacerda Franco, 175 \u2013 Vila Arens, e funciona aos s\u00e1bados e domingos, das 9h \u00e0s 13h. Mais informa\u00e7\u00f5es pelo telefone 4521-0971.<\/p>\n\n\n\n<p><strong><em>(Fonte\/Imagem: Prefeitura de Jundia\u00ed)<\/em><\/strong><\/p>\n","protected":false},"excerpt":{"rendered":"<p>Para este s\u00e1bado (11), est\u00e3o programadas duas oficinas artesanais<\/p>\n","protected":false},"author":30,"featured_media":104713,"comment_status":"closed","ping_status":"0","sticky":false,"template":"","format":"standard","meta":{"footnotes":""},"categories":[2833,8356,1],"tags":[],"class_list":["post-104709","post","type-post","status-publish","format-standard","has-post-thumbnail","hentry","category-cultura","category-jundiai","category-noticias"],"_links":{"self":[{"href":"https:\/\/tvtecjundiai.com.br\/news\/wp-json\/wp\/v2\/posts\/104709","targetHints":{"allow":["GET"]}}],"collection":[{"href":"https:\/\/tvtecjundiai.com.br\/news\/wp-json\/wp\/v2\/posts"}],"about":[{"href":"https:\/\/tvtecjundiai.com.br\/news\/wp-json\/wp\/v2\/types\/post"}],"author":[{"embeddable":true,"href":"https:\/\/tvtecjundiai.com.br\/news\/wp-json\/wp\/v2\/users\/30"}],"replies":[{"embeddable":true,"href":"https:\/\/tvtecjundiai.com.br\/news\/wp-json\/wp\/v2\/comments?post=104709"}],"version-history":[{"count":2,"href":"https:\/\/tvtecjundiai.com.br\/news\/wp-json\/wp\/v2\/posts\/104709\/revisions"}],"predecessor-version":[{"id":104717,"href":"https:\/\/tvtecjundiai.com.br\/news\/wp-json\/wp\/v2\/posts\/104709\/revisions\/104717"}],"wp:featuredmedia":[{"embeddable":true,"href":"https:\/\/tvtecjundiai.com.br\/news\/wp-json\/wp\/v2\/media\/104713"}],"wp:attachment":[{"href":"https:\/\/tvtecjundiai.com.br\/news\/wp-json\/wp\/v2\/media?parent=104709"}],"wp:term":[{"taxonomy":"category","embeddable":true,"href":"https:\/\/tvtecjundiai.com.br\/news\/wp-json\/wp\/v2\/categories?post=104709"},{"taxonomy":"post_tag","embeddable":true,"href":"https:\/\/tvtecjundiai.com.br\/news\/wp-json\/wp\/v2\/tags?post=104709"}],"curies":[{"name":"wp","href":"https:\/\/api.w.org\/{rel}","templated":true}]}}