{"id":104718,"date":"2023-02-09T13:48:04","date_gmt":"2023-02-09T16:48:04","guid":{"rendered":"https:\/\/tvtecjundiai.com.br\/news\/?p=104718"},"modified":"2023-02-09T15:19:52","modified_gmt":"2023-02-09T18:19:52","slug":"sabado-9-tem-multivacinacao-no-espaco-jundiai-empreendedora","status":"publish","type":"post","link":"https:\/\/tvtecjundiai.com.br\/news\/2023\/02\/09\/sabado-9-tem-multivacinacao-no-espaco-jundiai-empreendedora\/","title":{"rendered":"S\u00e1bado (11) tem multivacina\u00e7\u00e3o no Espa\u00e7o Jundia\u00ed Empreendedora"},"content":{"rendered":"\n<p>A Unidade de Gest\u00e3o de Promo\u00e7\u00e3o da Sa\u00fade (UGPS) prossegue neste s\u00e1bado (11) com a aplica\u00e7\u00e3o de vacinas no Espa\u00e7o Jundia\u00ed Empreendedora, localizado no Maxi Shopping (Piso G3). O atendimento ser\u00e1 das 11h \u00e0s 17h.<\/p>\n\n\n\n<p>Ser\u00e3o disponibilizadas todas as doses contra a COVID-19 para pessoas com 12 anos ou mais; a primeira, segunda e terceira doses da vacina Pfizer Baby \u2013 vers\u00e3o pedi\u00e1trica do imunizante \u2013 para crian\u00e7as de 6 meses a 2 anos; a D2 e a dose de refor\u00e7o da Pfizer Pedi\u00e1trica para crian\u00e7as de 5 a 11 anos; a segunda dose da Coronavac para pessoas com 3 anos ou mais; al\u00e9m da segunda dose da Influenza para crian\u00e7as e das imuniza\u00e7\u00f5es previstas no Calend\u00e1rio Nacional de Imuniza\u00e7\u00e3o do Minist\u00e9rio da Sa\u00fade, voltadas para crian\u00e7as, adolescentes e adultos.<\/p>\n\n\n\n<figure class=\"wp-block-image size-large\"><img loading=\"lazy\" decoding=\"async\" width=\"1200\" height=\"800\" src=\"https:\/\/tvtecjundiai.com.br\/news\/wp-content\/uploads\/sites\/2\/2023\/02\/multivacinacao-no-jundiai-empreendedora_c_-26-1280x853-1-1200x800.jpg\" alt=\"\" class=\"wp-image-104719\" srcset=\"https:\/\/tvtecjundiai.com.br\/news\/wp-content\/uploads\/sites\/2\/2023\/02\/multivacinacao-no-jundiai-empreendedora_c_-26-1280x853-1-1200x800.jpg 1200w, https:\/\/tvtecjundiai.com.br\/news\/wp-content\/uploads\/sites\/2\/2023\/02\/multivacinacao-no-jundiai-empreendedora_c_-26-1280x853-1-300x200.jpg 300w, https:\/\/tvtecjundiai.com.br\/news\/wp-content\/uploads\/sites\/2\/2023\/02\/multivacinacao-no-jundiai-empreendedora_c_-26-1280x853-1-768x512.jpg 768w, https:\/\/tvtecjundiai.com.br\/news\/wp-content\/uploads\/sites\/2\/2023\/02\/multivacinacao-no-jundiai-empreendedora_c_-26-1280x853-1.jpg 1280w\" sizes=\"auto, (max-width: 1200px) 100vw, 1200px\" \/><\/figure>\n\n\n\n<p><\/p>\n\n\n\n<p>Junto com um documento de identidade, \u00e9 importante apresentar a caderneta de vacina\u00e7\u00e3o. No caso da vacina contra COVID-19, quem n\u00e3o estiver com o comprovante, pode informar no momento e ser\u00e1 emitido outro imediatamente.<\/p>\n\n\n\n<p>A UGPS ainda aguarda a entrega pela Secretaria Estadual de Sa\u00fade de novos lotes de doses de vacinas D1 Coronavac e D1 Pfizer Pedi\u00e1trica para retomar a aplica\u00e7\u00e3o para as crian\u00e7as em primeira dose.<\/p>\n\n\n\n<p><strong><em>(Fonte\/Imagem: Prefeitura de Jundia\u00ed)<\/em><\/strong><\/p>\n","protected":false},"excerpt":{"rendered":"<p>O atendimento ser\u00e1 das 11h \u00e0s 17h<\/p>\n","protected":false},"author":30,"featured_media":104719,"comment_status":"closed","ping_status":"0","sticky":false,"template":"","format":"standard","meta":{"footnotes":""},"categories":[8356,1,2839,8355],"tags":[],"class_list":["post-104718","post","type-post","status-publish","format-standard","has-post-thumbnail","hentry","category-jundiai","category-noticias","category-saude","category-saude-3"],"_links":{"self":[{"href":"https:\/\/tvtecjundiai.com.br\/news\/wp-json\/wp\/v2\/posts\/104718","targetHints":{"allow":["GET"]}}],"collection":[{"href":"https:\/\/tvtecjundiai.com.br\/news\/wp-json\/wp\/v2\/posts"}],"about":[{"href":"https:\/\/tvtecjundiai.com.br\/news\/wp-json\/wp\/v2\/types\/post"}],"author":[{"embeddable":true,"href":"https:\/\/tvtecjundiai.com.br\/news\/wp-json\/wp\/v2\/users\/30"}],"replies":[{"embeddable":true,"href":"https:\/\/tvtecjundiai.com.br\/news\/wp-json\/wp\/v2\/comments?post=104718"}],"version-history":[{"count":2,"href":"https:\/\/tvtecjundiai.com.br\/news\/wp-json\/wp\/v2\/posts\/104718\/revisions"}],"predecessor-version":[{"id":104747,"href":"https:\/\/tvtecjundiai.com.br\/news\/wp-json\/wp\/v2\/posts\/104718\/revisions\/104747"}],"wp:featuredmedia":[{"embeddable":true,"href":"https:\/\/tvtecjundiai.com.br\/news\/wp-json\/wp\/v2\/media\/104719"}],"wp:attachment":[{"href":"https:\/\/tvtecjundiai.com.br\/news\/wp-json\/wp\/v2\/media?parent=104718"}],"wp:term":[{"taxonomy":"category","embeddable":true,"href":"https:\/\/tvtecjundiai.com.br\/news\/wp-json\/wp\/v2\/categories?post=104718"},{"taxonomy":"post_tag","embeddable":true,"href":"https:\/\/tvtecjundiai.com.br\/news\/wp-json\/wp\/v2\/tags?post=104718"}],"curies":[{"name":"wp","href":"https:\/\/api.w.org\/{rel}","templated":true}]}}