{"id":104720,"date":"2023-02-09T14:01:54","date_gmt":"2023-02-09T17:01:54","guid":{"rendered":"https:\/\/tvtecjundiai.com.br\/news\/?p=104720"},"modified":"2023-02-09T14:02:01","modified_gmt":"2023-02-09T17:02:01","slug":"novos-integrantes-do-conselho-de-assistencia-social-tomam-posse-para-novo-bienio","status":"publish","type":"post","link":"https:\/\/tvtecjundiai.com.br\/news\/2023\/02\/09\/novos-integrantes-do-conselho-de-assistencia-social-tomam-posse-para-novo-bienio\/","title":{"rendered":"Novos integrantes do Conselho de Assist\u00eancia Social tomam posse para novo bi\u00eanio"},"content":{"rendered":"\n<p>Os novos integrantes do Conselho Municipal de Assist\u00eancia Social (CMAS) para o bi\u00eanio 2023-25 tomaram posse na manh\u00e3 desta quinta-feira (09), em cerim\u00f4nia no audit\u00f3rio do Pa\u00e7o Municipal. Com o objetivo de fiscalizar, acompanhar, monitorar e avaliar a pol\u00edtica socioassistencial e a rede de servi\u00e7os, o CMAS \u00e9 administrativamente vinculado no Munic\u00edpio \u00e0 Unidade de Gest\u00e3o de Assist\u00eancia e Desenvolvimento Social (UGADS).<\/p>\n\n\n\n<p>O diretor do Departamento de Apoio a Conselhos e Entidades da Unidade de Gest\u00e3o da Casa Civil (UGCC), Lu\u00eds Augusto Zambon, deu as boas-vindas aos novos integrantes. \u201cJundia\u00ed conta com 34 conselhos municipais, dos quais fazem parte cerca de 1300 conselheiros, pessoas que auxiliam o Poder P\u00fablico na constru\u00e7\u00e3o e gest\u00e3o das pol\u00edticas, que, no caso do CMAS, s\u00e3o as demandas vinculadas ao segmento social\u201d.<\/p>\n\n\n\n<p>J\u00e1 a gestora da UGADS, Maria Brant, reiterou as frentes de atua\u00e7\u00e3o do conselho junto \u00e0 Unidade. Al\u00e9m da discuss\u00e3o da qualifica\u00e7\u00e3o das pol\u00edticas socioassistenciais, o CMAS merece destaque para duas outras frentes importantes do nosso trabalho, que s\u00e3o dar visibilidade ao que j\u00e1 tem sido feito e apreciar as destina\u00e7\u00f5es de grande parte dos nossos recursos. Um exemplo disso foi o papel do Conselho na implanta\u00e7\u00e3o da segunda unidade da nossa Resid\u00eancia Inclusiva, inaugura no in\u00edcio desta semana. Por isso, o Conselho deve ser um espa\u00e7o de diversidade de vozes e n\u00f3s, enquanto Poder P\u00fablico, reiteramos o compromisso de indicar pessoas relevantes e comprometidas com os cargos que ocupam\u201d.<\/p>\n\n\n\n<figure class=\"wp-block-image size-large\"><img loading=\"lazy\" decoding=\"async\" width=\"1200\" height=\"801\" src=\"https:\/\/tvtecjundiai.com.br\/news\/wp-content\/uploads\/sites\/2\/2023\/02\/ugads_posse_conselho_de_assistencia_cmas-27-1200x801.jpg\" alt=\"\" class=\"wp-image-104721\" srcset=\"https:\/\/tvtecjundiai.com.br\/news\/wp-content\/uploads\/sites\/2\/2023\/02\/ugads_posse_conselho_de_assistencia_cmas-27-1200x801.jpg 1200w, https:\/\/tvtecjundiai.com.br\/news\/wp-content\/uploads\/sites\/2\/2023\/02\/ugads_posse_conselho_de_assistencia_cmas-27-300x200.jpg 300w, https:\/\/tvtecjundiai.com.br\/news\/wp-content\/uploads\/sites\/2\/2023\/02\/ugads_posse_conselho_de_assistencia_cmas-27-768x512.jpg 768w, https:\/\/tvtecjundiai.com.br\/news\/wp-content\/uploads\/sites\/2\/2023\/02\/ugads_posse_conselho_de_assistencia_cmas-27.jpg 1280w\" sizes=\"auto, (max-width: 1200px) 100vw, 1200px\" \/><figcaption class=\"wp-element-caption\">Cerim\u00f4nia de posse foi realizada no audit\u00f3rio do Pa\u00e7o Municipal<\/figcaption><\/figure>\n\n\n\n<p>O atual do conselho, Rodrigo Pierobon Rodrigues, fez um balan\u00e7o da atua\u00e7\u00e3o do \u00faltimo bi\u00eanio. \u201cForam dois anos com muitos desafios, entre eles a realiza\u00e7\u00e3o, na modalidade on-line da \u00faltima confer\u00eancia, em agosto de 2021. Fica o desafio para este bi\u00eanio programar tamb\u00e9m uma confer\u00eancia para este ano, tendo como palavras norteadoras para a pol\u00edtica socioassistencial, que s\u00e3o a qualifica\u00e7\u00e3o e apropria\u00e7\u00e3o dessa pol\u00edtica\u201d.<\/p>\n\n\n\n<p>A elei\u00e7\u00e3o para a mesa-diretora \u2013 composta por presidente, vice, mesa diretora \u2013 e as indica\u00e7\u00f5es das composi\u00e7\u00f5es das comiss\u00f5es ser\u00e3o feitas durante a primeira reuni\u00e3o ordin\u00e1ria da nova gest\u00e3o, marcada para a pr\u00f3xima quinta-feira (16), a partir das 9h, no audit\u00f3rio da Biblioteca Municipal Professor Nelson Foot, no Complexo Argos. Por conta da paridade prevista pela legisla\u00e7\u00e3o, o presidente deste bi\u00eanio dever\u00e1 ser entre os representantes do Poder P\u00fablico.<\/p>\n\n\n\n<p>Confira as listas dos novos integrantes, publicada pela Portaria n\u00ba 13, de 26 de janeiro de 2026:<\/p>\n\n\n\n<p><strong>Representantes do Poder P\u00fablico<\/strong><br>I \u2013 Unidade de Gest\u00e3o de Assist\u00eancia e Desenvolvimento Social (UGADS)<br>Titulares: Maria Brant De Carvalho Falc\u00e3o, Luiz Guilherme Fuschini Camargo, Bruno Moralles Vechiatto e Natalia de Oliveira Pereira;<br>Suplentes: Franciellem Telles Germano, Ariane De Lima Macedo, Patr\u00edcia Ribeiro Pierassi e Raquel Bellodi Crepaldi;<\/p>\n\n\n\n<p>2 \u2013 Unidade de Gest\u00e3o de Promo\u00e7\u00e3o da Sa\u00fade (UGPS)<br>Titular: Iorrane Cunha da Silva;<br>Suplente: Gabriele Cristina Cipriano de Paiva;<\/p>\n\n\n\n<p>3 \u2013 Unidade de Gest\u00e3o de Educa\u00e7\u00e3o (UGE)<br>Titular: Andressa Carolina de Souza;<br>Suplente: Joyce Rodrigues da Mota Iole;<\/p>\n\n\n\n<p>4 \u2013 Unidade de Gest\u00e3o de Esporte e Lazer (UGEL)<br>Titular: Paulo Cesar de Sant\u2019Anna;<br>Suplente: Vanderlei Seregati;<\/p>\n\n\n\n<p>5 \u2013 Unidade de Gest\u00e3o de Cultura (UGC)<br>Titular: Ana Paula Marin;<br>Suplente: Priscila Bonif\u00e1cio;<\/p>\n\n\n\n<p>6 \u2013 Funda\u00e7\u00e3o Municipal de A\u00e7\u00e3o Social (Fumas)<br>Titular: Ana Paula dos Santos Pires;<br>Suplente: Eda Aparecida Selicani Morikuri.<\/p>\n\n\n\n<p><strong>Representantes da Sociedade Civil<br><\/strong>1 \u2013 Representantes de Movimentos, Entidades e Organiza\u00e7\u00f5es<br>Titulares: Amanda de Almeida (Associa\u00e7\u00e3o e Comunidade Casa de Nazar\u00e9), Rodrigo Pierobon Rodrigues (Associa\u00e7\u00e3o Acolhimento Bom Pastor) e Kelly Isabelly Godoy da Cruz (Instituto Nacional de Desenvolvimento Social d Cultural \u2013 Indesc);<br>Suplente: Ana Maria Gomes de Melo (SOS \u2013 Servi\u00e7o de Obras Sociais), Marcia Aparecida de Oliveira (Cidade Vicentina Frederico Ozanam) e Maria Polli Mendes Pereira (C\u00e1ritas Diocesana de Jundia\u00ed);<\/p>\n\n\n\n<p>2 \u2013 Representantes de Trabalhadores do SUAS Jundia\u00ed \u2013 Sistema \u00danico da Assist\u00eancia Social \/ F\u00f3rum de Trabalhadores do SUAS<br>Titulares: Anelise Alves de Lima e Reinaldo Fernandes;<br>Suplente: Eliana Alves de Oliveira e Juliana da Paz;<\/p>\n\n\n\n<p>3 \u2013 Representantes dos Usu\u00e1rios do SUAS:<br>Titulares: Maria Aparecida Francisca de Carvalho (Cras Oeste), Marina Gon\u00e7alves Neto (Rede Socioassistencial do Jardim Novo Horizonte) e Salete Aparecida Dos Santos (Cras Nordeste)<br>Suplente: Maria de F\u00e1tima da Silva (Rede Socializa-A\u00e7\u00e3o \u2013 S\u00e3o Camilo).<\/p>\n\n\n\n<p><strong><em>(Fonte\/Imagem: Prefeitura de Jundia\u00ed)<\/em><\/strong><\/p>\n","protected":false},"excerpt":{"rendered":"<p>Jundia\u00ed conta com 34 conselhos municipais, dos quais fazem parte cerca de 1300 conselheiros<\/p>\n","protected":false},"author":30,"featured_media":104721,"comment_status":"closed","ping_status":"0","sticky":false,"template":"","format":"standard","meta":{"footnotes":""},"categories":[8356,1],"tags":[],"class_list":["post-104720","post","type-post","status-publish","format-standard","has-post-thumbnail","hentry","category-jundiai","category-noticias"],"_links":{"self":[{"href":"https:\/\/tvtecjundiai.com.br\/news\/wp-json\/wp\/v2\/posts\/104720","targetHints":{"allow":["GET"]}}],"collection":[{"href":"https:\/\/tvtecjundiai.com.br\/news\/wp-json\/wp\/v2\/posts"}],"about":[{"href":"https:\/\/tvtecjundiai.com.br\/news\/wp-json\/wp\/v2\/types\/post"}],"author":[{"embeddable":true,"href":"https:\/\/tvtecjundiai.com.br\/news\/wp-json\/wp\/v2\/users\/30"}],"replies":[{"embeddable":true,"href":"https:\/\/tvtecjundiai.com.br\/news\/wp-json\/wp\/v2\/comments?post=104720"}],"version-history":[{"count":1,"href":"https:\/\/tvtecjundiai.com.br\/news\/wp-json\/wp\/v2\/posts\/104720\/revisions"}],"predecessor-version":[{"id":104726,"href":"https:\/\/tvtecjundiai.com.br\/news\/wp-json\/wp\/v2\/posts\/104720\/revisions\/104726"}],"wp:featuredmedia":[{"embeddable":true,"href":"https:\/\/tvtecjundiai.com.br\/news\/wp-json\/wp\/v2\/media\/104721"}],"wp:attachment":[{"href":"https:\/\/tvtecjundiai.com.br\/news\/wp-json\/wp\/v2\/media?parent=104720"}],"wp:term":[{"taxonomy":"category","embeddable":true,"href":"https:\/\/tvtecjundiai.com.br\/news\/wp-json\/wp\/v2\/categories?post=104720"},{"taxonomy":"post_tag","embeddable":true,"href":"https:\/\/tvtecjundiai.com.br\/news\/wp-json\/wp\/v2\/tags?post=104720"}],"curies":[{"name":"wp","href":"https:\/\/api.w.org\/{rel}","templated":true}]}}