{"id":104729,"date":"2023-02-09T14:14:07","date_gmt":"2023-02-09T17:14:07","guid":{"rendered":"https:\/\/tvtecjundiai.com.br\/news\/?p=104729"},"modified":"2023-02-09T14:14:16","modified_gmt":"2023-02-09T17:14:16","slug":"nova-odessa-busca-referencia-no-programa-jundiai-cidade-das-criancas","status":"publish","type":"post","link":"https:\/\/tvtecjundiai.com.br\/news\/2023\/02\/09\/nova-odessa-busca-referencia-no-programa-jundiai-cidade-das-criancas\/","title":{"rendered":"Nova Odessa busca refer\u00eancia no programa Jundia\u00ed, Cidade das Crian\u00e7as"},"content":{"rendered":"\n<p>O prefeito Luiz Fernando Machado recebeu, nesta semana, no Pa\u00e7o Municipal, uma comitiva do Munic\u00edpio paulista de Nova Odessa interessada em saber mais sobre o desenvolvimento das a\u00e7\u00f5es do programa Jundia\u00ed, Cidade das Crian\u00e7as.<\/p>\n\n\n\n<p>Durante o encontro, o prefeito ressaltou a prioridade dada ao tema em Jundia\u00ed. \u201cO \u00eaxito da iniciativa se deve ao comprometimento tanto do Poder P\u00fablico quanto da sociedade. Estamos cada vez mais convencidos de que a redu\u00e7\u00e3o das desigualdades sociais e o encerramento de ciclos de pobreza dependem do est\u00edmulo ao desenvolvimento pleno durante a inf\u00e2ncia, e, por isso, temos a crian\u00e7a como prioridade\u201d, afirmou.<\/p>\n\n\n\n<figure class=\"wp-block-image size-large\"><img loading=\"lazy\" decoding=\"async\" width=\"1200\" height=\"800\" src=\"https:\/\/tvtecjundiai.com.br\/news\/wp-content\/uploads\/sites\/2\/2023\/02\/reuniao_gabinete_gestores_nova_odessa_pa-24-1536x1024-1-1200x800.jpg\" alt=\"\" class=\"wp-image-104730\" srcset=\"https:\/\/tvtecjundiai.com.br\/news\/wp-content\/uploads\/sites\/2\/2023\/02\/reuniao_gabinete_gestores_nova_odessa_pa-24-1536x1024-1-1200x800.jpg 1200w, https:\/\/tvtecjundiai.com.br\/news\/wp-content\/uploads\/sites\/2\/2023\/02\/reuniao_gabinete_gestores_nova_odessa_pa-24-1536x1024-1-300x200.jpg 300w, https:\/\/tvtecjundiai.com.br\/news\/wp-content\/uploads\/sites\/2\/2023\/02\/reuniao_gabinete_gestores_nova_odessa_pa-24-1536x1024-1-768x512.jpg 768w, https:\/\/tvtecjundiai.com.br\/news\/wp-content\/uploads\/sites\/2\/2023\/02\/reuniao_gabinete_gestores_nova_odessa_pa-24-1536x1024-1.jpg 1280w\" sizes=\"auto, (max-width: 1200px) 100vw, 1200px\" \/><figcaption class=\"wp-element-caption\">Comitiva visitou o Pa\u00e7o Municipal e espa\u00e7os p\u00fablicos onde os eixos do programa s\u00e3o aplicados<\/figcaption><\/figure>\n\n\n\n<p>Foram apresentados durante o encontro os conceitos vinculados ao programa Cidade das Crian\u00e7as, as redes das quais o Munic\u00edpio \u00e9 signat\u00e1rio \u2013 Rede Latino-Americana Cidade das Crian\u00e7as e Urban95, al\u00e9m de pr\u00e1ticas na rede educacional para o enfrentamento \u00e0 viol\u00eancia e um projeto-piloto de alertas integrados de Sa\u00fade, Educa\u00e7\u00e3o e Assist\u00eancia Social.<\/p>\n\n\n\n<p>Participaram da reuni\u00e3o os gestores Jos\u00e9 Antonio Parimoschi (Governo e Finan\u00e7as), Gustavo Maryssael (Casa Civil), Marcelo Peroni (Cultura) e Vast\u00ed Ferrari Marques (Educa\u00e7\u00e3o), al\u00e9m de representantes dos Poderes Executivo e Legislativo de Nova Odessa.<\/p>\n\n\n\n<p>A comitiva foi convidada pelo prefeito para participar do 1\u00ba Encontro Brasileiro Cidades das Crian\u00e7as e F\u00f3rum Internacional das Inf\u00e2ncia, que ser\u00e1 realizado pela Prefeitura entre 18 e 24 de mar\u00e7o. Ap\u00f3s a agenda no Pa\u00e7o, o grupo visitou espa\u00e7os p\u00fablicos onde os eixos do programa Cidade das Crian\u00e7as s\u00e3o aplicados.<\/p>\n\n\n\n<p><strong><em>(Fonte\/Imagem: Prefeitura de Jundia\u00ed)<\/em><\/strong><\/p>\n","protected":false},"excerpt":{"rendered":"<p>A comitiva foi convidada pelo prefeito para participar do 1\u00ba Encontro Brasileiro Cidades das Crian\u00e7as<\/p>\n","protected":false},"author":30,"featured_media":104730,"comment_status":"closed","ping_status":"0","sticky":false,"template":"","format":"standard","meta":{"footnotes":""},"categories":[8356,1],"tags":[],"class_list":["post-104729","post","type-post","status-publish","format-standard","has-post-thumbnail","hentry","category-jundiai","category-noticias"],"_links":{"self":[{"href":"https:\/\/tvtecjundiai.com.br\/news\/wp-json\/wp\/v2\/posts\/104729","targetHints":{"allow":["GET"]}}],"collection":[{"href":"https:\/\/tvtecjundiai.com.br\/news\/wp-json\/wp\/v2\/posts"}],"about":[{"href":"https:\/\/tvtecjundiai.com.br\/news\/wp-json\/wp\/v2\/types\/post"}],"author":[{"embeddable":true,"href":"https:\/\/tvtecjundiai.com.br\/news\/wp-json\/wp\/v2\/users\/30"}],"replies":[{"embeddable":true,"href":"https:\/\/tvtecjundiai.com.br\/news\/wp-json\/wp\/v2\/comments?post=104729"}],"version-history":[{"count":1,"href":"https:\/\/tvtecjundiai.com.br\/news\/wp-json\/wp\/v2\/posts\/104729\/revisions"}],"predecessor-version":[{"id":104731,"href":"https:\/\/tvtecjundiai.com.br\/news\/wp-json\/wp\/v2\/posts\/104729\/revisions\/104731"}],"wp:featuredmedia":[{"embeddable":true,"href":"https:\/\/tvtecjundiai.com.br\/news\/wp-json\/wp\/v2\/media\/104730"}],"wp:attachment":[{"href":"https:\/\/tvtecjundiai.com.br\/news\/wp-json\/wp\/v2\/media?parent=104729"}],"wp:term":[{"taxonomy":"category","embeddable":true,"href":"https:\/\/tvtecjundiai.com.br\/news\/wp-json\/wp\/v2\/categories?post=104729"},{"taxonomy":"post_tag","embeddable":true,"href":"https:\/\/tvtecjundiai.com.br\/news\/wp-json\/wp\/v2\/tags?post=104729"}],"curies":[{"name":"wp","href":"https:\/\/api.w.org\/{rel}","templated":true}]}}