{"id":104743,"date":"2023-02-09T15:12:18","date_gmt":"2023-02-09T18:12:18","guid":{"rendered":"https:\/\/tvtecjundiai.com.br\/news\/?p=104743"},"modified":"2023-02-09T15:17:35","modified_gmt":"2023-02-09T18:17:35","slug":"queda-de-idosos-esta-entre-as-ocorrencias-mais-frequentes-do-samu-jundiai","status":"publish","type":"post","link":"https:\/\/tvtecjundiai.com.br\/news\/2023\/02\/09\/queda-de-idosos-esta-entre-as-ocorrencias-mais-frequentes-do-samu-jundiai\/","title":{"rendered":"Queda de idosos est\u00e1 entre as ocorr\u00eancias mais frequentes do SAMU Jundia\u00ed"},"content":{"rendered":"\n<p>Mais debilitada e com mobilidade reduzida, os cuidados com a popula\u00e7\u00e3o idosa acontece principalmente por meio de medidas de preven\u00e7\u00e3o de acidentes. Todas as atividades, por mais simples que sejam, exigem aten\u00e7\u00e3o extra. No \u00faltimo ano, o Servi\u00e7o M\u00f3vel de Urg\u00eancia e Emerg\u00eancia (SAMU) de Jundia\u00ed, atendeu 1.074 ocorr\u00eancias de queda de idosos acima dos 65 anos. Esse tipo de atendimento est\u00e1 entre um dos atendimentos de maior preval\u00eancia entre os chamados registrados pelos profissionais da unidade. Em mais uma orienta\u00e7\u00e3o para presta\u00e7\u00e3o de servi\u00e7os \u00e0 comunidade, o m\u00e9dico coordenador do SAMU, Dr. Mario Jorge Kodama, fala sobre fatores de risco, tratamentos e medidas preventivas.<\/p>\n\n\n\n<p>\u201cEmbora n\u00e3o seja uma consequ\u00eancia inevit\u00e1vel do envelhecimento, a queda pode sinalizar o in\u00edcio de fragilidade ou indicar doen\u00e7a aguda. Al\u00e9m dos problemas m\u00e9dicos, as quedas apresentam custo social, econ\u00f4mico e psicol\u00f3gico enormes, aumentando a depend\u00eancia e a institucionaliza\u00e7\u00e3o. Estima-se que h\u00e1 uma queda para um em cada tr\u00eas indiv\u00edduos com mais de 65 anos e que um em vinte daqueles que sofreram uma queda sofram uma fratura ou necessitem de interna\u00e7\u00e3o. Outra estat\u00edstica mostra que 40% dos pacientes com 80 anos ou mais, cai a cada ano. J\u00e1 dos que moram em asilos e casas de repouso, a frequ\u00eancia de quedas \u00e9 de 50%. A preven\u00e7\u00e3o de quedas \u00e9 tarefa dif\u00edcil devido \u00e0 variedade de fatores que as predisp\u00f5em\u201d.<\/p>\n\n\n<div class=\"wp-block-image\">\n<figure class=\"aligncenter size-large is-resized\"><img loading=\"lazy\" decoding=\"async\" src=\"https:\/\/tvtecjundiai.com.br\/news\/wp-content\/uploads\/sites\/2\/2023\/02\/Medico-do-SAMU-alerta-para-riscos-e-prevencao-da-queda-de-idosos-1200x800.jpg\" alt=\"\" class=\"wp-image-104744\" width=\"659\" height=\"439\" srcset=\"https:\/\/tvtecjundiai.com.br\/news\/wp-content\/uploads\/sites\/2\/2023\/02\/Medico-do-SAMU-alerta-para-riscos-e-prevencao-da-queda-de-idosos-1200x800.jpg 1200w, https:\/\/tvtecjundiai.com.br\/news\/wp-content\/uploads\/sites\/2\/2023\/02\/Medico-do-SAMU-alerta-para-riscos-e-prevencao-da-queda-de-idosos-300x200.jpg 300w, https:\/\/tvtecjundiai.com.br\/news\/wp-content\/uploads\/sites\/2\/2023\/02\/Medico-do-SAMU-alerta-para-riscos-e-prevencao-da-queda-de-idosos-768x512.jpg 768w, https:\/\/tvtecjundiai.com.br\/news\/wp-content\/uploads\/sites\/2\/2023\/02\/Medico-do-SAMU-alerta-para-riscos-e-prevencao-da-queda-de-idosos.jpg 1280w\" sizes=\"auto, (max-width: 659px) 100vw, 659px\" \/><\/figure>\n<\/div>\n\n\n<p>A distribui\u00e7\u00e3o das causas difere entre idosos no conv\u00edvio familiar e os que residem em asilos e casas de repouso. Na primeira situa\u00e7\u00e3o, os pacientes tendem a cair por problemas ambientais, seguidos de fraqueza ou dist\u00farbios do equil\u00edbrio e marcha, s\u00edncope, tontura ou vertigem, altera\u00e7\u00e3o postural ou hipotens\u00e3o ortost\u00e1tica, les\u00e3o do sistema nervoso central e s\u00edncope. J\u00e1 as quedas dos idosos que se encontram nas institui\u00e7\u00e3o e cl\u00ednicas, s\u00e3o em decorr\u00eancia de dist\u00farbios de marcha, equil\u00edbrio, vertigem e confus\u00e3o mental.<\/p>\n\n\n\n<p><strong>Preven\u00e7\u00e3o<\/strong><\/p>\n\n\n\n<p>Fa\u00e7a exames oftalmol\u00f3gicos e f\u00edsicos anualmente, em espec\u00edfico para detectar a exist\u00eancia de problemas card\u00edacos e de press\u00e3o arterial; mantenha em sua dieta uma ingest\u00e3o adequada de C\u00e1lcio e vitamina D; tome banhos de sol diariamente; participe de programas de atividade f\u00edsica que visem o desenvolvimento de agilidade, for\u00e7a, equil\u00edbrio, coordena\u00e7\u00e3o e ganho de for\u00e7a do quadr\u00edceps e mobilidade do tornozelo; use sapatos com sola antiderrapante; amarre o cadar\u00e7o do seu cal\u00e7ado; substitua os chinelos que est\u00e3o deformados ou est\u00e3o muito frouxos; use uma cal\u00e7adeira ou sente-se para colocar seu sapato; evite sapatos altos e com sola lisa; evite ingest\u00e3o excessiva de bebidas alco\u00f3licas; mantenha uma lista atualizada de todos os medicamentos que est\u00e1 tomando, ou que costuma tomar, e as d\u00ea para os m\u00e9dicos com quem faz consulta; informe-se com o seu m\u00e9dico sobre os efeitos colaterais dos rem\u00e9dios que voc\u00ea est\u00e1 tomando e de seu consumo em excesso; certifique-se de que todos os medicamentos estejam claramente rotulados e guardados em um local adequado (que respeite as instru\u00e7\u00f5es de armazenamento); tome os medicamentos nos hor\u00e1rios corretos e da forma que foi receitada pelo m\u00e9dico, na maioria dos casos acompanhados com um copo d&#8217;\u00e1gua; nunca ande s\u00f3 de meias.<\/p>\n\n\n\n<p><strong><em>(Fonte\/Imagem: Assessoria Hospital S\u00e3o Vicente)<\/em><\/strong><\/p>\n","protected":false},"excerpt":{"rendered":"<p>No \u00faltimo ano, o SAMU da cidade atendeu 1.074 ocorr\u00eancias de queda de idosos acima dos 65 anos<\/p>\n","protected":false},"author":30,"featured_media":104744,"comment_status":"closed","ping_status":"0","sticky":false,"template":"","format":"standard","meta":{"footnotes":""},"categories":[8356,1,2839,8355],"tags":[],"class_list":["post-104743","post","type-post","status-publish","format-standard","has-post-thumbnail","hentry","category-jundiai","category-noticias","category-saude","category-saude-3"],"_links":{"self":[{"href":"https:\/\/tvtecjundiai.com.br\/news\/wp-json\/wp\/v2\/posts\/104743","targetHints":{"allow":["GET"]}}],"collection":[{"href":"https:\/\/tvtecjundiai.com.br\/news\/wp-json\/wp\/v2\/posts"}],"about":[{"href":"https:\/\/tvtecjundiai.com.br\/news\/wp-json\/wp\/v2\/types\/post"}],"author":[{"embeddable":true,"href":"https:\/\/tvtecjundiai.com.br\/news\/wp-json\/wp\/v2\/users\/30"}],"replies":[{"embeddable":true,"href":"https:\/\/tvtecjundiai.com.br\/news\/wp-json\/wp\/v2\/comments?post=104743"}],"version-history":[{"count":2,"href":"https:\/\/tvtecjundiai.com.br\/news\/wp-json\/wp\/v2\/posts\/104743\/revisions"}],"predecessor-version":[{"id":104746,"href":"https:\/\/tvtecjundiai.com.br\/news\/wp-json\/wp\/v2\/posts\/104743\/revisions\/104746"}],"wp:featuredmedia":[{"embeddable":true,"href":"https:\/\/tvtecjundiai.com.br\/news\/wp-json\/wp\/v2\/media\/104744"}],"wp:attachment":[{"href":"https:\/\/tvtecjundiai.com.br\/news\/wp-json\/wp\/v2\/media?parent=104743"}],"wp:term":[{"taxonomy":"category","embeddable":true,"href":"https:\/\/tvtecjundiai.com.br\/news\/wp-json\/wp\/v2\/categories?post=104743"},{"taxonomy":"post_tag","embeddable":true,"href":"https:\/\/tvtecjundiai.com.br\/news\/wp-json\/wp\/v2\/tags?post=104743"}],"curies":[{"name":"wp","href":"https:\/\/api.w.org\/{rel}","templated":true}]}}