{"id":104748,"date":"2023-02-09T16:09:14","date_gmt":"2023-02-09T19:09:14","guid":{"rendered":"https:\/\/tvtecjundiai.com.br\/news\/?p=104748"},"modified":"2023-02-09T16:09:18","modified_gmt":"2023-02-09T19:09:18","slug":"hospital-universitario-faz-festa-de-aniversario-para-paciente-na-uti-pediatrica-em-jundiai","status":"publish","type":"post","link":"https:\/\/tvtecjundiai.com.br\/news\/2023\/02\/09\/hospital-universitario-faz-festa-de-aniversario-para-paciente-na-uti-pediatrica-em-jundiai\/","title":{"rendered":"Hospital Universit\u00e1rio faz festa de anivers\u00e1rio para paciente na UTI Pedi\u00e1trica, em Jundia\u00ed"},"content":{"rendered":"\n<p>Nesta quinta-feira (9), o Servi\u00e7o de Nutri\u00e7\u00e3o e Diet\u00e9tica do Hospital Universit\u00e1rio celebrou o anivers\u00e1rio de 5 anos da paciente Allyce, que est\u00e1 internada na UTI Pedi\u00e1trica desde 1\u00ba de fevereiro. A equipe organizou uma pequena festa para celebrar a data especial.<\/p>\n\n\n\n<figure class=\"wp-block-image size-large\"><img loading=\"lazy\" decoding=\"async\" width=\"1200\" height=\"900\" src=\"https:\/\/tvtecjundiai.com.br\/news\/wp-content\/uploads\/sites\/2\/2023\/02\/Alice-e-equipe-da-UTI-do-HU-1200x900.jpeg\" alt=\"\" class=\"wp-image-104749\" srcset=\"https:\/\/tvtecjundiai.com.br\/news\/wp-content\/uploads\/sites\/2\/2023\/02\/Alice-e-equipe-da-UTI-do-HU-1200x900.jpeg 1200w, https:\/\/tvtecjundiai.com.br\/news\/wp-content\/uploads\/sites\/2\/2023\/02\/Alice-e-equipe-da-UTI-do-HU-300x225.jpeg 300w, https:\/\/tvtecjundiai.com.br\/news\/wp-content\/uploads\/sites\/2\/2023\/02\/Alice-e-equipe-da-UTI-do-HU-768x576.jpeg 768w, https:\/\/tvtecjundiai.com.br\/news\/wp-content\/uploads\/sites\/2\/2023\/02\/Alice-e-equipe-da-UTI-do-HU.jpeg 1280w\" sizes=\"auto, (max-width: 1200px) 100vw, 1200px\" \/><\/figure>\n\n\n\n<p>Durante uma avalia\u00e7\u00e3o nutricional realizada no dia 7 de fevereiro, a nutricionista G\u00e9ssylla Souza foi informada por sua m\u00e3e que ela gostaria de comemorar seu anivers\u00e1rio com um bolo de casa. No entanto, a nutricionista explicou que n\u00e3o era poss\u00edvel permitir alimentos de fora devido aos riscos de contamina\u00e7\u00e3o e \u00e0s restri\u00e7\u00f5es nutricionais da paciente. <\/p>\n\n\n\n<p>Em vez disso, a Equipe de Nutri\u00e7\u00e3o, em colabora\u00e7\u00e3o com a Comiss\u00e3o de Humaniza\u00e7\u00e3o, Eventos e Voluntariado, decidiu organizar uma pequena comemora\u00e7\u00e3o para a paciente, incluindo um bolo adequado \u00e0 sua dieta, bal\u00f5es e uma bonita boneca para animar seu dia.<\/p>\n\n\n\n<figure class=\"wp-block-image size-large\"><img loading=\"lazy\" decoding=\"async\" width=\"1200\" height=\"900\" src=\"https:\/\/tvtecjundiai.com.br\/news\/wp-content\/uploads\/sites\/2\/2023\/02\/Allyce-em-sua-festa-de-aniversario-1200x900.jpeg\" alt=\"\" class=\"wp-image-104750\" srcset=\"https:\/\/tvtecjundiai.com.br\/news\/wp-content\/uploads\/sites\/2\/2023\/02\/Allyce-em-sua-festa-de-aniversario-1200x900.jpeg 1200w, https:\/\/tvtecjundiai.com.br\/news\/wp-content\/uploads\/sites\/2\/2023\/02\/Allyce-em-sua-festa-de-aniversario-300x225.jpeg 300w, https:\/\/tvtecjundiai.com.br\/news\/wp-content\/uploads\/sites\/2\/2023\/02\/Allyce-em-sua-festa-de-aniversario-768x576.jpeg 768w, https:\/\/tvtecjundiai.com.br\/news\/wp-content\/uploads\/sites\/2\/2023\/02\/Allyce-em-sua-festa-de-aniversario.jpeg 1280w\" sizes=\"auto, (max-width: 1200px) 100vw, 1200px\" \/><\/figure>\n\n\n\n<p><strong><em>(Fonte\/Imagens: Faculdade de Medicina de Jundia\u00ed)<\/em><\/strong><\/p>\n","protected":false},"excerpt":{"rendered":"<p>A equipe organizou uma pequena festa para celebrar a data especial<\/p>\n","protected":false},"author":30,"featured_media":104750,"comment_status":"closed","ping_status":"0","sticky":false,"template":"","format":"standard","meta":{"footnotes":""},"categories":[8356,1],"tags":[],"class_list":["post-104748","post","type-post","status-publish","format-standard","has-post-thumbnail","hentry","category-jundiai","category-noticias"],"_links":{"self":[{"href":"https:\/\/tvtecjundiai.com.br\/news\/wp-json\/wp\/v2\/posts\/104748","targetHints":{"allow":["GET"]}}],"collection":[{"href":"https:\/\/tvtecjundiai.com.br\/news\/wp-json\/wp\/v2\/posts"}],"about":[{"href":"https:\/\/tvtecjundiai.com.br\/news\/wp-json\/wp\/v2\/types\/post"}],"author":[{"embeddable":true,"href":"https:\/\/tvtecjundiai.com.br\/news\/wp-json\/wp\/v2\/users\/30"}],"replies":[{"embeddable":true,"href":"https:\/\/tvtecjundiai.com.br\/news\/wp-json\/wp\/v2\/comments?post=104748"}],"version-history":[{"count":1,"href":"https:\/\/tvtecjundiai.com.br\/news\/wp-json\/wp\/v2\/posts\/104748\/revisions"}],"predecessor-version":[{"id":104751,"href":"https:\/\/tvtecjundiai.com.br\/news\/wp-json\/wp\/v2\/posts\/104748\/revisions\/104751"}],"wp:featuredmedia":[{"embeddable":true,"href":"https:\/\/tvtecjundiai.com.br\/news\/wp-json\/wp\/v2\/media\/104750"}],"wp:attachment":[{"href":"https:\/\/tvtecjundiai.com.br\/news\/wp-json\/wp\/v2\/media?parent=104748"}],"wp:term":[{"taxonomy":"category","embeddable":true,"href":"https:\/\/tvtecjundiai.com.br\/news\/wp-json\/wp\/v2\/categories?post=104748"},{"taxonomy":"post_tag","embeddable":true,"href":"https:\/\/tvtecjundiai.com.br\/news\/wp-json\/wp\/v2\/tags?post=104748"}],"curies":[{"name":"wp","href":"https:\/\/api.w.org\/{rel}","templated":true}]}}