{"id":10475,"date":"2018-05-17T08:02:27","date_gmt":"2018-05-17T11:02:27","guid":{"rendered":"https:\/\/tvtecjundiai.com.br\/news\/?p=10475"},"modified":"2018-05-17T10:15:01","modified_gmt":"2018-05-17T13:15:01","slug":"ugc-participa-de-seminario-internacional-sobre-gestao-de-patrimonio","status":"publish","type":"post","link":"https:\/\/tvtecjundiai.com.br\/news\/2018\/05\/17\/ugc-participa-de-seminario-internacional-sobre-gestao-de-patrimonio\/","title":{"rendered":"Cultura participa de semin\u00e1rio internacional sobre gest\u00e3o de patrim\u00f4nio"},"content":{"rendered":"<div id=\"attachment_10476\" style=\"width: 460px\" class=\"wp-caption alignleft\"><a href=\"https:\/\/tvtecjundiai.com.br\/news\/wp-content\/uploads\/sites\/2\/2018\/05\/seminario_patrimonio_sao_roque2.jpg\"><img loading=\"lazy\" decoding=\"async\" aria-describedby=\"caption-attachment-10476\" class=\"wp-image-10476\" src=\"https:\/\/tvtecjundiai.com.br\/news\/wp-content\/uploads\/sites\/2\/2018\/05\/seminario_patrimonio_sao_roque2-300x225.jpg\" alt=\"\" width=\"450\" height=\"338\" srcset=\"https:\/\/tvtecjundiai.com.br\/news\/wp-content\/uploads\/sites\/2\/2018\/05\/seminario_patrimonio_sao_roque2-300x225.jpg 300w, https:\/\/tvtecjundiai.com.br\/news\/wp-content\/uploads\/sites\/2\/2018\/05\/seminario_patrimonio_sao_roque2-768x576.jpg 768w, https:\/\/tvtecjundiai.com.br\/news\/wp-content\/uploads\/sites\/2\/2018\/05\/seminario_patrimonio_sao_roque2-1200x900.jpg 1200w, https:\/\/tvtecjundiai.com.br\/news\/wp-content\/uploads\/sites\/2\/2018\/05\/seminario_patrimonio_sao_roque2.jpg 1280w\" sizes=\"auto, (max-width: 450px) 100vw, 450px\" \/><\/a><p id=\"caption-attachment-10476\" class=\"wp-caption-text\">O pr\u00f3ximo encontro, j\u00e1 confirmado, acontecer\u00e1 em 2019 na FATEC de Jundia\u00ed<\/p><\/div>\n<p>A Unidade de Gest\u00e3o de Cultura (UGC), atrav\u00e9s do Departamento de Patrim\u00f4nio Hist\u00f3rico (DPH), participou\u00a0do 1\u00ba Semin\u00e1rio Internacional de Gest\u00e3o do Patrim\u00f4nio Cultural em Contextos Ibero-Americanos realizado na Faculdade de Tecnologia (Fatec) de S\u00e3o Roque, junto com a Universidade de Coimbra na \u00faltima ter\u00e7a-feira (15).<\/p>\n<p>Na ocasi\u00e3o, Jundia\u00ed apresentou os estudos: \u201cPesquisa interinstitucional para elabora\u00e7\u00e3o de dossi\u00ea para registro de Patrim\u00f4nio cultural Imaterial\u201d, escrito pelo diretor do DPH, William Paix\u00e3o, e Marianna Lamas, da Fatec; e \u201cMunicipalidade e Iniciativas cidad\u00e3s de gest\u00e3o do patrim\u00f4nio cultural: um estudo sobre o Simp\u00f3sio do Patrim\u00f4nio Material e Imaterial de Jundia\u00ed\u201d, escrito por William Paix\u00e3o e pela Profa. Ms. Adriana Perroni Ballerini, da Fatec Jundia\u00ed, e pela Profa. Dra. Sueli Soares dos Santos Batista, tamb\u00e9m da Fatec.<\/p>\n<p>De acordo com William, o semin\u00e1rio foi uma excelente oportunidade para que Jundia\u00ed estabelecesse contatos com gestores de patrim\u00f4nio do mundo todo. \u201cOs trabalhos que apresentamos foram o destaque do evento e demonstrou tamb\u00e9m que o trabalho desenvolvido no Munic\u00edpio \u00e9 reconhecido e que pode ser ampliado e otimizado atrav\u00e9s de novas parcerias, como as que j\u00e1 temos com as universidades, inclusive na economia de recursos p\u00fablicos, na amplia\u00e7\u00e3o da capacidade de di\u00e1logo e no aumento significativo na velocidade na tramita\u00e7\u00e3o dos processos \u201d.<\/p>\n<p>Para o gestor da UGC, Marcelo Peroni, as discuss\u00f5es acerca do assunto t\u00eam seu espa\u00e7o no Munic\u00edpio. \u201cGrande exemplo disso \u00e9 o Simp\u00f3sio que a Cultura realiza anualmente, em agosto, confirmado tamb\u00e9m para este ano. Fomentar este di\u00e1logo faz com que as diversas esferas e a popula\u00e7\u00e3o se apropriem da preserva\u00e7\u00e3o e proponham novas a\u00e7\u00f5es\u201d.<\/p>\n<p><em>Fonte: Prefeitura de Jundia\u00ed<\/em><\/p>\n","protected":false},"excerpt":{"rendered":"<p>Foram submetidos dois trabalhos em parcerias com faculdades do munic\u00edpio e comunidade acad\u00eamica <\/p>\n","protected":false},"author":11,"featured_media":0,"comment_status":"closed","ping_status":"closed","sticky":false,"template":"","format":"standard","meta":{"footnotes":""},"categories":[2834,2833,1],"tags":[],"class_list":["post-10475","post","type-post","status-publish","format-standard","hentry","category-cidades","category-cultura","category-noticias"],"_links":{"self":[{"href":"https:\/\/tvtecjundiai.com.br\/news\/wp-json\/wp\/v2\/posts\/10475","targetHints":{"allow":["GET"]}}],"collection":[{"href":"https:\/\/tvtecjundiai.com.br\/news\/wp-json\/wp\/v2\/posts"}],"about":[{"href":"https:\/\/tvtecjundiai.com.br\/news\/wp-json\/wp\/v2\/types\/post"}],"author":[{"embeddable":true,"href":"https:\/\/tvtecjundiai.com.br\/news\/wp-json\/wp\/v2\/users\/11"}],"replies":[{"embeddable":true,"href":"https:\/\/tvtecjundiai.com.br\/news\/wp-json\/wp\/v2\/comments?post=10475"}],"version-history":[{"count":2,"href":"https:\/\/tvtecjundiai.com.br\/news\/wp-json\/wp\/v2\/posts\/10475\/revisions"}],"predecessor-version":[{"id":10515,"href":"https:\/\/tvtecjundiai.com.br\/news\/wp-json\/wp\/v2\/posts\/10475\/revisions\/10515"}],"wp:attachment":[{"href":"https:\/\/tvtecjundiai.com.br\/news\/wp-json\/wp\/v2\/media?parent=10475"}],"wp:term":[{"taxonomy":"category","embeddable":true,"href":"https:\/\/tvtecjundiai.com.br\/news\/wp-json\/wp\/v2\/categories?post=10475"},{"taxonomy":"post_tag","embeddable":true,"href":"https:\/\/tvtecjundiai.com.br\/news\/wp-json\/wp\/v2\/tags?post=10475"}],"curies":[{"name":"wp","href":"https:\/\/api.w.org\/{rel}","templated":true}]}}