{"id":104755,"date":"2023-02-10T09:08:18","date_gmt":"2023-02-10T12:08:18","guid":{"rendered":"https:\/\/tvtecjundiai.com.br\/news\/?p=104755"},"modified":"2023-02-10T09:08:19","modified_gmt":"2023-02-10T12:08:19","slug":"cir-de-jundiai-realiza-doacao-de-materiais-de-arte-ao-hospital-sao-vicente","status":"publish","type":"post","link":"https:\/\/tvtecjundiai.com.br\/news\/2023\/02\/10\/cir-de-jundiai-realiza-doacao-de-materiais-de-arte-ao-hospital-sao-vicente\/","title":{"rendered":"CIR de Jundia\u00ed realiza doa\u00e7\u00e3o de materiais de arte ao Hospital S\u00e3o Vicente"},"content":{"rendered":"\n<p>Neste m\u00eas de fevereiro, o Hospital de Caridade S\u00e3o Vicente de Paulo (HSV) deu in\u00edcio a uma campanha de arrecada\u00e7\u00e3o de materiais de arte em prol do tratamento de pacientes internados na Unidade de Sa\u00fade Mental. Ao tomar conhecimento da iniciativa, o diretor do Centro de Deten\u00e7\u00e3o Provis\u00f3ria (CDP), Alexandre Apolin\u00e1rio, encabe\u00e7ou uma a\u00e7\u00e3o interna, mobilizando Policiais Penais da C\u00e9lula de Interven\u00e7\u00e3o R\u00e1pida (CIR) de Jundia\u00ed.<\/p>\n\n\n\n<p>A iniciativa foi um sucesso e, nesta quinta-feira (9), Apolin\u00e1rio compareceu pessoalmente ao HSV para formalizar a entrega de mais 4.600 itens ao superintendente da institui\u00e7\u00e3o, Matheus Gomes; ao diretor presidente, Denilson de S\u00e1; \u00e0 supervisora de capta\u00e7\u00e3o de recursos, Viviane Rasera; e \u00e0 enfermeira da unidade Taleesa de Lima Souza, que representou o m\u00e9dico coordenador do setor, Guilherme Breschi.<\/p>\n\n\n<div class=\"wp-block-image\">\n<figure class=\"aligncenter size-large is-resized\"><img loading=\"lazy\" decoding=\"async\" src=\"https:\/\/tvtecjundiai.com.br\/news\/wp-content\/uploads\/sites\/2\/2023\/02\/Alexandre-Apolinario-e-policiais-da-CIR-na-oficializacao-da-entrega-dos-itens-para-Matheus-Gomes-Denilson-de-SaViviane-Rasera-e-Taleesa-de-Souza-1200x675.jpg\" alt=\"\" class=\"wp-image-104759\" width=\"664\" height=\"373\" srcset=\"https:\/\/tvtecjundiai.com.br\/news\/wp-content\/uploads\/sites\/2\/2023\/02\/Alexandre-Apolinario-e-policiais-da-CIR-na-oficializacao-da-entrega-dos-itens-para-Matheus-Gomes-Denilson-de-SaViviane-Rasera-e-Taleesa-de-Souza-1200x675.jpg 1200w, https:\/\/tvtecjundiai.com.br\/news\/wp-content\/uploads\/sites\/2\/2023\/02\/Alexandre-Apolinario-e-policiais-da-CIR-na-oficializacao-da-entrega-dos-itens-para-Matheus-Gomes-Denilson-de-SaViviane-Rasera-e-Taleesa-de-Souza-300x169.jpg 300w, https:\/\/tvtecjundiai.com.br\/news\/wp-content\/uploads\/sites\/2\/2023\/02\/Alexandre-Apolinario-e-policiais-da-CIR-na-oficializacao-da-entrega-dos-itens-para-Matheus-Gomes-Denilson-de-SaViviane-Rasera-e-Taleesa-de-Souza-768x432.jpg 768w, https:\/\/tvtecjundiai.com.br\/news\/wp-content\/uploads\/sites\/2\/2023\/02\/Alexandre-Apolinario-e-policiais-da-CIR-na-oficializacao-da-entrega-dos-itens-para-Matheus-Gomes-Denilson-de-SaViviane-Rasera-e-Taleesa-de-Souza.jpg 1280w\" sizes=\"auto, (max-width: 664px) 100vw, 664px\" \/><\/figure>\n<\/div>\n\n\n<p><\/p>\n\n\n\n<p>\u201cA a\u00e7\u00e3o tem como objetivo promover atividades de humaniza\u00e7\u00e3o que estimulem a mente, proporcionem momentos de relaxamento e descontra\u00e7\u00e3o, al\u00e9m de promover um ambiente mais agrad\u00e1vel para as pessoas internadas naquele local, que conta com uma m\u00e9dia de 50 pacientes assistidos por m\u00eas\u201d, destaca Apolin\u00e1rio. \u201cA arte como ferramenta terap\u00eautica \u00e9 inquestion\u00e1vel. Conforme estudo da Organiza\u00e7\u00e3o Mundial da Sa\u00fade (OMS), nos servi\u00e7os de sa\u00fade, as atividades art\u00edsticas podem ser usadas para completar ou aprimorar os protocolos de tratamento de diversas doen\u00e7as\u201d, completa.<\/p>\n\n\n\n<p>Entre os itens doados, est\u00e3o: 4.000 folhas para desenho, 280 cartolinas, 56 potes de tinta guache, 27 pinceis, 28 caixas de giz de cera, 22 caixas de l\u00e1pis de cor, 13 telas para pintura, 50 tubos de cola, 20 borrachas, 14 apontadores, 6 cadernos, 160 l\u00e1pis e 5 caixas de caneta hidrogr\u00e1fica.<\/p>\n\n\n<div class=\"wp-block-image\">\n<figure class=\"aligncenter size-large is-resized\"><img loading=\"lazy\" decoding=\"async\" src=\"https:\/\/tvtecjundiai.com.br\/news\/wp-content\/uploads\/sites\/2\/2023\/02\/Atividades-artisticas-auxiliam-no-tratamento-dos-pacientes-internados-na-Unidade-de-Saude-Mental-1200x675.jpg\" alt=\"\" class=\"wp-image-104760\" width=\"683\" height=\"384\" srcset=\"https:\/\/tvtecjundiai.com.br\/news\/wp-content\/uploads\/sites\/2\/2023\/02\/Atividades-artisticas-auxiliam-no-tratamento-dos-pacientes-internados-na-Unidade-de-Saude-Mental-1200x675.jpg 1200w, https:\/\/tvtecjundiai.com.br\/news\/wp-content\/uploads\/sites\/2\/2023\/02\/Atividades-artisticas-auxiliam-no-tratamento-dos-pacientes-internados-na-Unidade-de-Saude-Mental-300x169.jpg 300w, https:\/\/tvtecjundiai.com.br\/news\/wp-content\/uploads\/sites\/2\/2023\/02\/Atividades-artisticas-auxiliam-no-tratamento-dos-pacientes-internados-na-Unidade-de-Saude-Mental-768x432.jpg 768w, https:\/\/tvtecjundiai.com.br\/news\/wp-content\/uploads\/sites\/2\/2023\/02\/Atividades-artisticas-auxiliam-no-tratamento-dos-pacientes-internados-na-Unidade-de-Saude-Mental.jpg 1280w\" sizes=\"auto, (max-width: 683px) 100vw, 683px\" \/><\/figure>\n<\/div>\n\n\n<p><\/p>\n\n\n\n<p>O superintendente do Hospital S\u00e3o Vicente agradece a iniciativa. \u201cSempre tivemos um grande apoio do CDP na pessoa do Apolin\u00e1rio, que acompanha de perto nossas atividades, incentivando o cuidado com nossa comunidade. Essa doa\u00e7\u00e3o \u00e9 muito bem-vinda e tem um valor importante na assist\u00eancia humanizada aos nossos pacientes. A ala foi totalmente revitalizada e ampliada em dezembro do ano passado, oferecendo um espa\u00e7o mais acolhedor e saud\u00e1vel a esses pacientes. Essa doa\u00e7\u00e3o vem a somar aos nossos trabalhos, permitindo atividades art\u00edsticas que promovam a sa\u00fade e bem-estar dos pacientes, sendo essencial para um bom resultado do tratamento\u201d, diz.<\/p>\n\n\n\n<p><strong>C\u00e9lula de interven\u00e7\u00e3o r\u00e1pida<\/strong><\/p>\n\n\n\n<p>De acordo com Apolin\u00e1rio, a c\u00e9lula \u00e9 um grupo de elite da Secretaria da Administra\u00e7\u00e3o Penitenciaria, formada por Policiais Penais do Centro de Deten\u00e7\u00e3o Provis\u00f3ria de Jundia\u00ed e foi estabelecida em 2015.<\/p>\n\n\n\n<p>O objetivo da equipe \u00e9 atuar em situa\u00e7\u00f5es de risco no ambiente carcer\u00e1rio, como rebeli\u00f5es, motins, remo\u00e7\u00f5es internas de presos, tentativas de fuga, a\u00e7\u00f5es preventivas relacionadas \u00e0 \u00e1rea de seguran\u00e7a, al\u00e9m, de dar suporte aos Policiais Penais que atuam dentro das Unidades Prisionais.<\/p>\n\n\n\n<p><strong>Centro de Deten\u00e7\u00e3o Provis\u00f3ria de Jundia\u00ed<\/strong><\/p>\n\n\n\n<p>O CDP de Jundia\u00ed \u00e9 subordinado \u00e0 Coordenadoria das Unidades Prisionais da Regi\u00e3o Central do Estado, foi inaugurado em 2010 e, atualmente, recebe os presos provis\u00f3rios de 30 munic\u00edpios da Regi\u00e3o Metropolitana de Jundia\u00ed (RMJ).<\/p>\n\n\n\n<p>Ao longo dos quase 13 anos de funcionamento do CDP, n\u00e3o houve relatos de rebeli\u00f5es, motins ou fugas.<\/p>\n\n\n\n<p><em><strong>(Fonte\/Imagens: Assessoria Hospital S\u00e3o Vicente)<\/strong><\/em><\/p>\n","protected":false},"excerpt":{"rendered":"<p>Foram doadas folhas para desenho, tintas, giz de cera, l\u00e1pis de cor e outros materiais<\/p>\n","protected":false},"author":30,"featured_media":104760,"comment_status":"closed","ping_status":"0","sticky":false,"template":"","format":"standard","meta":{"footnotes":""},"categories":[8356,1,2839,8355],"tags":[],"class_list":["post-104755","post","type-post","status-publish","format-standard","has-post-thumbnail","hentry","category-jundiai","category-noticias","category-saude","category-saude-3"],"_links":{"self":[{"href":"https:\/\/tvtecjundiai.com.br\/news\/wp-json\/wp\/v2\/posts\/104755","targetHints":{"allow":["GET"]}}],"collection":[{"href":"https:\/\/tvtecjundiai.com.br\/news\/wp-json\/wp\/v2\/posts"}],"about":[{"href":"https:\/\/tvtecjundiai.com.br\/news\/wp-json\/wp\/v2\/types\/post"}],"author":[{"embeddable":true,"href":"https:\/\/tvtecjundiai.com.br\/news\/wp-json\/wp\/v2\/users\/30"}],"replies":[{"embeddable":true,"href":"https:\/\/tvtecjundiai.com.br\/news\/wp-json\/wp\/v2\/comments?post=104755"}],"version-history":[{"count":1,"href":"https:\/\/tvtecjundiai.com.br\/news\/wp-json\/wp\/v2\/posts\/104755\/revisions"}],"predecessor-version":[{"id":104761,"href":"https:\/\/tvtecjundiai.com.br\/news\/wp-json\/wp\/v2\/posts\/104755\/revisions\/104761"}],"wp:featuredmedia":[{"embeddable":true,"href":"https:\/\/tvtecjundiai.com.br\/news\/wp-json\/wp\/v2\/media\/104760"}],"wp:attachment":[{"href":"https:\/\/tvtecjundiai.com.br\/news\/wp-json\/wp\/v2\/media?parent=104755"}],"wp:term":[{"taxonomy":"category","embeddable":true,"href":"https:\/\/tvtecjundiai.com.br\/news\/wp-json\/wp\/v2\/categories?post=104755"},{"taxonomy":"post_tag","embeddable":true,"href":"https:\/\/tvtecjundiai.com.br\/news\/wp-json\/wp\/v2\/tags?post=104755"}],"curies":[{"name":"wp","href":"https:\/\/api.w.org\/{rel}","templated":true}]}}