{"id":104756,"date":"2023-02-10T09:04:34","date_gmt":"2023-02-10T12:04:34","guid":{"rendered":"https:\/\/tvtecjundiai.com.br\/news\/?p=104756"},"modified":"2023-02-10T09:04:37","modified_gmt":"2023-02-10T12:04:37","slug":"plataforma-alertas-da-infancia-e-entregue-ao-municipio-com-13-alertas","status":"publish","type":"post","link":"https:\/\/tvtecjundiai.com.br\/news\/2023\/02\/10\/plataforma-alertas-da-infancia-e-entregue-ao-municipio-com-13-alertas\/","title":{"rendered":"Plataforma \u2018Alertas da Inf\u00e2ncia\u2019 \u00e9 entregue ao munic\u00edpio com 13 alertas"},"content":{"rendered":"\n<p>A plataforma \u201cAlertas da Inf\u00e2ncia\u201d foi entregue oficialmente para a Prefeitura de Jundia\u00ed, nesta semana, com quase o dobro de alertas previamente programados. Ao todo, ser\u00e3o 13 alertas que englobam as \u00e1reas de sa\u00fade, educa\u00e7\u00e3o e assist\u00eancia social, para crian\u00e7as de 0 a 9 anos de idade. A iniciativa est\u00e1 inserida no Programa Cidade das Crian\u00e7as.<\/p>\n\n\n\n<p>Dos 13 alertas definidos, quatro s\u00e3o para sa\u00fade \u2013 crian\u00e7a em atraso na consulta puericultura, gestante que n\u00e3o realizou consulta odontol\u00f3gica, teste de HIV e teste de s\u00edfilis. Para a educa\u00e7\u00e3o, dois foram selecionados \u2013 crian\u00e7a fora da escola e fora da creche. J\u00e1 para a assist\u00eancia social ser\u00e3o sete alertas, que envolvem os cuidados com gestantes adolescentes, crian\u00e7as em territ\u00f3rio de vulnerabilidade, atividades em grupo para crian\u00e7as de 0 a 6 anos, visitas domiciliares a crian\u00e7as e gestantes, benef\u00edcios de presta\u00e7\u00e3o continuada a crian\u00e7as com defici\u00eancia de at\u00e9 seis anos, al\u00e9m da visita domiciliar a crian\u00e7as em acolhimento.<\/p>\n\n\n\n<p>\u201cJundia\u00ed est\u00e1 avan\u00e7ando na modelagem de um sistema de alertas para o Programa Cidade das Crian\u00e7as e entende que os cuidados devem iniciar j\u00e1 na gesta\u00e7\u00e3o. Alinhada aos conceitos de Cidade Inteligente, utilizaremos a plataforma para atacar os principais gargalos que prejudicam o desenvolvimento das crian\u00e7as, al\u00e9m de subsidiar novos projetos sociais de apoio a fam\u00edlias com vulnerabilidade\u201d, avalia o Gestor de Governo e Finan\u00e7as, Jos\u00e9 Antonio Parimoschi.<\/p>\n\n\n\n<figure class=\"wp-block-image size-large\"><img loading=\"lazy\" decoding=\"async\" width=\"1200\" height=\"768\" src=\"https:\/\/tvtecjundiai.com.br\/news\/wp-content\/uploads\/sites\/2\/2023\/02\/reuniao-de-monitoramento-projetos-de-primeira-infancia_fm_-32-1200x768.jpg\" alt=\"\" class=\"wp-image-104757\" srcset=\"https:\/\/tvtecjundiai.com.br\/news\/wp-content\/uploads\/sites\/2\/2023\/02\/reuniao-de-monitoramento-projetos-de-primeira-infancia_fm_-32-1200x768.jpg 1200w, https:\/\/tvtecjundiai.com.br\/news\/wp-content\/uploads\/sites\/2\/2023\/02\/reuniao-de-monitoramento-projetos-de-primeira-infancia_fm_-32-300x192.jpg 300w, https:\/\/tvtecjundiai.com.br\/news\/wp-content\/uploads\/sites\/2\/2023\/02\/reuniao-de-monitoramento-projetos-de-primeira-infancia_fm_-32-768x491.jpg 768w, https:\/\/tvtecjundiai.com.br\/news\/wp-content\/uploads\/sites\/2\/2023\/02\/reuniao-de-monitoramento-projetos-de-primeira-infancia_fm_-32.jpg 1280w\" sizes=\"auto, (max-width: 1200px) 100vw, 1200px\" \/><figcaption class=\"wp-element-caption\">Gestor Adjunto de Governo, Jones Martins, est\u00e1 \u00e0 frente da coordena\u00e7\u00e3o do projeto at\u00e9 a implanta\u00e7\u00e3o<\/figcaption><\/figure>\n\n\n\n<p>A plataforma integra dados de tr\u00eas \u00e1reas de governo e aproveita os cadastros das Unidades de Gest\u00e3o de Promo\u00e7\u00e3o da Sa\u00fade, de Educa\u00e7\u00e3o e de Assist\u00eancia e Desenvolvimento Social, apresentando as informa\u00e7\u00f5es sobre os servi\u00e7os utilizados e emitindo alertas que permitir\u00e3o a tomada de decis\u00f5es que v\u00e3o refletir no bem-estar da crian\u00e7a e da gestante.<\/p>\n\n\n\n<p>\u201cQuando \u00e9 gerado um novo alerta pelo sistema, por exemplo, \u2018crian\u00e7a fora da creche\u2019, \u00e9 gerada uma notifica\u00e7\u00e3o \u00e0s equipes e, de forma assertiva, \u00e9 feita a busca ativa diretamente com a fam\u00edlia para entender o que est\u00e1 acontecendo. Isso \u00e9 tomada de decis\u00e3o atrav\u00e9s do bom uso de dados p\u00fablicos e com tecnologia, tornando nossa cidade destaque no assunto\u201d, afirma o Gestor Adjunto de Governo, Jones Martins, que representou Parimoschi na entrega da ferramenta e coordena o projeto at\u00e9 sua implanta\u00e7\u00e3o.<\/p>\n\n\n\n<p>A plataforma em nuvem, de utiliza\u00e7\u00e3o exclusiva por servidores municipais treinados, foi desenvolvida pelo Instituto de Tecnologias Geo-Sociais (ITGS) e conta com apoio da Cia de Inform\u00e1tica de Jundia\u00ed (CIJUN). Ela passar\u00e1 por constante atualiza\u00e7\u00e3o e aperfei\u00e7oamento para melhor utiliza\u00e7\u00e3o da administra\u00e7\u00e3o p\u00fablica.<\/p>\n\n\n\n<p><strong><em>(Fonte\/Imagem: Prefeitura de Jundia\u00ed)<\/em><\/strong><\/p>\n","protected":false},"excerpt":{"rendered":"<p>Ao todo, ser\u00e3o 13 alertas que englobam as \u00e1reas de sa\u00fade, educa\u00e7\u00e3o e assist\u00eancia social<\/p>\n","protected":false},"author":30,"featured_media":104757,"comment_status":"closed","ping_status":"0","sticky":false,"template":"","format":"standard","meta":{"footnotes":""},"categories":[8356,1,2839],"tags":[],"class_list":["post-104756","post","type-post","status-publish","format-standard","has-post-thumbnail","hentry","category-jundiai","category-noticias","category-saude"],"_links":{"self":[{"href":"https:\/\/tvtecjundiai.com.br\/news\/wp-json\/wp\/v2\/posts\/104756","targetHints":{"allow":["GET"]}}],"collection":[{"href":"https:\/\/tvtecjundiai.com.br\/news\/wp-json\/wp\/v2\/posts"}],"about":[{"href":"https:\/\/tvtecjundiai.com.br\/news\/wp-json\/wp\/v2\/types\/post"}],"author":[{"embeddable":true,"href":"https:\/\/tvtecjundiai.com.br\/news\/wp-json\/wp\/v2\/users\/30"}],"replies":[{"embeddable":true,"href":"https:\/\/tvtecjundiai.com.br\/news\/wp-json\/wp\/v2\/comments?post=104756"}],"version-history":[{"count":1,"href":"https:\/\/tvtecjundiai.com.br\/news\/wp-json\/wp\/v2\/posts\/104756\/revisions"}],"predecessor-version":[{"id":104758,"href":"https:\/\/tvtecjundiai.com.br\/news\/wp-json\/wp\/v2\/posts\/104756\/revisions\/104758"}],"wp:featuredmedia":[{"embeddable":true,"href":"https:\/\/tvtecjundiai.com.br\/news\/wp-json\/wp\/v2\/media\/104757"}],"wp:attachment":[{"href":"https:\/\/tvtecjundiai.com.br\/news\/wp-json\/wp\/v2\/media?parent=104756"}],"wp:term":[{"taxonomy":"category","embeddable":true,"href":"https:\/\/tvtecjundiai.com.br\/news\/wp-json\/wp\/v2\/categories?post=104756"},{"taxonomy":"post_tag","embeddable":true,"href":"https:\/\/tvtecjundiai.com.br\/news\/wp-json\/wp\/v2\/tags?post=104756"}],"curies":[{"name":"wp","href":"https:\/\/api.w.org\/{rel}","templated":true}]}}