{"id":104762,"date":"2023-02-10T10:43:03","date_gmt":"2023-02-10T13:43:03","guid":{"rendered":"https:\/\/tvtecjundiai.com.br\/news\/?p=104762"},"modified":"2023-02-10T10:43:03","modified_gmt":"2023-02-10T13:43:03","slug":"fim-de-semana-sera-abafado-e-com-pancadas-de-chuva-em-jundiai-2","status":"publish","type":"post","link":"https:\/\/tvtecjundiai.com.br\/news\/2023\/02\/10\/fim-de-semana-sera-abafado-e-com-pancadas-de-chuva-em-jundiai-2\/","title":{"rendered":"Fim de semana ser\u00e1 abafado e com pancadas de chuva em Jundia\u00ed"},"content":{"rendered":"\n<p>O fim de semana ser\u00e1 abafado em Jundia\u00ed. Segundo o Climatempo, os term\u00f4metros devem ficar entre 18\u00b0C e 28\u00b0C, com possibilidade de pancadas de chuva.<\/p>\n\n\n\n<p>Nesta sexta-feira (10), a previs\u00e3o \u00e9 de sol com algumas nuvens e pancadas de chuva \u00e0 tarde e \u00e0 noite, que devem somar 9mm. Os term\u00f4metros ficam entre 19\u00b0C e 31\u00b0C.<\/p>\n\n\n<div class=\"wp-block-image\">\n<figure class=\"aligncenter size-large is-resized\"><img loading=\"lazy\" decoding=\"async\" src=\"https:\/\/tvtecjundiai.com.br\/news\/wp-content\/uploads\/sites\/2\/2023\/02\/WhatsApp-Image-2023-02-03-at-10.13.19-2-1200x900.jpeg\" alt=\"\" class=\"wp-image-104763\" width=\"647\" height=\"485\" srcset=\"https:\/\/tvtecjundiai.com.br\/news\/wp-content\/uploads\/sites\/2\/2023\/02\/WhatsApp-Image-2023-02-03-at-10.13.19-2-1200x900.jpeg 1200w, https:\/\/tvtecjundiai.com.br\/news\/wp-content\/uploads\/sites\/2\/2023\/02\/WhatsApp-Image-2023-02-03-at-10.13.19-2-300x225.jpeg 300w, https:\/\/tvtecjundiai.com.br\/news\/wp-content\/uploads\/sites\/2\/2023\/02\/WhatsApp-Image-2023-02-03-at-10.13.19-2-768x576.jpeg 768w, https:\/\/tvtecjundiai.com.br\/news\/wp-content\/uploads\/sites\/2\/2023\/02\/WhatsApp-Image-2023-02-03-at-10.13.19-2.jpeg 1280w\" sizes=\"auto, (max-width: 647px) 100vw, 647px\" \/><\/figure>\n<\/div>\n\n\n<p><\/p>\n\n\n\n<p>No s\u00e1bado (11), a previs\u00e3o \u00e9 de sol e algumas nuvens, com pancadas de chuva durante o dia e \u00e0 noite, que devem somar 25mm. Os term\u00f4metros ficam entre 19\u00b0C e 27\u00b0C.<\/p>\n\n\n\n<p>No domingo (12), o dia \u00e9 de sol e algumas nuvens, com pancadas de chuva durante o dia e \u00e0 noite, que devem somar 15mm. Os term\u00f4metros ficam entre 18\u00b0C e 28\u00b0C.<\/p>\n\n\n\n<p><em><strong>(Fonte: TVTEC Jundia\u00ed\/Imagem: Juliano Justino)<\/strong><\/em><\/p>\n\n\n\n<p><br><\/p>\n","protected":false},"excerpt":{"rendered":"<p>Segundo o Climatempo, os term\u00f4metros devem ficar entre 18\u00b0C e 28\u00b0C<\/p>\n","protected":false},"author":30,"featured_media":104763,"comment_status":"closed","ping_status":"0","sticky":false,"template":"","format":"standard","meta":{"footnotes":""},"categories":[3185,8356,1],"tags":[],"class_list":["post-104762","post","type-post","status-publish","format-standard","has-post-thumbnail","hentry","category-clima","category-jundiai","category-noticias"],"_links":{"self":[{"href":"https:\/\/tvtecjundiai.com.br\/news\/wp-json\/wp\/v2\/posts\/104762","targetHints":{"allow":["GET"]}}],"collection":[{"href":"https:\/\/tvtecjundiai.com.br\/news\/wp-json\/wp\/v2\/posts"}],"about":[{"href":"https:\/\/tvtecjundiai.com.br\/news\/wp-json\/wp\/v2\/types\/post"}],"author":[{"embeddable":true,"href":"https:\/\/tvtecjundiai.com.br\/news\/wp-json\/wp\/v2\/users\/30"}],"replies":[{"embeddable":true,"href":"https:\/\/tvtecjundiai.com.br\/news\/wp-json\/wp\/v2\/comments?post=104762"}],"version-history":[{"count":1,"href":"https:\/\/tvtecjundiai.com.br\/news\/wp-json\/wp\/v2\/posts\/104762\/revisions"}],"predecessor-version":[{"id":104764,"href":"https:\/\/tvtecjundiai.com.br\/news\/wp-json\/wp\/v2\/posts\/104762\/revisions\/104764"}],"wp:featuredmedia":[{"embeddable":true,"href":"https:\/\/tvtecjundiai.com.br\/news\/wp-json\/wp\/v2\/media\/104763"}],"wp:attachment":[{"href":"https:\/\/tvtecjundiai.com.br\/news\/wp-json\/wp\/v2\/media?parent=104762"}],"wp:term":[{"taxonomy":"category","embeddable":true,"href":"https:\/\/tvtecjundiai.com.br\/news\/wp-json\/wp\/v2\/categories?post=104762"},{"taxonomy":"post_tag","embeddable":true,"href":"https:\/\/tvtecjundiai.com.br\/news\/wp-json\/wp\/v2\/tags?post=104762"}],"curies":[{"name":"wp","href":"https:\/\/api.w.org\/{rel}","templated":true}]}}