{"id":104776,"date":"2023-02-10T14:15:56","date_gmt":"2023-02-10T17:15:56","guid":{"rendered":"https:\/\/tvtecjundiai.com.br\/news\/?p=104776"},"modified":"2023-02-10T14:16:02","modified_gmt":"2023-02-10T17:16:02","slug":"ong-amigos-pela-fe-volta-a-levar-musica-aos-pacientes-do-hospital-sao-vicente","status":"publish","type":"post","link":"https:\/\/tvtecjundiai.com.br\/news\/2023\/02\/10\/ong-amigos-pela-fe-volta-a-levar-musica-aos-pacientes-do-hospital-sao-vicente\/","title":{"rendered":"<strong>ONG Amigos pela f\u00e9 volta a levar m\u00fasica aos pacientes do Hospital S\u00e3o Vicente<\/strong>"},"content":{"rendered":"\n<p>Nesta semana os volunt\u00e1rios da ONG Amigos pela f\u00e9, que desenvolvem o projeto &#8220;Can\u00e7\u00e3o do Bem&#8221; retornaram as atividades no Hospital de Caridade S\u00e3o Vicente de Paulo (HSV). O grupo realiza apresenta\u00e7\u00f5es musicais para os pacientes hospitalizados, como forma de proporcionar descontra\u00e7\u00e3o e minimizar a agonia da interna\u00e7\u00e3o. Na ocasi\u00e3o, o grupo foi recepcionado pelo analista de filantropia da institui\u00e7\u00e3o, Aldo Fonseca.<\/p>\n\n\n\n<p>O coordenador do grupo, Marcel Bonilha, conta que \u00e9 um projeto que vem sendo realizado h\u00e1 11 anos, sendo quatro deles no Hospital S\u00e3o Vicente. &#8220;\u00c9 restaurador poder estar aqui novamente, tanto para mim quanto para os pacientes e colaboradores, \u00e9 cativante ver o impacto quando passamos pelos corredores cantando, ver os pacientes e colaboradores mais felizes, toca o cora\u00e7\u00e3o,&#8221; declara ele com a retomada do projeto.<\/p>\n\n\n\n<p>Um paciente que prefere n\u00e3o se identificar, elogia. \u201cEu gostei bastante de ver a apresenta\u00e7\u00e3o, faz com que o dia passe mais r\u00e1pido e por alguns momentos a gente at\u00e9 esquece que est\u00e1 internado\u201d, diz.<\/p>\n\n\n\n<figure class=\"wp-block-image size-large\"><img loading=\"lazy\" decoding=\"async\" width=\"1200\" height=\"783\" src=\"https:\/\/tvtecjundiai.com.br\/news\/wp-content\/uploads\/sites\/2\/2023\/02\/Nas-alas-do-Hospital-voluntarios-levam-alegria-por-meio-da-musica-aos-pacientes-e-colaboradores-1200x783.jpg\" alt=\"\" class=\"wp-image-104777\" srcset=\"https:\/\/tvtecjundiai.com.br\/news\/wp-content\/uploads\/sites\/2\/2023\/02\/Nas-alas-do-Hospital-voluntarios-levam-alegria-por-meio-da-musica-aos-pacientes-e-colaboradores-1200x783.jpg 1200w, https:\/\/tvtecjundiai.com.br\/news\/wp-content\/uploads\/sites\/2\/2023\/02\/Nas-alas-do-Hospital-voluntarios-levam-alegria-por-meio-da-musica-aos-pacientes-e-colaboradores-300x196.jpg 300w, https:\/\/tvtecjundiai.com.br\/news\/wp-content\/uploads\/sites\/2\/2023\/02\/Nas-alas-do-Hospital-voluntarios-levam-alegria-por-meio-da-musica-aos-pacientes-e-colaboradores-768x501.jpg 768w, https:\/\/tvtecjundiai.com.br\/news\/wp-content\/uploads\/sites\/2\/2023\/02\/Nas-alas-do-Hospital-voluntarios-levam-alegria-por-meio-da-musica-aos-pacientes-e-colaboradores.jpg 1280w\" sizes=\"auto, (max-width: 1200px) 100vw, 1200px\" \/><figcaption class=\"wp-element-caption\"><strong>Nas alas do Hospital, volunt\u00e1rios levam alegria em forma de m\u00fasica aos pacientes e colaboradores<\/strong><\/figcaption><\/figure>\n\n\n\n<p>As atividades foram congeladas em 2020, devido ao per\u00edodo mais agudo da pandemia covid-19. O grupo conta com 20 volunt\u00e1rios que a partir dessa semana voltam a percorrer as alas do hospital \u00e0s quintas-feiras, em turnos alternados. Neste rein\u00edcio, o projeto contou com os cantores Naldo Lopes e Simone Fioresi, juntamente com o acompanhamento de Paulo Groto, volunt\u00e1rio da ONG e Marcel Bonilha, coordenador do projeto.<\/p>\n\n\n\n<figure class=\"wp-block-image size-large\"><img loading=\"lazy\" decoding=\"async\" width=\"1200\" height=\"776\" src=\"https:\/\/tvtecjundiai.com.br\/news\/wp-content\/uploads\/sites\/2\/2023\/02\/Aldo-Fonseca-analista-de-filantropia-do-HSV-os-cantores-Naldo-e-Simone-e-os-voluntarios-Paulo-e-Marcel-1200x776.jpg\" alt=\"\" class=\"wp-image-104778\" srcset=\"https:\/\/tvtecjundiai.com.br\/news\/wp-content\/uploads\/sites\/2\/2023\/02\/Aldo-Fonseca-analista-de-filantropia-do-HSV-os-cantores-Naldo-e-Simone-e-os-voluntarios-Paulo-e-Marcel-1200x776.jpg 1200w, https:\/\/tvtecjundiai.com.br\/news\/wp-content\/uploads\/sites\/2\/2023\/02\/Aldo-Fonseca-analista-de-filantropia-do-HSV-os-cantores-Naldo-e-Simone-e-os-voluntarios-Paulo-e-Marcel-300x194.jpg 300w, https:\/\/tvtecjundiai.com.br\/news\/wp-content\/uploads\/sites\/2\/2023\/02\/Aldo-Fonseca-analista-de-filantropia-do-HSV-os-cantores-Naldo-e-Simone-e-os-voluntarios-Paulo-e-Marcel-768x497.jpg 768w, https:\/\/tvtecjundiai.com.br\/news\/wp-content\/uploads\/sites\/2\/2023\/02\/Aldo-Fonseca-analista-de-filantropia-do-HSV-os-cantores-Naldo-e-Simone-e-os-voluntarios-Paulo-e-Marcel.jpg 1280w\" sizes=\"auto, (max-width: 1200px) 100vw, 1200px\" \/><figcaption class=\"wp-element-caption\"><strong>Aldo Fonseca, analista de filantropia do HSV, os cantores Naldo e Simone e os volunt\u00e1rios Paulo e Marcel<\/strong><\/figcaption><\/figure>\n\n\n\n<p><strong><em>(Fonte\/Imagem: Hospital S\u00e3o Vicente de Paulo)<\/em><\/strong><\/p>\n","protected":false},"excerpt":{"rendered":"<p>As atividades foram congeladas em 2020, devido ao per\u00edodo mais agudo da pandemia covid-19<\/p>\n","protected":false},"author":30,"featured_media":104777,"comment_status":"closed","ping_status":"0","sticky":false,"template":"","format":"standard","meta":{"footnotes":""},"categories":[8356,1,2839],"tags":[],"class_list":["post-104776","post","type-post","status-publish","format-standard","has-post-thumbnail","hentry","category-jundiai","category-noticias","category-saude"],"_links":{"self":[{"href":"https:\/\/tvtecjundiai.com.br\/news\/wp-json\/wp\/v2\/posts\/104776","targetHints":{"allow":["GET"]}}],"collection":[{"href":"https:\/\/tvtecjundiai.com.br\/news\/wp-json\/wp\/v2\/posts"}],"about":[{"href":"https:\/\/tvtecjundiai.com.br\/news\/wp-json\/wp\/v2\/types\/post"}],"author":[{"embeddable":true,"href":"https:\/\/tvtecjundiai.com.br\/news\/wp-json\/wp\/v2\/users\/30"}],"replies":[{"embeddable":true,"href":"https:\/\/tvtecjundiai.com.br\/news\/wp-json\/wp\/v2\/comments?post=104776"}],"version-history":[{"count":1,"href":"https:\/\/tvtecjundiai.com.br\/news\/wp-json\/wp\/v2\/posts\/104776\/revisions"}],"predecessor-version":[{"id":104779,"href":"https:\/\/tvtecjundiai.com.br\/news\/wp-json\/wp\/v2\/posts\/104776\/revisions\/104779"}],"wp:featuredmedia":[{"embeddable":true,"href":"https:\/\/tvtecjundiai.com.br\/news\/wp-json\/wp\/v2\/media\/104777"}],"wp:attachment":[{"href":"https:\/\/tvtecjundiai.com.br\/news\/wp-json\/wp\/v2\/media?parent=104776"}],"wp:term":[{"taxonomy":"category","embeddable":true,"href":"https:\/\/tvtecjundiai.com.br\/news\/wp-json\/wp\/v2\/categories?post=104776"},{"taxonomy":"post_tag","embeddable":true,"href":"https:\/\/tvtecjundiai.com.br\/news\/wp-json\/wp\/v2\/tags?post=104776"}],"curies":[{"name":"wp","href":"https:\/\/api.w.org\/{rel}","templated":true}]}}