{"id":10478,"date":"2018-05-17T08:21:34","date_gmt":"2018-05-17T11:21:34","guid":{"rendered":"https:\/\/tvtecjundiai.com.br\/news\/?p=10478"},"modified":"2018-05-17T10:15:14","modified_gmt":"2018-05-17T13:15:14","slug":"termo-de-cooperacao-e-assinado-para-receber-prestadores-de-servicos","status":"publish","type":"post","link":"https:\/\/tvtecjundiai.com.br\/news\/2018\/05\/17\/termo-de-cooperacao-e-assinado-para-receber-prestadores-de-servicos\/","title":{"rendered":"Termo de Coopera\u00e7\u00e3o \u00e9 assinado para receber prestadores de servi\u00e7os"},"content":{"rendered":"<div id=\"attachment_10479\" style=\"width: 460px\" class=\"wp-caption alignleft\"><a href=\"https:\/\/tvtecjundiai.com.br\/news\/wp-content\/uploads\/sites\/2\/2018\/05\/assinatura_prestacao_de_servico-2.jpg\"><img loading=\"lazy\" decoding=\"async\" aria-describedby=\"caption-attachment-10479\" class=\"wp-image-10479\" src=\"https:\/\/tvtecjundiai.com.br\/news\/wp-content\/uploads\/sites\/2\/2018\/05\/assinatura_prestacao_de_servico-2-300x200.jpg\" alt=\"\" width=\"450\" height=\"300\" srcset=\"https:\/\/tvtecjundiai.com.br\/news\/wp-content\/uploads\/sites\/2\/2018\/05\/assinatura_prestacao_de_servico-2-300x200.jpg 300w, https:\/\/tvtecjundiai.com.br\/news\/wp-content\/uploads\/sites\/2\/2018\/05\/assinatura_prestacao_de_servico-2-768x512.jpg 768w, https:\/\/tvtecjundiai.com.br\/news\/wp-content\/uploads\/sites\/2\/2018\/05\/assinatura_prestacao_de_servico-2-1200x800.jpg 1200w, https:\/\/tvtecjundiai.com.br\/news\/wp-content\/uploads\/sites\/2\/2018\/05\/assinatura_prestacao_de_servico-2.jpg 1280w\" sizes=\"auto, (max-width: 450px) 100vw, 450px\" \/><\/a><p id=\"caption-attachment-10479\" class=\"wp-caption-text\">Ao assinar o documento, Luiz Fernando Machado agradeceu a participa\u00e7\u00e3o do reeducando e o orientou para desenvolver novas atividades<\/p><\/div>\n<p>O termo de coopera\u00e7\u00e3o que torna oficial o cumprimento de pena alternativa como forma de servi\u00e7os \u00e0 comunidade em equipamentos das Unidade de Gest\u00e3o de Assist\u00eancia e Desenvolvimento Social (UGADS) por reeducandos ou condenados foi assinado nesta quarta-feira (16) pelo prefeito Luiz Fernando Machado.<\/p>\n<p>Na pr\u00e1tica, o F\u00f3rum encaminha \u00e0 UGADS um documento com os dados de indiv\u00edduos envolvidos em ocorr\u00eancias como furtos, brigas, acidentes, dire\u00e7\u00e3o alcoolizada, e faz o acompanhamento do cumprimento da carga hor\u00e1ria semanal sugerida. Em andamento h\u00e1 seis meses, atualmente h\u00e1 cerca de 25 prestadores de servi\u00e7os como manuten\u00e7\u00e3o, jardinagem e apoio administrativo.<\/p>\n<p>Presente ao ato oficial, Lu\u00eds Fernando da Silva, de 20 anos, \u00e9 um dos participantes da iniciativa. H\u00e1 pouco mais de dois meses ele vem trabalhando na UGADS e, entre os servi\u00e7os que j\u00e1 desempenhou est\u00e3o a organiza\u00e7\u00e3o de estoque e almoxarifado, corte de grama e lavagem dos ve\u00edculos da frota. \u201cEssa iniciativa \u00e9 muito boa. A conviv\u00eancia tem sido bastante agrad\u00e1vel\u201d, comemora Lu\u00eds, que tem por determina\u00e7\u00e3o cumprir oito horas semanais de servi\u00e7o.<\/p>\n<p>O prefeito Luiz Fernando Machado agradeceu a presen\u00e7a do rapaz e frisou. \u201cVoc\u00ea est\u00e1 ajustando o seu passado e construindo o seu futuro. Desejo que voc\u00ea tenha muitas oportunidades, melhores ainda do que esta que lhe est\u00e1 sendo dada. Esta parceria com a Justi\u00e7a demonstra que acreditamos no nosso cidad\u00e3o, que acreditamos que Jundia\u00ed \u00e9 uma cidade boa por conta das pessoas que a constroem.\u201d O prefeito aproveitou para indicar os cursos profissionalizantes gratuitos oferecidos atrav\u00e9s do Fundo Social de Solidariedade (Funss).<\/p>\n<div id=\"attachment_10480\" style=\"width: 357px\" class=\"wp-caption alignright\"><a href=\"https:\/\/tvtecjundiai.com.br\/news\/wp-content\/uploads\/sites\/2\/2018\/05\/programa-liberdade-restritiva-ugads_c_-10.jpg\"><img loading=\"lazy\" decoding=\"async\" aria-describedby=\"caption-attachment-10480\" class=\"wp-image-10480\" src=\"https:\/\/tvtecjundiai.com.br\/news\/wp-content\/uploads\/sites\/2\/2018\/05\/programa-liberdade-restritiva-ugads_c_-10-300x200.jpg\" alt=\"\" width=\"347\" height=\"231\" srcset=\"https:\/\/tvtecjundiai.com.br\/news\/wp-content\/uploads\/sites\/2\/2018\/05\/programa-liberdade-restritiva-ugads_c_-10-300x200.jpg 300w, https:\/\/tvtecjundiai.com.br\/news\/wp-content\/uploads\/sites\/2\/2018\/05\/programa-liberdade-restritiva-ugads_c_-10-768x512.jpg 768w, https:\/\/tvtecjundiai.com.br\/news\/wp-content\/uploads\/sites\/2\/2018\/05\/programa-liberdade-restritiva-ugads_c_-10-1200x800.jpg 1200w, https:\/\/tvtecjundiai.com.br\/news\/wp-content\/uploads\/sites\/2\/2018\/05\/programa-liberdade-restritiva-ugads_c_-10.jpg 1280w\" sizes=\"auto, (max-width: 347px) 100vw, 347px\" \/><\/a><p id=\"caption-attachment-10480\" class=\"wp-caption-text\">Luis Fernando da Silva realiza servi\u00e7os de organiza\u00e7\u00e3o de estoque e almoxarifado e avalia a a\u00e7\u00e3o de forma positiva<\/p><\/div>\n<p>Na opini\u00e3o do dr. Jefferson Barbin Torelli, a parceria \u00e9 algo positivo, principalmente para os reeducandos. \u201cA situa\u00e7\u00e3o era dram\u00e1tica. N\u00e3o t\u00ednhamos para onde encaminhar e agora temos a felicidade de saber que os participantes t\u00eam acesso, inclusive, \u00e0 profissionaliza\u00e7\u00e3o\u201d.<\/p>\n<p>A gestora da UGADS, N\u00e1dia Taffarello Soares, complementa. \u201cA Unidade n\u00e3o apenas acolhe os reeducandos como preza pela sua ressocializa\u00e7\u00e3o, pela sua inclus\u00e3o produtivas. V\u00edamos que faltava uma pol\u00edtica p\u00fablica para acompanhar essas pessoas, que n\u00e3o eram valorizadas e n\u00e3o encontravam portas abertas.\u201d<\/p>\n<p><em>(Fonte: Prefeitura de Jundia\u00ed)<\/em><\/p>\n","protected":false},"excerpt":{"rendered":"<p>O termo compreende o recolhimento da documenta\u00e7\u00e3o de pessoas envolvidas em ocorr\u00eancias como furtos ou brigas <\/p>\n","protected":false},"author":11,"featured_media":10479,"comment_status":"closed","ping_status":"closed","sticky":false,"template":"","format":"standard","meta":{"footnotes":""},"categories":[2834,1],"tags":[2440,2112,556,3195,3196,3194,2347],"class_list":["post-10478","post","type-post","status-publish","format-standard","has-post-thumbnail","hentry","category-cidades","category-noticias","tag-assinatura","tag-cidades","tag-noticias","tag-prestadores-de-servicos","tag-reeducacao","tag-termo-de-cooperacao","tag-ugads"],"_links":{"self":[{"href":"https:\/\/tvtecjundiai.com.br\/news\/wp-json\/wp\/v2\/posts\/10478","targetHints":{"allow":["GET"]}}],"collection":[{"href":"https:\/\/tvtecjundiai.com.br\/news\/wp-json\/wp\/v2\/posts"}],"about":[{"href":"https:\/\/tvtecjundiai.com.br\/news\/wp-json\/wp\/v2\/types\/post"}],"author":[{"embeddable":true,"href":"https:\/\/tvtecjundiai.com.br\/news\/wp-json\/wp\/v2\/users\/11"}],"replies":[{"embeddable":true,"href":"https:\/\/tvtecjundiai.com.br\/news\/wp-json\/wp\/v2\/comments?post=10478"}],"version-history":[{"count":2,"href":"https:\/\/tvtecjundiai.com.br\/news\/wp-json\/wp\/v2\/posts\/10478\/revisions"}],"predecessor-version":[{"id":10516,"href":"https:\/\/tvtecjundiai.com.br\/news\/wp-json\/wp\/v2\/posts\/10478\/revisions\/10516"}],"wp:featuredmedia":[{"embeddable":true,"href":"https:\/\/tvtecjundiai.com.br\/news\/wp-json\/wp\/v2\/media\/10479"}],"wp:attachment":[{"href":"https:\/\/tvtecjundiai.com.br\/news\/wp-json\/wp\/v2\/media?parent=10478"}],"wp:term":[{"taxonomy":"category","embeddable":true,"href":"https:\/\/tvtecjundiai.com.br\/news\/wp-json\/wp\/v2\/categories?post=10478"},{"taxonomy":"post_tag","embeddable":true,"href":"https:\/\/tvtecjundiai.com.br\/news\/wp-json\/wp\/v2\/tags?post=10478"}],"curies":[{"name":"wp","href":"https:\/\/api.w.org\/{rel}","templated":true}]}}