{"id":104822,"date":"2023-02-11T16:06:55","date_gmt":"2023-02-11T19:06:55","guid":{"rendered":"https:\/\/tvtecjundiai.com.br\/news\/?p=104822"},"modified":"2023-02-12T07:40:58","modified_gmt":"2023-02-12T10:40:58","slug":"carnaval-na-cidade-das-criancas-agita-os-pequenos-folioes","status":"publish","type":"post","link":"https:\/\/tvtecjundiai.com.br\/news\/2023\/02\/11\/carnaval-na-cidade-das-criancas-agita-os-pequenos-folioes\/","title":{"rendered":"Carnaval na Cidade das Crian\u00e7as agita os pequenos foli\u00f5es"},"content":{"rendered":"\n<p>O Carnaval em Jundia\u00ed, Cidade das Crian\u00e7as, come\u00e7ou neste s\u00e1bado (11) com muita divers\u00e3o. Embalado pelos artistas integrantes da Cena 4 Produ\u00e7\u00f5es, o primeiro \u201cBlokids\u201d, bloquinho de Carnaval Infantil, reuniu fam\u00edlias e pequenos foli\u00f5es que fizeram a festa na F\u00e1brica das Inf\u00e2ncias Japy, com muito confete, serpentina, dan\u00e7a, marchinhas tradicionais de carnaval e m\u00fasicas do universo infantil.<\/p>\n\n\n\n<p>Fernando Oliveira, de apenas tr\u00eas anos, estava encantado com a festa e n\u00e3o parava de dan\u00e7ar. Vestido com os trajes do Homem-Aranha, o garoto aproveitou, ao lado dos pais Marcel e Tatiana, o seu primeiro Carnaval. \u201cN\u00f3s sempre curtimos o Carnaval e frequentamos os blocos da cidade. Quando vimos que tamb\u00e9m teria um bloco infantil, pensamos que seria uma boa oportunidade para que ele pudesse conhecer e se divertir\u201d, afirmou Tatiana.<\/p>\n\n\n\n<figure class=\"wp-block-image\"><img decoding=\"async\" src=\"https:\/\/jundiai.sp.gov.br\/noticias\/wp-content\/uploads\/sites\/32\/2023\/02\/psa2573-1280x854.jpg\" alt=\"\" class=\"wp-image-310913\" \/><figcaption class=\"wp-element-caption\">Fernando Oliveira aproveitou o primeiro Carnaval de sua vida para dan\u00e7ar muito<\/figcaption><\/figure>\n\n\n\n<p>Outro que aproveitou cada segundo da festa foi o Isaac Davini, de dois anos de idade. Acompanhado dos pais, Diego e Samara, o pequeno se divertiu com os confetes e n\u00e3o parou de rir em momento algum. \u201cTer um Carnaval exclusivo para as crian\u00e7as \u00e9 uma iniciativa muito bacana, pois permite que elas interajam e brinquem juntas. Sempre gostamos do Carnaval e espero que o Isaac tamb\u00e9m aproveite os bons momentos\u201d, comentou Diego.<\/p>\n\n\n\n<figure class=\"wp-block-image\"><img decoding=\"async\" src=\"https:\/\/jundiai.sp.gov.br\/noticias\/wp-content\/uploads\/sites\/32\/2023\/02\/psa2625-985x960.jpg\" alt=\"\" class=\"wp-image-310915\" \/><figcaption class=\"wp-element-caption\">Isaac se divertiu com os confetes durante o Carnaval, na F\u00e1brica das Inf\u00e2ncias Japy<\/figcaption><\/figure>\n\n\n\n<p>\u201cEssa \u00e9 mais uma iniciativa cultural, inserida no Programa Cidade das Crian\u00e7as, que tem como objetivo proporcionar momentos de divers\u00e3o em fam\u00edlia e promover a intera\u00e7\u00e3o entre as crian\u00e7as. O Carnaval \u00e9 uma festa popular e, em Jundia\u00ed, todos t\u00eam a oportunidade de se divertir\u201d, explica o Gestor de Cultura, Marcelo Peroni.<\/p>\n\n\n\n<figure class=\"wp-block-image\"><img decoding=\"async\" src=\"https:\/\/jundiai.sp.gov.br\/noticias\/wp-content\/uploads\/sites\/32\/2023\/02\/psa2477-1280x757.jpg\" alt=\"\" class=\"wp-image-310914\" \/><figcaption class=\"wp-element-caption\">Blokids agitou os pequenos foli\u00f5es, na manh\u00e3 deste s\u00e1bado (11)<\/figcaption><\/figure>\n\n\n\n<p>A programa\u00e7\u00e3o cultural infantil na F\u00e1brica das Inf\u00e2ncias Japy retorna neste domingo (12), de forma gratuita, com a \u201cOficina Abor\u00e9: Pir\u00e2mide de Bambu\u201d, a partir das 10h30. A F\u00e1brica Japy est\u00e1 localizada na rua Lacerda Franco, 175, Vila Arens.<\/p>\n\n\n\n<p><strong><em>(Fonte \/ Fotos: Prefeitura de Jundia\u00ed)<\/em><\/strong><\/p>\n","protected":false},"excerpt":{"rendered":"<p>O \u201cBlokids\u201d, bloquinho de Carnaval Infantil, reuniu fam\u00edlias e pequenos foli\u00f5es que fizeram a festa na F\u00e1brica das Inf\u00e2ncias Japy. <\/p>\n","protected":false},"author":35,"featured_media":104823,"comment_status":"closed","ping_status":"0","sticky":false,"template":"","format":"standard","meta":{"footnotes":""},"categories":[2834,1],"tags":[],"class_list":["post-104822","post","type-post","status-publish","format-standard","has-post-thumbnail","hentry","category-cidades","category-noticias"],"_links":{"self":[{"href":"https:\/\/tvtecjundiai.com.br\/news\/wp-json\/wp\/v2\/posts\/104822","targetHints":{"allow":["GET"]}}],"collection":[{"href":"https:\/\/tvtecjundiai.com.br\/news\/wp-json\/wp\/v2\/posts"}],"about":[{"href":"https:\/\/tvtecjundiai.com.br\/news\/wp-json\/wp\/v2\/types\/post"}],"author":[{"embeddable":true,"href":"https:\/\/tvtecjundiai.com.br\/news\/wp-json\/wp\/v2\/users\/35"}],"replies":[{"embeddable":true,"href":"https:\/\/tvtecjundiai.com.br\/news\/wp-json\/wp\/v2\/comments?post=104822"}],"version-history":[{"count":4,"href":"https:\/\/tvtecjundiai.com.br\/news\/wp-json\/wp\/v2\/posts\/104822\/revisions"}],"predecessor-version":[{"id":104830,"href":"https:\/\/tvtecjundiai.com.br\/news\/wp-json\/wp\/v2\/posts\/104822\/revisions\/104830"}],"wp:featuredmedia":[{"embeddable":true,"href":"https:\/\/tvtecjundiai.com.br\/news\/wp-json\/wp\/v2\/media\/104823"}],"wp:attachment":[{"href":"https:\/\/tvtecjundiai.com.br\/news\/wp-json\/wp\/v2\/media?parent=104822"}],"wp:term":[{"taxonomy":"category","embeddable":true,"href":"https:\/\/tvtecjundiai.com.br\/news\/wp-json\/wp\/v2\/categories?post=104822"},{"taxonomy":"post_tag","embeddable":true,"href":"https:\/\/tvtecjundiai.com.br\/news\/wp-json\/wp\/v2\/tags?post=104822"}],"curies":[{"name":"wp","href":"https:\/\/api.w.org\/{rel}","templated":true}]}}