{"id":104840,"date":"2023-02-12T08:24:05","date_gmt":"2023-02-12T11:24:05","guid":{"rendered":"https:\/\/tvtecjundiai.com.br\/news\/?p=104840"},"modified":"2023-02-12T08:24:08","modified_gmt":"2023-02-12T11:24:08","slug":"mutirao-de-cirurgias-inicia-atendimento-ortopedico-infantil","status":"publish","type":"post","link":"https:\/\/tvtecjundiai.com.br\/news\/2023\/02\/12\/mutirao-de-cirurgias-inicia-atendimento-ortopedico-infantil\/","title":{"rendered":"Mutir\u00e3o de Cirurgias inicia atendimento ortop\u00e9dico infantil"},"content":{"rendered":"\n<p>O Mutir\u00e3o de Cirurgias avan\u00e7ou para o atendimento dos casos de ortopedia pedi\u00e1trica. As opera\u00e7\u00f5es s\u00e3o realizadas no Hospital Universit\u00e1rio (HU), a partir de conv\u00eanio firmado pela Prefeitura de Jundia\u00ed com a gest\u00e3o do Hospital S\u00e3o Vicente (HSV). Os dois primeiros procedimentos em crian\u00e7as foram para corre\u00e7\u00e3o de quadril e tend\u00e3o. Ao todo, ser\u00e3o realizados cerca de 3 mil cirurgias para a equaliza\u00e7\u00e3o da fila de espera por cirurgias eletivas da cidade.<\/p>\n\n\n\n<p>\u201cA proposta do Mutir\u00e3o para as cirurgias eletivas, organizada no final do ano passado, com investimento de R$ 20 milh\u00f5es do Governo do Estado, garante a equaliza\u00e7\u00e3o das filas de espera geradas ao longo da pandemia. A entrega de sa\u00fade de qualidade para a popula\u00e7\u00e3o, de todas as idades, \u00e9 prioridade\u201d, comenta o prefeito Luiz Fernando Machado.<\/p>\n\n\n\n<p>Gabrielly Messias foi uma das pacientes que j\u00e1 recebeu o atendimento. Ela tem 11 anos e esperava por sua cirurgia h\u00e1 quase dois anos. De acordo com a m\u00e3e, Paula Messias, o problema de Gabrielly provavelmente existe desde o seu nascimento, pois sempre andou \u201cna ponta dos p\u00e9s\u201d.<br>Aos 4 anos, a menina passou a receber acompanhamento no Hospital S\u00e3o Vicente de Paulo, com fisioterapia e uso de bota ortop\u00e9dica por mais de quatro anos, mas sem resultados satisfat\u00f3rios. Foi ent\u00e3o que os m\u00e9dicos entenderam que a solu\u00e7\u00e3o para a menina era uma cirurgia.<\/p>\n\n\n\n<figure class=\"wp-block-image\"><img decoding=\"async\" src=\"https:\/\/jundiai.sp.gov.br\/noticias\/wp-content\/uploads\/sites\/32\/2023\/02\/gabrielly-hu.png\" alt=\"DESCRI\u00c7\u00c3O DE IMAGEM: menina com os p\u00e9s operados e engessados, deitada na cama hospitalar, sorri com m\u00e1scara. M\u00e3e, ao lado, tamb\u00e9m est\u00e1 com m\u00e1scara\" class=\"wp-image-310820\" \/><figcaption class=\"wp-element-caption\">Animada com a recupera\u00e7\u00e3o, Gabrielly passou por cirurgia de corre\u00e7\u00e3o no tend\u00e3o<\/figcaption><\/figure>\n\n\n\n<p>Devido ao encurtamento do tend\u00e3o, Gabrielly precisava andar na ponta dos p\u00e9s.\u201dA cirurgia foi um sucesso, agrade\u00e7o a todos que participaram. A equipe foi incrivelmente atenciosa. Durante a interna\u00e7\u00e3o, Gabrielly foi acolhida com amor e a cirurgia foi sem complica\u00e7\u00f5es, exatamente como esper\u00e1vamos. Agora ela vai poder andar normalmente novamente. Que alegria!\u201d, comentou a m\u00e3e.<br>A beb\u00ea de 5 meses, Elo\u00edsa Gabrielle tamb\u00e9m foi operada, numa interven\u00e7\u00e3o no tend\u00e3o do calcanhar do p\u00e9 esquerdo. De acordo com a m\u00e3e, Angelina Nunes, o problema da filha foi descoberto ainda na gesta\u00e7\u00e3o, atrav\u00e9s de uma ultrassonografia realizada no sexto m\u00eas. Logo ap\u00f3s o nascimento, a beb\u00ea Elo\u00edsa come\u00e7ou o tratamento utilizando gesso e, em seguida, foi encaminhada para a cirurgia. \u201cDesde o diagn\u00f3stico at\u00e9 a cirurgia, no Hospital Universit\u00e1rio, sempre fui bem orientada e gostaria de reconhecer o excelente trabalho da equipe envolvida\u201d, explicou.<br>Mutir\u00e3o<br>As cirurgias ortop\u00e9dicas infantis fazem parte do Mutir\u00e3o de cirurgias eletivas, que contabiliza cerca de 3 mil procedimentos para a equaliza\u00e7\u00e3o da fila gerada em decorr\u00eancia da pandemia da COVID-19. As interven\u00e7\u00f5es foram iniciadas em janeiro, no Hospital Universit\u00e1rio, com meta para a realiza\u00e7\u00e3o de 80 procedimentos por m\u00eas, al\u00e9m dos atendimentos que j\u00e1 s\u00e3o realizados pelo servi\u00e7o, que \u00e9 refer\u00eancia em atendimento materno-infantil e de sa\u00fade da mulher.<\/p>\n\n\n\n<figure class=\"wp-block-image\"><img decoding=\"async\" src=\"https:\/\/jundiai.sp.gov.br\/noticias\/wp-content\/uploads\/sites\/32\/2023\/02\/hospital-universitario-hu-primeiro-paciente-internado-para-cirurgia-eletiva-do-mutirao_fm_-114-1280x854.jpg\" alt=\"DESCRI\u00c7\u00c3O DA IMAGEM: imagem de porta de sala de cirurgia, com visor de vidro, que apresenta a sala de procedimentos, com paciente deitado em maca e profissionais paramentados no entorno fazendo o preparo para a cirurgia\" class=\"wp-image-310825\" \/><figcaption class=\"wp-element-caption\">Mutir\u00e3o de cirurgias eletivas realizar\u00e1 3 mil procedimentos em todas as especialidades<\/figcaption><\/figure>\n\n\n\n<p><strong><em>(Fonte \/ Fotos: Prefeitura de Jundia\u00ed)<\/em><\/strong><\/p>\n","protected":false},"excerpt":{"rendered":"<p>Ao todo, ser\u00e3o realizados cerca de 3 mil cirurgias para a equaliza\u00e7\u00e3o da fila de espera por cirurgias eletivas da cidade.<\/p>\n","protected":false},"author":19,"featured_media":104841,"comment_status":"closed","ping_status":"0","sticky":false,"template":"","format":"standard","meta":{"footnotes":""},"categories":[1],"tags":[],"class_list":["post-104840","post","type-post","status-publish","format-standard","has-post-thumbnail","hentry","category-noticias"],"_links":{"self":[{"href":"https:\/\/tvtecjundiai.com.br\/news\/wp-json\/wp\/v2\/posts\/104840","targetHints":{"allow":["GET"]}}],"collection":[{"href":"https:\/\/tvtecjundiai.com.br\/news\/wp-json\/wp\/v2\/posts"}],"about":[{"href":"https:\/\/tvtecjundiai.com.br\/news\/wp-json\/wp\/v2\/types\/post"}],"author":[{"embeddable":true,"href":"https:\/\/tvtecjundiai.com.br\/news\/wp-json\/wp\/v2\/users\/19"}],"replies":[{"embeddable":true,"href":"https:\/\/tvtecjundiai.com.br\/news\/wp-json\/wp\/v2\/comments?post=104840"}],"version-history":[{"count":1,"href":"https:\/\/tvtecjundiai.com.br\/news\/wp-json\/wp\/v2\/posts\/104840\/revisions"}],"predecessor-version":[{"id":104842,"href":"https:\/\/tvtecjundiai.com.br\/news\/wp-json\/wp\/v2\/posts\/104840\/revisions\/104842"}],"wp:featuredmedia":[{"embeddable":true,"href":"https:\/\/tvtecjundiai.com.br\/news\/wp-json\/wp\/v2\/media\/104841"}],"wp:attachment":[{"href":"https:\/\/tvtecjundiai.com.br\/news\/wp-json\/wp\/v2\/media?parent=104840"}],"wp:term":[{"taxonomy":"category","embeddable":true,"href":"https:\/\/tvtecjundiai.com.br\/news\/wp-json\/wp\/v2\/categories?post=104840"},{"taxonomy":"post_tag","embeddable":true,"href":"https:\/\/tvtecjundiai.com.br\/news\/wp-json\/wp\/v2\/tags?post=104840"}],"curies":[{"name":"wp","href":"https:\/\/api.w.org\/{rel}","templated":true}]}}