{"id":104843,"date":"2023-02-12T08:27:20","date_gmt":"2023-02-12T11:27:20","guid":{"rendered":"https:\/\/tvtecjundiai.com.br\/news\/?p=104843"},"modified":"2023-02-12T08:27:22","modified_gmt":"2023-02-12T11:27:22","slug":"covid-19-saude-amplia-vacinacao-com-a-pfizer-baby-para-criancas-de-3-a-4-anos","status":"publish","type":"post","link":"https:\/\/tvtecjundiai.com.br\/news\/2023\/02\/12\/covid-19-saude-amplia-vacinacao-com-a-pfizer-baby-para-criancas-de-3-a-4-anos\/","title":{"rendered":"Covid-19: sa\u00fade amplia vacina\u00e7\u00e3o com a Pfizer Baby para crian\u00e7as de 3 a 4 anos"},"content":{"rendered":"\n<p>Jundia\u00ed passa a aplicar, a partir desta segunda-feira (13), a vacina Pfizer Baby tamb\u00e9m em crian\u00e7as de 3 a 4 anos. Esta vers\u00e3o do imunizante estava dispon\u00edvel apenas para o p\u00fablico de seis meses a 2 anos.<br><br>Durante a semana, a aplica\u00e7\u00e3o ocorre de acordo com&nbsp;<a href=\"https:\/\/jundiai.sp.gov.br\/coronavirus\/calendario-de-vacinacao\/\">calend\u00e1rio dispon\u00edvel no site<\/a>. Em cada dia, s\u00e3o sete equipamentos que fazem o atendimento das 8h30 \u00e0s 11h30 e das 13h \u00e0s 15h.<br><br>\u201cCom o encaminhamento de novas grades pela Secretaria de Estado da Sa\u00fade, estamos ampliando a campanha com esse imunizante. \u00c9 importante que os pais e\/ou respons\u00e1veis levem as crian\u00e7as para receber as doses. Apesar da redu\u00e7\u00e3o de casos, o v\u00edrus ainda circula\u201d, destaca a coordenadora da Vigil\u00e2ncia Epidemiol\u00f3gica (VE), enfermeira Maria do Carmo Possidente.<\/p>\n\n\n\n<figure class=\"wp-block-image\"><img decoding=\"async\" src=\"https:\/\/jundiai.sp.gov.br\/noticias\/wp-content\/uploads\/sites\/32\/2023\/02\/vacinacao-covid-19-e-inluenza-ubs-vila-rami_c_-33.jpg\" alt=\"\" class=\"wp-image-310817\" \/><figcaption class=\"wp-element-caption\">\u00c9 importante que os pais confiram o calend\u00e1rio e levem as crian\u00e7as para receber a dose<\/figcaption><\/figure>\n\n\n\n<p>O esquema com a Pfizer Baby requer tr\u00eas doses do imunizante, sendo as duas doses iniciais administradas com quatro semanas de intervalo e a terceira com oito semanas depois. Crian\u00e7as que tiveram a Covid-19 devem esperar 30 dias para receber a vacina. Assim como as outras contra a doen\u00e7a, ela pode ser administrada simultaneamente com as imuniza\u00e7\u00f5es de rotina.<br><br>\u00c9 necess\u00e1rio apresentar a carteira de vacina\u00e7\u00e3o da crian\u00e7a, o CPF ou o Cart\u00e3o Nacional de Sa\u00fade.<\/p>\n\n\n\n<p><strong>Demais p\u00fablicos<\/strong><br>Para o p\u00fablico a partir de 12 anos, a vacina\u00e7\u00e3o contra Covid-19 prossegue nas Unidades B\u00e1sicas de Sa\u00fade (UBSs) e Cl\u00ednicas da Fam\u00edlia, no hor\u00e1rio de atendimento das salas de vacina\u00e7\u00e3o. Neste momento, a Unidade de Gest\u00e3o de Promo\u00e7\u00e3o da Sa\u00fade (UGPS) aguarda a entrega de lotes dos imunizantes Coronavac e Pfizer para a realiza\u00e7\u00e3o da aplica\u00e7\u00e3o em primeira dose. As demais doses (D2 e refor\u00e7o) est\u00e3o dispon\u00edveis.<\/p>\n\n\n\n<p>J\u00e1 a aplica\u00e7\u00e3o vacina Pfizer Pedi\u00e1trica ((D2 e refor\u00e7o) em calend\u00e1rio de aplica\u00e7\u00e3o semelhante ao da Pfizer Baby.<\/p>\n\n\n\n<p><a href=\"https:\/\/jundiai.sp.gov.br\/coronavirus\/calendario-de-vacinacao\/\">CONFIRA O CALEND\u00c1RIO<\/a><\/p>\n\n\n\n<p><strong><em>(Fonte \/ Fotos: Prefeitura de Jundia\u00ed)<\/em><\/strong><\/p>\n","protected":false},"excerpt":{"rendered":"<p>Durante a semana, a aplica\u00e7\u00e3o ocorre de acordo com\u00a0calend\u00e1rio dispon\u00edvel no site. Em cada dia, s\u00e3o sete equipamentos que fazem o atendimento das 8h30 \u00e0s 11h30 e das 13h \u00e0s 15h.<\/p>\n","protected":false},"author":19,"featured_media":104844,"comment_status":"closed","ping_status":"0","sticky":false,"template":"","format":"standard","meta":{"footnotes":""},"categories":[1],"tags":[],"class_list":["post-104843","post","type-post","status-publish","format-standard","has-post-thumbnail","hentry","category-noticias"],"_links":{"self":[{"href":"https:\/\/tvtecjundiai.com.br\/news\/wp-json\/wp\/v2\/posts\/104843","targetHints":{"allow":["GET"]}}],"collection":[{"href":"https:\/\/tvtecjundiai.com.br\/news\/wp-json\/wp\/v2\/posts"}],"about":[{"href":"https:\/\/tvtecjundiai.com.br\/news\/wp-json\/wp\/v2\/types\/post"}],"author":[{"embeddable":true,"href":"https:\/\/tvtecjundiai.com.br\/news\/wp-json\/wp\/v2\/users\/19"}],"replies":[{"embeddable":true,"href":"https:\/\/tvtecjundiai.com.br\/news\/wp-json\/wp\/v2\/comments?post=104843"}],"version-history":[{"count":1,"href":"https:\/\/tvtecjundiai.com.br\/news\/wp-json\/wp\/v2\/posts\/104843\/revisions"}],"predecessor-version":[{"id":104845,"href":"https:\/\/tvtecjundiai.com.br\/news\/wp-json\/wp\/v2\/posts\/104843\/revisions\/104845"}],"wp:featuredmedia":[{"embeddable":true,"href":"https:\/\/tvtecjundiai.com.br\/news\/wp-json\/wp\/v2\/media\/104844"}],"wp:attachment":[{"href":"https:\/\/tvtecjundiai.com.br\/news\/wp-json\/wp\/v2\/media?parent=104843"}],"wp:term":[{"taxonomy":"category","embeddable":true,"href":"https:\/\/tvtecjundiai.com.br\/news\/wp-json\/wp\/v2\/categories?post=104843"},{"taxonomy":"post_tag","embeddable":true,"href":"https:\/\/tvtecjundiai.com.br\/news\/wp-json\/wp\/v2\/tags?post=104843"}],"curies":[{"name":"wp","href":"https:\/\/api.w.org\/{rel}","templated":true}]}}