{"id":104850,"date":"2023-02-13T10:21:50","date_gmt":"2023-02-13T13:21:50","guid":{"rendered":"https:\/\/tvtecjundiai.com.br\/news\/?p=104850"},"modified":"2023-02-13T10:21:51","modified_gmt":"2023-02-13T13:21:51","slug":"semana-sera-abafada-em-jundiai-com-maxima-de-32c","status":"publish","type":"post","link":"https:\/\/tvtecjundiai.com.br\/news\/2023\/02\/13\/semana-sera-abafada-em-jundiai-com-maxima-de-32c\/","title":{"rendered":"Semana ser\u00e1 abafada em Jundia\u00ed, com m\u00e1xima de 32\u00b0C"},"content":{"rendered":"\n<p>A semana ser\u00e1 abafada em Jundia\u00ed, com pancadas de chuva t\u00edpicas do ver\u00e3o. Segundo o Climatempo, os term\u00f4metros devem ficar entre 19\u00b0C e 32\u00b0C.<\/p>\n\n\n\n<p>Nesta segunda-feira (13), o dia deve ser de sol com muitas nuvens e pancadas de chuva \u00e0 tarde e \u00e0 noite, que devem somar 12mm. Os term\u00f4metros marcam entre 19\u00b0C e 30\u00b0C.<\/p>\n\n\n<div class=\"wp-block-image\">\n<figure class=\"aligncenter size-large is-resized\"><img loading=\"lazy\" decoding=\"async\" src=\"https:\/\/tvtecjundiai.com.br\/news\/wp-content\/uploads\/sites\/2\/2023\/02\/WhatsApp-Image-2023-01-31-at-09.08.41-1-1200x900.jpeg\" alt=\"\" class=\"wp-image-104871\" width=\"658\" height=\"494\" srcset=\"https:\/\/tvtecjundiai.com.br\/news\/wp-content\/uploads\/sites\/2\/2023\/02\/WhatsApp-Image-2023-01-31-at-09.08.41-1-1200x900.jpeg 1200w, https:\/\/tvtecjundiai.com.br\/news\/wp-content\/uploads\/sites\/2\/2023\/02\/WhatsApp-Image-2023-01-31-at-09.08.41-1-300x225.jpeg 300w, https:\/\/tvtecjundiai.com.br\/news\/wp-content\/uploads\/sites\/2\/2023\/02\/WhatsApp-Image-2023-01-31-at-09.08.41-1-768x576.jpeg 768w, https:\/\/tvtecjundiai.com.br\/news\/wp-content\/uploads\/sites\/2\/2023\/02\/WhatsApp-Image-2023-01-31-at-09.08.41-1.jpeg 1280w\" sizes=\"auto, (max-width: 658px) 100vw, 658px\" \/><\/figure>\n<\/div>\n\n\n<p><\/p>\n\n\n\n<p><strong>Confira a previs\u00e3o detalhada na cidade, de acordo com o Climatempo<\/strong><\/p>\n\n\n\n<p><strong>Ter\u00e7a-feira (14):\u00a0<\/strong>Sol com algumas nuvens e pancadas de chuva \u00e0 tarde e \u00e0 noite, que devem somar 12mm. Os term\u00f4metros ficam entre 19\u00b0C e 31\u00b0C.<\/p>\n\n\n\n<p><strong>Quarta-feira (15):\u00a0<\/strong>Sol com algumas nuvens e pancadas de chuva \u00e0 tarde e \u00e0 noite, que devem somar 26mm. A temperatura fica entre 20\u00b0C e 32\u00b0C, atingindo a m\u00e1xima prevista para a semana.<\/p>\n\n\n\n<p><strong>Quinta-feira (16):<\/strong>\u00a0Sol com algumas nuvens e pancadas de chuva durante o dia e \u00e0 noite, que devem somar 25mm. Os term\u00f4metros ficam entre 21\u00b0C e 30\u00b0C.<\/p>\n\n\n\n<p><strong>Sexta-feira (17):<\/strong>\u00a0Sol com muitas nuvens durante o dia. Per\u00edodos de nublado, com pancadas de chuva a qualquer hora, que devem somar 11mm. A temperatura apresenta leve queda e fica entre 20\u00b0C e 26\u00b0C.<\/p>\n\n\n\n<p><strong><em>(Fonte: TVTEC Jundia\u00ed\/Imagem: Juliano Justino)<\/em><\/strong><\/p>\n","protected":false},"excerpt":{"rendered":"<p>Segundo o Climatempo, os term\u00f4metros devem ficar entre 19\u00b0C e 32\u00b0C<\/p>\n","protected":false},"author":30,"featured_media":104871,"comment_status":"closed","ping_status":"0","sticky":false,"template":"","format":"standard","meta":{"footnotes":""},"categories":[3185,29,8356,1],"tags":[],"class_list":["post-104850","post","type-post","status-publish","format-standard","has-post-thumbnail","hentry","category-clima","category-destaque","category-jundiai","category-noticias"],"_links":{"self":[{"href":"https:\/\/tvtecjundiai.com.br\/news\/wp-json\/wp\/v2\/posts\/104850","targetHints":{"allow":["GET"]}}],"collection":[{"href":"https:\/\/tvtecjundiai.com.br\/news\/wp-json\/wp\/v2\/posts"}],"about":[{"href":"https:\/\/tvtecjundiai.com.br\/news\/wp-json\/wp\/v2\/types\/post"}],"author":[{"embeddable":true,"href":"https:\/\/tvtecjundiai.com.br\/news\/wp-json\/wp\/v2\/users\/30"}],"replies":[{"embeddable":true,"href":"https:\/\/tvtecjundiai.com.br\/news\/wp-json\/wp\/v2\/comments?post=104850"}],"version-history":[{"count":3,"href":"https:\/\/tvtecjundiai.com.br\/news\/wp-json\/wp\/v2\/posts\/104850\/revisions"}],"predecessor-version":[{"id":104872,"href":"https:\/\/tvtecjundiai.com.br\/news\/wp-json\/wp\/v2\/posts\/104850\/revisions\/104872"}],"wp:featuredmedia":[{"embeddable":true,"href":"https:\/\/tvtecjundiai.com.br\/news\/wp-json\/wp\/v2\/media\/104871"}],"wp:attachment":[{"href":"https:\/\/tvtecjundiai.com.br\/news\/wp-json\/wp\/v2\/media?parent=104850"}],"wp:term":[{"taxonomy":"category","embeddable":true,"href":"https:\/\/tvtecjundiai.com.br\/news\/wp-json\/wp\/v2\/categories?post=104850"},{"taxonomy":"post_tag","embeddable":true,"href":"https:\/\/tvtecjundiai.com.br\/news\/wp-json\/wp\/v2\/tags?post=104850"}],"curies":[{"name":"wp","href":"https:\/\/api.w.org\/{rel}","templated":true}]}}