{"id":104852,"date":"2023-02-13T09:13:43","date_gmt":"2023-02-13T12:13:43","guid":{"rendered":"https:\/\/tvtecjundiai.com.br\/news\/?p=104852"},"modified":"2023-02-13T09:33:40","modified_gmt":"2023-02-13T12:33:40","slug":"revitalizacoes-dos-campos-dos-ceces-leo-nogueira-e-antonio-iacovino-chegam-a-fase-final","status":"publish","type":"post","link":"https:\/\/tvtecjundiai.com.br\/news\/2023\/02\/13\/revitalizacoes-dos-campos-dos-ceces-leo-nogueira-e-antonio-iacovino-chegam-a-fase-final\/","title":{"rendered":"Revitaliza\u00e7\u00f5es dos campos dos CECEs Leo Nogueira e Antonio Iacovino chegam \u00e0 fase final"},"content":{"rendered":"\n<p>Ap\u00f3s passarem por uma completa revitaliza\u00e7\u00e3o, que incluiu n\u00e3o s\u00f3 o novo gramado como novos sistemas de irriga\u00e7\u00e3o e drenagem, os campos de futebol dos Centros Esportivos, Culturais e Educacionais Antonio Iacovino, na Vila Nambi, e L\u00e9o Pereira Nogueira, no Medeiros, encontram-se em fase final de prepara\u00e7\u00e3o, e restam apenas alguns detalhes para que possam ser entregues e o seu uso seja liberado \u00e0 popula\u00e7\u00e3o. O investimento total para as duas obras foi de R$ 750 mil.<\/p>\n\n\n\n<p>No Antonio Iacovino, o gramado precisou passar por um tratamento contra fungos, que j\u00e1 foi finalizado sem maiores complica\u00e7\u00f5es. Tamb\u00e9m foram realizadas melhorias nos vesti\u00e1rios, com a troca dos azulejos internos e nova pintura externa, al\u00e9m da pintura dos mour\u00f5es que cercam todo o campo. J\u00e1 a arquibancada ganhou a t\u00e3o esperada cobertura, um pedido antigo dos moradores para assistirem \u00e0s partidas com mais conforto e protegidos do sol.<\/p>\n\n\n\n<figure class=\"wp-block-image size-large\"><img loading=\"lazy\" decoding=\"async\" width=\"1200\" height=\"801\" src=\"https:\/\/tvtecjundiai.com.br\/news\/wp-content\/uploads\/sites\/2\/2023\/02\/cece-antonio-lacovino_campo_m_-19-1200x801.jpg\" alt=\"\" class=\"wp-image-104853\" srcset=\"https:\/\/tvtecjundiai.com.br\/news\/wp-content\/uploads\/sites\/2\/2023\/02\/cece-antonio-lacovino_campo_m_-19-1200x801.jpg 1200w, https:\/\/tvtecjundiai.com.br\/news\/wp-content\/uploads\/sites\/2\/2023\/02\/cece-antonio-lacovino_campo_m_-19-300x200.jpg 300w, https:\/\/tvtecjundiai.com.br\/news\/wp-content\/uploads\/sites\/2\/2023\/02\/cece-antonio-lacovino_campo_m_-19-768x512.jpg 768w, https:\/\/tvtecjundiai.com.br\/news\/wp-content\/uploads\/sites\/2\/2023\/02\/cece-antonio-lacovino_campo_m_-19.jpg 1280w\" sizes=\"auto, (max-width: 1200px) 100vw, 1200px\" \/><figcaption class=\"wp-element-caption\">CECE Antonio Iacovino ganhou novo gramado e cobertura para a arquibancada<\/figcaption><\/figure>\n\n\n\n<p>J\u00e1 no CECE L\u00e9o Nogueira, a situa\u00e7\u00e3o do gramado est\u00e1 ainda mais avan\u00e7ada, faltando poucos detalhes para a libera\u00e7\u00e3o. A grama recebeu mais um corte esta semana e ser\u00e3o necess\u00e1rias apenas mais algumas semanas para que o campo possa ser usado de maneira segura e sem maiores riscos de danificar o gramado rec\u00e9m colocado.<\/p>\n\n\n\n<p>O sistema de drenagem utilizado em ambos os campos \u00e9 conhecido como \u201despinha de peixe\u2019, por conta da disposi\u00e7\u00e3o dos canos, em que o dreno conduz toda a \u00e1gua dos sub-ramais para um ramal \u00fanico que \u00e9 ligado \u00e0 rede de drenagem. Esse tipo de sistema consegue cobrir toda a \u00e1rea do campo e, al\u00e9m disso, trabalha com menor profundidade de escava\u00e7\u00e3o.<\/p>\n\n\n\n<figure class=\"wp-block-image size-large\"><img loading=\"lazy\" decoding=\"async\" width=\"1200\" height=\"801\" src=\"https:\/\/tvtecjundiai.com.br\/news\/wp-content\/uploads\/sites\/2\/2023\/02\/cece-leo-pereira-lemos_campo_m_-9-1200x801.jpg\" alt=\"\" class=\"wp-image-104854\" srcset=\"https:\/\/tvtecjundiai.com.br\/news\/wp-content\/uploads\/sites\/2\/2023\/02\/cece-leo-pereira-lemos_campo_m_-9-1200x801.jpg 1200w, https:\/\/tvtecjundiai.com.br\/news\/wp-content\/uploads\/sites\/2\/2023\/02\/cece-leo-pereira-lemos_campo_m_-9-300x200.jpg 300w, https:\/\/tvtecjundiai.com.br\/news\/wp-content\/uploads\/sites\/2\/2023\/02\/cece-leo-pereira-lemos_campo_m_-9-768x512.jpg 768w, https:\/\/tvtecjundiai.com.br\/news\/wp-content\/uploads\/sites\/2\/2023\/02\/cece-leo-pereira-lemos_campo_m_-9.jpg 1280w\" sizes=\"auto, (max-width: 1200px) 100vw, 1200px\" \/><figcaption class=\"wp-element-caption\">Gramado do CECE L\u00e9o Pereira Nogueira est\u00e1 quase pronto para uso<\/figcaption><\/figure>\n\n\n\n<p><strong><em>(Fonte\/Imagem: Prefeitura de Jundia\u00ed)<\/em><\/strong><\/p>\n","protected":false},"excerpt":{"rendered":"<p>Tamb\u00e9m foram realizadas melhorias nos vesti\u00e1rios e a pintura dos mour\u00f5es que cercam todo o campo<\/p>\n","protected":false},"author":30,"featured_media":104853,"comment_status":"closed","ping_status":"0","sticky":false,"template":"","format":"standard","meta":{"footnotes":""},"categories":[2827,8356,1],"tags":[],"class_list":["post-104852","post","type-post","status-publish","format-standard","has-post-thumbnail","hentry","category-esportes-e-lazer","category-jundiai","category-noticias"],"_links":{"self":[{"href":"https:\/\/tvtecjundiai.com.br\/news\/wp-json\/wp\/v2\/posts\/104852","targetHints":{"allow":["GET"]}}],"collection":[{"href":"https:\/\/tvtecjundiai.com.br\/news\/wp-json\/wp\/v2\/posts"}],"about":[{"href":"https:\/\/tvtecjundiai.com.br\/news\/wp-json\/wp\/v2\/types\/post"}],"author":[{"embeddable":true,"href":"https:\/\/tvtecjundiai.com.br\/news\/wp-json\/wp\/v2\/users\/30"}],"replies":[{"embeddable":true,"href":"https:\/\/tvtecjundiai.com.br\/news\/wp-json\/wp\/v2\/comments?post=104852"}],"version-history":[{"count":2,"href":"https:\/\/tvtecjundiai.com.br\/news\/wp-json\/wp\/v2\/posts\/104852\/revisions"}],"predecessor-version":[{"id":104863,"href":"https:\/\/tvtecjundiai.com.br\/news\/wp-json\/wp\/v2\/posts\/104852\/revisions\/104863"}],"wp:featuredmedia":[{"embeddable":true,"href":"https:\/\/tvtecjundiai.com.br\/news\/wp-json\/wp\/v2\/media\/104853"}],"wp:attachment":[{"href":"https:\/\/tvtecjundiai.com.br\/news\/wp-json\/wp\/v2\/media?parent=104852"}],"wp:term":[{"taxonomy":"category","embeddable":true,"href":"https:\/\/tvtecjundiai.com.br\/news\/wp-json\/wp\/v2\/categories?post=104852"},{"taxonomy":"post_tag","embeddable":true,"href":"https:\/\/tvtecjundiai.com.br\/news\/wp-json\/wp\/v2\/tags?post=104852"}],"curies":[{"name":"wp","href":"https:\/\/api.w.org\/{rel}","templated":true}]}}