{"id":104873,"date":"2023-02-13T14:07:26","date_gmt":"2023-02-13T17:07:26","guid":{"rendered":"https:\/\/tvtecjundiai.com.br\/news\/?p=104873"},"modified":"2023-02-13T14:07:32","modified_gmt":"2023-02-13T17:07:32","slug":"em-21-anos-hospital-sao-vicente-registra-queda-de-acidentes-de-trabalho","status":"publish","type":"post","link":"https:\/\/tvtecjundiai.com.br\/news\/2023\/02\/13\/em-21-anos-hospital-sao-vicente-registra-queda-de-acidentes-de-trabalho\/","title":{"rendered":"Em 21 anos, Hospital S\u00e3o Vicente registra queda de acidentes de trabalho"},"content":{"rendered":"\n<p>Nos \u00faltimos anos, o Hospital de Caridade S\u00e3o Vicente de Paulo (HSV) vem registrando\u00a0queda\u00a0nos \u00edndices\u00a0de acidentes de trabalho\u00a0na institui\u00e7\u00e3o. Segundo\u00a0o\u00a0engenheiro e supervisor do setor de Engenharia de Seguran\u00e7a do Trabalho da entidade, Iber\u00ea Ferraz Santos, em 2002, quando o setor iniciou os registros dos acidentes na institui\u00e7\u00e3o, a taxa de acidentes era de 9,88%. Em 2022, a taxa registrada foi de 3,22%, sendo a menor taxa de acidentes de trabalho\u00a0no hospital nos \u00faltimos 21 anos.<\/p>\n\n\n\n<p>\u201cA taxa avalia o n\u00famero total de acidentes t\u00edpicos de trabalho ocorridos no per\u00edodo considerado, em rela\u00e7\u00e3o ao n\u00famero de colaboradores na institui\u00e7\u00e3o. Os registros contemplam os anos de 2002 a 2022.\u00a0Em 2022 foram registrados 72 acidentes t\u00edpicos para o n\u00famero m\u00e9dio de 2.169 colaboradores.\u00a0A metodologia de investiga\u00e7\u00e3o, an\u00e1lise de acidentes, coleta de dados e c\u00e1lculos s\u00e3o os mesmos aplicados nesses anos todos e a an\u00e1lise de desempenho \u00e9 comparada com os valores do pr\u00f3prio hospital. Assim, entendemos que a an\u00e1lise cr\u00edtica do indicador, atrav\u00e9s dos resultados positivos ou negativos, representam satisfatoriamente seu objetivo.\u00a0Desta forma, a taxa de 2022 acusa\u00a0a melhor performance de seguran\u00e7a dos \u00faltimos 21 anos\u201d, explica Iber\u00ea.<\/p>\n\n\n\n<figure class=\"wp-block-image size-full\"><img loading=\"lazy\" decoding=\"async\" width=\"960\" height=\"720\" src=\"https:\/\/tvtecjundiai.com.br\/news\/wp-content\/uploads\/sites\/2\/2023\/02\/Com-dedicacao-e-comprometimento-equipe-de-Engenharia-de-Seguranca-do-Trabalho-atinge-marco-de-menor-ind-ice-de-acidentes.jpg\" alt=\"\" class=\"wp-image-104874\" srcset=\"https:\/\/tvtecjundiai.com.br\/news\/wp-content\/uploads\/sites\/2\/2023\/02\/Com-dedicacao-e-comprometimento-equipe-de-Engenharia-de-Seguranca-do-Trabalho-atinge-marco-de-menor-ind-ice-de-acidentes.jpg 960w, https:\/\/tvtecjundiai.com.br\/news\/wp-content\/uploads\/sites\/2\/2023\/02\/Com-dedicacao-e-comprometimento-equipe-de-Engenharia-de-Seguranca-do-Trabalho-atinge-marco-de-menor-ind-ice-de-acidentes-300x225.jpg 300w, https:\/\/tvtecjundiai.com.br\/news\/wp-content\/uploads\/sites\/2\/2023\/02\/Com-dedicacao-e-comprometimento-equipe-de-Engenharia-de-Seguranca-do-Trabalho-atinge-marco-de-menor-ind-ice-de-acidentes-768x576.jpg 768w\" sizes=\"auto, (max-width: 960px) 100vw, 960px\" \/><figcaption class=\"wp-element-caption\">Com dedica\u00e7\u00e3o e comprometimento, equipe de Engenharia de Seguran\u00e7a do Trabalho atinge marco de menor \u00edndice de acidentes<\/figcaption><\/figure>\n\n\n\n<p>Entre as reflex\u00f5es propostas, o mesmo afirma que o mecanismo mais eficiente para a redu\u00e7\u00e3o de acidentes \u00e9 o investimento em medidas de seguran\u00e7a e sa\u00fade dos trabalhadores e na propaga\u00e7\u00e3o de uma cultura prevencionista, al\u00e9m de a\u00e7\u00f5es imediatas para corre\u00e7\u00e3o de condi\u00e7\u00f5es inseguras constatadas. Dentre essas a\u00e7\u00f5es corretivas, \u00e9 poss\u00edvel destacar: treinamentos pontuais aos acidentados como medida educativa de refor\u00e7o, ordens de servi\u00e7o ao setor de Manuten\u00e7\u00e3o para elimina\u00e7\u00e3o de condi\u00e7\u00f5es inseguras constatadas durante as inspe\u00e7\u00f5es, entre outras. Ainda, como preven\u00e7\u00e3o, o setor de Engenharia de Seguran\u00e7a do Trabalho zela pelo cumprimento dos cronogramas de inspe\u00e7\u00e3o de seguran\u00e7a planejados em seus Programas de Seguran\u00e7a, objetivando o registro de situa\u00e7\u00f5es de n\u00e3o conformidade.\u00a0\u00a0<\/p>\n\n\n\n<p>O engenheiro ressalta o \u2018Gerenciamento de Riscos\u2019 existente na institui\u00e7\u00e3o, que aborda, atrav\u00e9s dos in\u00fameros Programas de Seguran\u00e7a implantados, um sistema de gest\u00e3o que&nbsp;atende&nbsp;exig\u00eancias previstas em normas regulamentadoras e em dispositivos legais de seguran\u00e7a e sa\u00fade no trabalho. O principal objetivo dessa gest\u00e3o \u00e9 contribuir para a diminui\u00e7\u00e3o do n\u00famero de acidentes de trabalho registrados na unidade, integrando planos, programas e outros documentos previstos na legisla\u00e7\u00e3o de seguran\u00e7a e sa\u00fade no trabalho.&nbsp;&nbsp;&nbsp;<\/p>\n\n\n\n<p>Dentro do esbo\u00e7o mencionado, o departamento ainda conta com&nbsp;alguns dos principais programas e treinamentos em vig\u00eancia no hospital, sendo eles: Avalia\u00e7\u00e3o de riscos ambientais com mensura\u00e7\u00e3o\/qualifica\u00e7\u00e3o desses agentes (ru\u00eddo, calor, frio, qu\u00edmicos, agentes biol\u00f3gicos, etc.);&nbsp;Gerenciamento de res\u00edduos de servi\u00e7os de sa\u00fade;&nbsp;Programa de prote\u00e7\u00e3o radiol\u00f3gica e respirat\u00f3ria e conserva\u00e7\u00e3o auditiva;&nbsp;Programa de seguran\u00e7a em obras;&nbsp;Plano de emerg\u00eancia contra inc\u00eandio;&nbsp;Integra\u00e7\u00e3o de novos colaboradores;&nbsp;Procedimentos de seguran\u00e7a para trabalhos em altura;&nbsp;Capacita\u00e7\u00e3o de Seguran\u00e7a e Sa\u00fade no trabalho para Enfermagem, Fisioterapeutas, Manuten\u00e7\u00e3o, Farm\u00e1cia, Higiene Hospitalar, Administrativos, entre outros setores e&nbsp;Treinamento de seguran\u00e7a do trabalho com inflam\u00e1veis e combust\u00edveis.&nbsp;&nbsp;&nbsp;<\/p>\n\n\n\n<p>O profissional ressalta a import\u00e2ncia da preven\u00e7\u00e3o de acidentes em ambiente hospitalar e o reflexo da conscientiza\u00e7\u00e3o e seguran\u00e7a dos usu\u00e1rios. \u201cA rotina no hospital \u00e9 din\u00e2mica e envolve al\u00e9m do contato com superf\u00edcies, produtos, secre\u00e7\u00f5es e demais componentes que podem apresentar contamina\u00e7\u00e3o, possui tamb\u00e9m situa\u00e7\u00f5es de risco envolvendo trabalhadores de outras \u00e1reas, como, por exemplo, manuten\u00e7\u00e3o, cozinha, higiene e administrativos. Por esse motivo, a import\u00e2ncia de algumas medidas b\u00e1sicas, tais como a conscientiza\u00e7\u00e3o do trabalhador, atrav\u00e9s da participa\u00e7\u00e3o em treinamentos, aten\u00e7\u00e3o e comprometimento ao uso dos equipamentos de prote\u00e7\u00e3o individual recomendados, o respeito aos protocolos de lavagem de m\u00e3os e de limpeza local, al\u00e9m de manter as precau\u00e7\u00f5es de contato e de isolamento recomendadas, certamente ir\u00e3o refletir na redu\u00e7\u00e3o das taxas de acidentes e doen\u00e7as ocupacionais e, consequentemente, propiciar um ambiente mais seguro a nossos colaboradores extensivo aos pacientes\u201d.<\/p>\n\n\n\n<p><strong>\u201c<\/strong>Sou muito grato por poder contar com profissionais t\u00e3o competentes e dedicados no setor ao longo desses anos todos. Motiva\u00e7\u00e3o, parceria, dedica\u00e7\u00e3o e\u00a0trabalho\u00a0em\u00a0equipe\u00a0foi o que nos levou a atingir esses resultados. Obrigado pelo esfor\u00e7o de todos!\u201d, compartilha com gratid\u00e3o, Iber\u00ea.<\/p>\n\n\n\n<p><strong><em>(Fonte\/Imagem: Assessoria Hospital S\u00e3o Vicente)<\/em><\/strong><\/p>\n","protected":false},"excerpt":{"rendered":"<p>Em 2022, a taxa registrada foi de 3,22%, sendo a menor taxa de acidentes de trabalho no hospital<\/p>\n","protected":false},"author":30,"featured_media":104874,"comment_status":"closed","ping_status":"0","sticky":false,"template":"","format":"standard","meta":{"footnotes":""},"categories":[8356,1,2839],"tags":[],"class_list":["post-104873","post","type-post","status-publish","format-standard","has-post-thumbnail","hentry","category-jundiai","category-noticias","category-saude"],"_links":{"self":[{"href":"https:\/\/tvtecjundiai.com.br\/news\/wp-json\/wp\/v2\/posts\/104873","targetHints":{"allow":["GET"]}}],"collection":[{"href":"https:\/\/tvtecjundiai.com.br\/news\/wp-json\/wp\/v2\/posts"}],"about":[{"href":"https:\/\/tvtecjundiai.com.br\/news\/wp-json\/wp\/v2\/types\/post"}],"author":[{"embeddable":true,"href":"https:\/\/tvtecjundiai.com.br\/news\/wp-json\/wp\/v2\/users\/30"}],"replies":[{"embeddable":true,"href":"https:\/\/tvtecjundiai.com.br\/news\/wp-json\/wp\/v2\/comments?post=104873"}],"version-history":[{"count":1,"href":"https:\/\/tvtecjundiai.com.br\/news\/wp-json\/wp\/v2\/posts\/104873\/revisions"}],"predecessor-version":[{"id":104875,"href":"https:\/\/tvtecjundiai.com.br\/news\/wp-json\/wp\/v2\/posts\/104873\/revisions\/104875"}],"wp:featuredmedia":[{"embeddable":true,"href":"https:\/\/tvtecjundiai.com.br\/news\/wp-json\/wp\/v2\/media\/104874"}],"wp:attachment":[{"href":"https:\/\/tvtecjundiai.com.br\/news\/wp-json\/wp\/v2\/media?parent=104873"}],"wp:term":[{"taxonomy":"category","embeddable":true,"href":"https:\/\/tvtecjundiai.com.br\/news\/wp-json\/wp\/v2\/categories?post=104873"},{"taxonomy":"post_tag","embeddable":true,"href":"https:\/\/tvtecjundiai.com.br\/news\/wp-json\/wp\/v2\/tags?post=104873"}],"curies":[{"name":"wp","href":"https:\/\/api.w.org\/{rel}","templated":true}]}}