{"id":104881,"date":"2023-02-13T15:22:15","date_gmt":"2023-02-13T18:22:15","guid":{"rendered":"https:\/\/tvtecjundiai.com.br\/news\/?p=104881"},"modified":"2023-02-13T15:22:16","modified_gmt":"2023-02-13T18:22:16","slug":"bazar-do-grendacc-conta-com-fantasias-e-pecas-para-usar-no-carnaval","status":"publish","type":"post","link":"https:\/\/tvtecjundiai.com.br\/news\/2023\/02\/13\/bazar-do-grendacc-conta-com-fantasias-e-pecas-para-usar-no-carnaval\/","title":{"rendered":"Bazar do Grendacc conta com fantasias e pe\u00e7as para usar no Carnaval"},"content":{"rendered":"\n<p>O Bazar Permanente do Grendacc est\u00e1 com v\u00e1rias op\u00e7\u00f5es de fantasias, principalmente para as crian\u00e7as, al\u00e9m de acess\u00f3rios divertidos, para o Carnaval. O espa\u00e7o funciona de segunda a sexta, das 10h \u00e0s 16h.<\/p>\n\n\n\n<p>Al\u00e9m de fantasias, o bazar tem roupas e cal\u00e7ados femininos, masculinos e infantis novos e seminovos, al\u00e9m de bolsas, cintos e bijuterias.<\/p>\n\n\n\n<p>Toda a renda arrecadada no bazar \u00e9 revertida ao Hospital da Crian\u00e7a do Grendacc.<\/p>\n\n\n\n<p>O endere\u00e7o \u00e9 avenida Dr. Manoel Ildefonso Archer de Castilho, 300, no Parque da Represa.<\/p>\n\n\n<div class=\"wp-block-image\">\n<figure class=\"aligncenter size-large is-resized\"><img loading=\"lazy\" decoding=\"async\" src=\"https:\/\/tvtecjundiai.com.br\/news\/wp-content\/uploads\/sites\/2\/2023\/02\/WhatsApp-Image-2023-02-13-at-15.20.24-1200x900.jpeg\" alt=\"\" class=\"wp-image-104888\" width=\"622\" height=\"467\" srcset=\"https:\/\/tvtecjundiai.com.br\/news\/wp-content\/uploads\/sites\/2\/2023\/02\/WhatsApp-Image-2023-02-13-at-15.20.24-1200x900.jpeg 1200w, https:\/\/tvtecjundiai.com.br\/news\/wp-content\/uploads\/sites\/2\/2023\/02\/WhatsApp-Image-2023-02-13-at-15.20.24-300x225.jpeg 300w, https:\/\/tvtecjundiai.com.br\/news\/wp-content\/uploads\/sites\/2\/2023\/02\/WhatsApp-Image-2023-02-13-at-15.20.24-768x576.jpeg 768w, https:\/\/tvtecjundiai.com.br\/news\/wp-content\/uploads\/sites\/2\/2023\/02\/WhatsApp-Image-2023-02-13-at-15.20.24.jpeg 1280w\" sizes=\"auto, (max-width: 622px) 100vw, 622px\" \/><\/figure>\n<\/div>\n\n\n<p><\/p>\n\n\n\n<p><em><strong>(Fonte: TVTEC Jundia\u00ed\/Imagem: Divulga\u00e7\u00e3o\/Grendacc Jundia\u00ed)<\/strong><\/em><\/p>\n","protected":false},"excerpt":{"rendered":"<p>Toda a renda arrecadada no bazar \u00e9 revertida ao hospital<\/p>\n","protected":false},"author":30,"featured_media":104888,"comment_status":"closed","ping_status":"0","sticky":false,"template":"","format":"standard","meta":{"footnotes":""},"categories":[8356,1],"tags":[],"class_list":["post-104881","post","type-post","status-publish","format-standard","has-post-thumbnail","hentry","category-jundiai","category-noticias"],"_links":{"self":[{"href":"https:\/\/tvtecjundiai.com.br\/news\/wp-json\/wp\/v2\/posts\/104881","targetHints":{"allow":["GET"]}}],"collection":[{"href":"https:\/\/tvtecjundiai.com.br\/news\/wp-json\/wp\/v2\/posts"}],"about":[{"href":"https:\/\/tvtecjundiai.com.br\/news\/wp-json\/wp\/v2\/types\/post"}],"author":[{"embeddable":true,"href":"https:\/\/tvtecjundiai.com.br\/news\/wp-json\/wp\/v2\/users\/30"}],"replies":[{"embeddable":true,"href":"https:\/\/tvtecjundiai.com.br\/news\/wp-json\/wp\/v2\/comments?post=104881"}],"version-history":[{"count":3,"href":"https:\/\/tvtecjundiai.com.br\/news\/wp-json\/wp\/v2\/posts\/104881\/revisions"}],"predecessor-version":[{"id":104890,"href":"https:\/\/tvtecjundiai.com.br\/news\/wp-json\/wp\/v2\/posts\/104881\/revisions\/104890"}],"wp:featuredmedia":[{"embeddable":true,"href":"https:\/\/tvtecjundiai.com.br\/news\/wp-json\/wp\/v2\/media\/104888"}],"wp:attachment":[{"href":"https:\/\/tvtecjundiai.com.br\/news\/wp-json\/wp\/v2\/media?parent=104881"}],"wp:term":[{"taxonomy":"category","embeddable":true,"href":"https:\/\/tvtecjundiai.com.br\/news\/wp-json\/wp\/v2\/categories?post=104881"},{"taxonomy":"post_tag","embeddable":true,"href":"https:\/\/tvtecjundiai.com.br\/news\/wp-json\/wp\/v2\/tags?post=104881"}],"curies":[{"name":"wp","href":"https:\/\/api.w.org\/{rel}","templated":true}]}}