{"id":104886,"date":"2023-02-13T15:23:38","date_gmt":"2023-02-13T18:23:38","guid":{"rendered":"https:\/\/tvtecjundiai.com.br\/news\/?p=104886"},"modified":"2023-02-13T15:23:43","modified_gmt":"2023-02-13T18:23:43","slug":"sarampo-risco-de-surto-no-continente-americano-e-o-maior-em-30-anos","status":"publish","type":"post","link":"https:\/\/tvtecjundiai.com.br\/news\/2023\/02\/13\/sarampo-risco-de-surto-no-continente-americano-e-o-maior-em-30-anos\/","title":{"rendered":"Sarampo: risco de surto no continente americano \u00e9 o maior em 30 anos"},"content":{"rendered":"\n<p>O risco de surto de sarampo no continente americano \u00e9 o mais alto dos \u00faltimos 30 anos. O alerta \u00e9 da Organiza\u00e7\u00e3o Pan-Americana da Sa\u00fade (Opas) e foi divulgado nesta segunda-feira (13) no Brasil.&nbsp;<img decoding=\"async\" src=\"https:\/\/agenciabrasil.ebc.com.br\/ebc.png?id=1510028&amp;o=node\"><img decoding=\"async\" src=\"https:\/\/agenciabrasil.ebc.com.br\/ebc.gif?id=1510028&amp;o=node\"><\/p>\n\n\n\n<p>A organiza\u00e7\u00e3o pede que os pa\u00edses retomem a cobertura vacinal infantil e atualizem os planos de resposta ao sarampo para evitar a volta da transmiss\u00e3o end\u00eamica do v\u00edrus. De acordo com o documento, os surtos mais significativos ocorreram no Brasil, onde a circula\u00e7\u00e3o end\u00eamica continua.&nbsp;<\/p>\n\n\n\n<p>Segundo Ana Caetano, presidente da Sociedade Brasileira de Imunologia, o continente americano havia ficado livre do sarampo em 2016. Entretanto, com a baixa cobertura vacinal, essa realidade voltou.<\/p>\n\n\n\n<p>&#8220;O que aconteceu \u00e9 que, nos \u00faltimos anos, houve uma redu\u00e7\u00e3o muito grande nessa cobertura vacinal. Ent\u00e3o, para se ter uma ideia, no \u00faltimo ano o Brasil teve uma redu\u00e7\u00e3o de 50% na cobertura vacinal.&nbsp;Isso fez com que novos casos, vindos de outros pa\u00edses, come\u00e7assem&nbsp;a entrar nos pa\u00edses da Am\u00e9rica, n\u00e3o s\u00f3 no Brasil, mas na Argentina, no Chile.&#8221;<\/p>\n\n\n\n<p>Em 2021, apenas seis pa\u00edses do continente atingiram o n\u00edvel recomendado de 95% de cobertura com duas doses. E outros dez pa\u00edses relataram cobertura inferior a 80%.<\/p>\n\n\n\n<figure class=\"wp-block-image size-full\"><img loading=\"lazy\" decoding=\"async\" width=\"1170\" height=\"700\" src=\"https:\/\/tvtecjundiai.com.br\/news\/wp-content\/uploads\/sites\/2\/2023\/02\/edit_mcmgo_abr20180818_1353.jpg\" alt=\"\" class=\"wp-image-104889\" srcset=\"https:\/\/tvtecjundiai.com.br\/news\/wp-content\/uploads\/sites\/2\/2023\/02\/edit_mcmgo_abr20180818_1353.jpg 1170w, https:\/\/tvtecjundiai.com.br\/news\/wp-content\/uploads\/sites\/2\/2023\/02\/edit_mcmgo_abr20180818_1353-300x179.jpg 300w, https:\/\/tvtecjundiai.com.br\/news\/wp-content\/uploads\/sites\/2\/2023\/02\/edit_mcmgo_abr20180818_1353-768x459.jpg 768w\" sizes=\"auto, (max-width: 1170px) 100vw, 1170px\" \/><figcaption class=\"wp-element-caption\">Dia D de mobiliza\u00e7\u00e3o da Campanha Nacional de Vacina\u00e7\u00e3o contra a Poliomielite e Sarampo.<\/figcaption><\/figure>\n\n\n\n<p>De acordo com o Programa Nacional de Imuniza\u00e7\u00f5es, at\u00e9 2015, o percentual de brasileiros protegidos pelas vacinas atingia as metas de p\u00fablico-alvo, mas com o retrocesso da imuniza\u00e7\u00e3o, a porcentagem voltou aos n\u00edveis da d\u00e9cada de 1980.<\/p>\n\n\n\n<p>Entre 2018 e 2021, 26 crian\u00e7as menores de 5 anos foram v\u00edtimas da doen\u00e7a no pa\u00eds. Nas duas d\u00e9cadas anteriores, apenas um \u00f3bito havia sido registrado.<\/p>\n\n\n\n<p>Ana Caetano explica que o sarampo \u00e9 um v\u00edrus altamente contagioso e que o esclarecimento da popula\u00e7\u00e3o \u00e9 um aliado para o enfrentamento da doen\u00e7a. &#8220;Explicar e informar a popula\u00e7\u00e3o, corretamente, que a vacina \u00e9 necess\u00e1ria para evitar que a gente tenha um surto de sarampo no Brasil. E a doen\u00e7a vem exatamente disso, desses pa\u00edses onde aparecem&nbsp;movimentos anti-vacina e, principalmente, as fake news com rela\u00e7\u00e3o \u00e0s vacinas.&#8221;&nbsp;<\/p>\n\n\n\n<p>No final de janeiro, o Minist\u00e9rio da Sa\u00fade anunciou a campanha de multivacina\u00e7\u00e3o contra poliomielite e sarampo nas escolas, que deve ocorrer a partir do m\u00eas de maio.<\/p>\n\n\n\n<p><strong><em>(Fonte\/Imagem: Ag\u00eancia Brasil)<\/em><\/strong><\/p>\n","protected":false},"excerpt":{"rendered":"<p>A organiza\u00e7\u00e3o pede que os pa\u00edses retomem a cobertura vacinal infantil<\/p>\n","protected":false},"author":30,"featured_media":104889,"comment_status":"closed","ping_status":"0","sticky":false,"template":"","format":"standard","meta":{"footnotes":""},"categories":[8356,1,2839],"tags":[],"class_list":["post-104886","post","type-post","status-publish","format-standard","has-post-thumbnail","hentry","category-jundiai","category-noticias","category-saude"],"_links":{"self":[{"href":"https:\/\/tvtecjundiai.com.br\/news\/wp-json\/wp\/v2\/posts\/104886","targetHints":{"allow":["GET"]}}],"collection":[{"href":"https:\/\/tvtecjundiai.com.br\/news\/wp-json\/wp\/v2\/posts"}],"about":[{"href":"https:\/\/tvtecjundiai.com.br\/news\/wp-json\/wp\/v2\/types\/post"}],"author":[{"embeddable":true,"href":"https:\/\/tvtecjundiai.com.br\/news\/wp-json\/wp\/v2\/users\/30"}],"replies":[{"embeddable":true,"href":"https:\/\/tvtecjundiai.com.br\/news\/wp-json\/wp\/v2\/comments?post=104886"}],"version-history":[{"count":1,"href":"https:\/\/tvtecjundiai.com.br\/news\/wp-json\/wp\/v2\/posts\/104886\/revisions"}],"predecessor-version":[{"id":104891,"href":"https:\/\/tvtecjundiai.com.br\/news\/wp-json\/wp\/v2\/posts\/104886\/revisions\/104891"}],"wp:featuredmedia":[{"embeddable":true,"href":"https:\/\/tvtecjundiai.com.br\/news\/wp-json\/wp\/v2\/media\/104889"}],"wp:attachment":[{"href":"https:\/\/tvtecjundiai.com.br\/news\/wp-json\/wp\/v2\/media?parent=104886"}],"wp:term":[{"taxonomy":"category","embeddable":true,"href":"https:\/\/tvtecjundiai.com.br\/news\/wp-json\/wp\/v2\/categories?post=104886"},{"taxonomy":"post_tag","embeddable":true,"href":"https:\/\/tvtecjundiai.com.br\/news\/wp-json\/wp\/v2\/tags?post=104886"}],"curies":[{"name":"wp","href":"https:\/\/api.w.org\/{rel}","templated":true}]}}