{"id":104892,"date":"2023-02-13T15:34:52","date_gmt":"2023-02-13T18:34:52","guid":{"rendered":"https:\/\/tvtecjundiai.com.br\/news\/?p=104892"},"modified":"2023-02-13T15:34:57","modified_gmt":"2023-02-13T18:34:57","slug":"cerca-de-15-mil-passageiros-devem-passar-pela-rodoviaria-de-jundiai-durante-o-carnaval","status":"publish","type":"post","link":"https:\/\/tvtecjundiai.com.br\/news\/2023\/02\/13\/cerca-de-15-mil-passageiros-devem-passar-pela-rodoviaria-de-jundiai-durante-o-carnaval\/","title":{"rendered":"Cerca de 15 mil passageiros devem passar pela Rodovi\u00e1ria de Jundia\u00ed durante o Carnaval"},"content":{"rendered":"\n<p>A Socicam, concession\u00e1ria respons\u00e1vel pela administra\u00e7\u00e3o do Terminal Rodovi\u00e1rio de Jundia\u00ed espera que cerca de 15 mil passageiros passem pelo local nos dias do feriado do Carnaval, uma das \u00e9pocas com maior movimento em todo o ano.<\/p>\n\n\n\n<p>A sexta, ter\u00e7a e quarta-feira s\u00e3o os dias com mais movimento e as cidades de Sorocaba, Campinas e Itu s\u00e3o os destinos mais procurados, assim como os munic\u00edpios litor\u00e2neos de Santos, S\u00e3o Vicente e Praia Grande. Pela proje\u00e7\u00e3o, o aumento no n\u00famero de passageiros por dia no Terminal \u00e9 13,5% maior do que o mesmo per\u00edodo do ano anterior.<\/p>\n\n\n\n<p>Segundo a Supervisora de Opera\u00e7\u00f5es do Terminal Rodovi\u00e1rio de Jundia\u00ed, Deise Natalie Sp\u00ednola Coelho,<strong> <\/strong>todos os anos a Socicam prepara um esquema especial de trabalho durante os principais feriados, como o Carnaval. \u201cN\u00e3o temos d\u00favida de que o Carnaval \u00e9 um dos per\u00edodos do ano em que temos mais movimenta\u00e7\u00e3o no Terminal daqui de Jundia\u00ed.&nbsp; Em 2022 j\u00e1 tivemos um movimento maior por conta do abrandamento das medidas restritivas da pandemia, mas esse ano esperamos ainda mais passageiros. Estamos preparados para proporcionar a todos que estiverem no espa\u00e7o do Terminal Rodovi\u00e1rio, o m\u00e1ximo em seguran\u00e7a, conforto e praticidade\u201d, concluiu a Supervisora.<\/p>\n\n\n\n<figure class=\"wp-block-image size-full is-resized\"><img loading=\"lazy\" decoding=\"async\" src=\"https:\/\/tvtecjundiai.com.br\/news\/wp-content\/uploads\/sites\/2\/2023\/02\/Captura-de-tela-2023-02-13-153122.jpg\" alt=\"\" class=\"wp-image-104893\" width=\"828\" height=\"397\" srcset=\"https:\/\/tvtecjundiai.com.br\/news\/wp-content\/uploads\/sites\/2\/2023\/02\/Captura-de-tela-2023-02-13-153122.jpg 578w, https:\/\/tvtecjundiai.com.br\/news\/wp-content\/uploads\/sites\/2\/2023\/02\/Captura-de-tela-2023-02-13-153122-300x144.jpg 300w\" sizes=\"auto, (max-width: 828px) 100vw, 828px\" \/><\/figure>\n\n\n\n<p>A Supervisora tamb\u00e9m recomenda aos passageiros aten\u00e7\u00e3o com os documentos necess\u00e1rios para viagem, pois todos aqueles que ir\u00e3o embarcar (at\u00e9 mesmo as crian\u00e7as) devem apresentar documento de identifica\u00e7\u00e3o original e com foto; que o embarque de crian\u00e7as e adolescentes menores de 16 anos, que ir\u00e3o viajar desacompanhados ou com respons\u00e1veis, precisam de autoriza\u00e7\u00e3o dos pais (modelo de autoriza\u00e7\u00e3o em: <a href=\"https:\/\/www.tjsp.jus.br\/UtilidadePublica\/UtilidadePublica\/AutorizacaoViagemCriancaAdolescente\" target=\"_blank\" rel=\"noreferrer noopener\">https:\/\/www.tjsp.jus.br\/UtilidadePublica\/UtilidadePublica\/AutorizacaoViagemCriancaAdolescente<\/a>); que o limite de bagagem \u00e9 de at\u00e9 30 kg para bagagem despachada no bagageiro do \u00f4nibus e at\u00e9 5 kg na bagagem de m\u00e3o (desde que n\u00e3o interfira no conforto dos demais passageiros) e \u00e9 recomendada a coloca\u00e7\u00e3o de identifica\u00e7\u00e3o nas bagagens com etiqueta contendo nome completo e telefone para contato; que \u00e9 importante o passageiro chegar ao Terminal com pelos menos 30 minutos de anteced\u00eancia do hor\u00e1rio marcado na passagem; e que a remarca\u00e7\u00e3o e reembolso de passagens devem ser feitos at\u00e9 3 horas antes do hor\u00e1rio da partida, diretamente com a empresa de \u00f4nibus.<\/p>\n\n\n\n<p>Localizado \u00e0 Avenida 9 de Julho, 4000, Jardim Anhanguera, Jundia\u00ed, o Terminal Rodovi\u00e1rio possui total acessibilidade, oferece Estacionamento, Guarda-volumes, Central de Atendimento e Informa\u00e7\u00f5es, Sanit\u00e1rios, Telefones P\u00fablicos, Ponto de T\u00e1xi e Pra\u00e7a de Alimenta\u00e7\u00e3o. Ao todo s\u00e3o 36 companhias de \u00f4nibus que oferecem passagens para todas as regi\u00f5es do Brasil.<\/p>\n\n\n\n<p><strong>Sobre a Socicam<\/strong><\/p>\n\n\n\n<p>H\u00e1 meio s\u00e9culo, a Socicam contribui com pioneirismo, criatividade e efici\u00eancia para o desenvolvimento sustent\u00e1vel do Brasil. A empresa viabiliza como solu\u00e7\u00e3o empresarial a gest\u00e3o integrada de espa\u00e7os p\u00fablicos nos segmentos de infraestrutura de mobilidade, social e de servi\u00e7os, com o prop\u00f3sito de melhorar a vida das pessoas. No mercado nacional, ocupa posi\u00e7\u00e3o de lideran\u00e7a na gest\u00e3o de terminais de passageiros rodovi\u00e1rios e urbanos, marcando presen\u00e7a relevante em aeroportos, portos, centrais de atendimento ao cidad\u00e3o e centros comerciais, e desde 2008, vem expandindo neg\u00f3cios em outros pa\u00edses da Am\u00e9rica do Sul. Os servi\u00e7os Socicam est\u00e3o alinhados \u00e0s pol\u00edticas socioambientais eficientes, a fim de preservar o meio ambiente e promover a integra\u00e7\u00e3o e o bem-estar da comunidade. O Sistema de Gest\u00e3o da Qualidade da empresa assegura que os processos controlados sejam executados de forma padronizada e organizada, resultando em melhor performance.<\/p>\n\n\n\n<p><strong><em>(Fonte\/Imagem: Assessoria Terminal Rodovi\u00e1rio de Jundia\u00ed\/Socicam)<\/em><\/strong><\/p>\n","protected":false},"excerpt":{"rendered":"<p>O aumento no n\u00famero de passageiros por dia no Terminal \u00e9 13,5% maior do que o ano anterior<\/p>\n","protected":false},"author":30,"featured_media":104893,"comment_status":"closed","ping_status":"0","sticky":false,"template":"","format":"standard","meta":{"footnotes":""},"categories":[8356,1,3059],"tags":[],"class_list":["post-104892","post","type-post","status-publish","format-standard","has-post-thumbnail","hentry","category-jundiai","category-noticias","category-transportes"],"_links":{"self":[{"href":"https:\/\/tvtecjundiai.com.br\/news\/wp-json\/wp\/v2\/posts\/104892","targetHints":{"allow":["GET"]}}],"collection":[{"href":"https:\/\/tvtecjundiai.com.br\/news\/wp-json\/wp\/v2\/posts"}],"about":[{"href":"https:\/\/tvtecjundiai.com.br\/news\/wp-json\/wp\/v2\/types\/post"}],"author":[{"embeddable":true,"href":"https:\/\/tvtecjundiai.com.br\/news\/wp-json\/wp\/v2\/users\/30"}],"replies":[{"embeddable":true,"href":"https:\/\/tvtecjundiai.com.br\/news\/wp-json\/wp\/v2\/comments?post=104892"}],"version-history":[{"count":1,"href":"https:\/\/tvtecjundiai.com.br\/news\/wp-json\/wp\/v2\/posts\/104892\/revisions"}],"predecessor-version":[{"id":104894,"href":"https:\/\/tvtecjundiai.com.br\/news\/wp-json\/wp\/v2\/posts\/104892\/revisions\/104894"}],"wp:featuredmedia":[{"embeddable":true,"href":"https:\/\/tvtecjundiai.com.br\/news\/wp-json\/wp\/v2\/media\/104893"}],"wp:attachment":[{"href":"https:\/\/tvtecjundiai.com.br\/news\/wp-json\/wp\/v2\/media?parent=104892"}],"wp:term":[{"taxonomy":"category","embeddable":true,"href":"https:\/\/tvtecjundiai.com.br\/news\/wp-json\/wp\/v2\/categories?post=104892"},{"taxonomy":"post_tag","embeddable":true,"href":"https:\/\/tvtecjundiai.com.br\/news\/wp-json\/wp\/v2\/tags?post=104892"}],"curies":[{"name":"wp","href":"https:\/\/api.w.org\/{rel}","templated":true}]}}