{"id":104898,"date":"2023-02-13T17:04:41","date_gmt":"2023-02-13T20:04:41","guid":{"rendered":"https:\/\/tvtecjundiai.com.br\/news\/?p=104898"},"modified":"2023-02-13T17:04:44","modified_gmt":"2023-02-13T20:04:44","slug":"secretario-estadual-de-educacao-reforca-parcerias-na-area-com-jundiai","status":"publish","type":"post","link":"https:\/\/tvtecjundiai.com.br\/news\/2023\/02\/13\/secretario-estadual-de-educacao-reforca-parcerias-na-area-com-jundiai\/","title":{"rendered":"Secret\u00e1rio Estadual de Educa\u00e7\u00e3o refor\u00e7a parcerias na \u00e1rea com Jundia\u00ed"},"content":{"rendered":"\n<p>Nesta segunda-feira (13), o Prefeito Luiz Fernando Machado esteve com o Vice-Governador Fel\u00edcio Ramuth e o Secret\u00e1rio Estadual de Educa\u00e7\u00e3o, Renato Feder, em Jundia\u00ed. O encontro ocorreu pelo fato de o munic\u00edpio ter sido escolhido para sediar a cerim\u00f4nia de entrega de 73 \u00f4nibus escolares para 65 cidades do Estado. Na ocasi\u00e3o, foram refor\u00e7adas as perspectivas de realizar parcerias que impulsionem a educa\u00e7\u00e3o jundiaiense nos setores de infraestrutura, tecnologia e pedag\u00f3gico.<\/p>\n\n\n\n<p>Durante o evento, que aconteceu no Parque Comendador Antonio Carbonari, o Parque da Uva, Luiz Fernando ressaltou a import\u00e2ncia do trabalho conjunto entre o Governo do Estado e as prefeituras. \u201cEste modelo de trabalho estimula o desenvolvimento das cidades e, consequentemente, das pessoas. Quando essas parcerias s\u00e3o feitas para fortalecer a educa\u00e7\u00e3o, quem ganha \u00e9 toda a sociedade, pois os investimentos nas crian\u00e7as s\u00e3o fundamentais para romper o ciclo de desigualdade que existe em nosso pa\u00eds\u201d, afirmou o chefe do executivo municipal.<\/p>\n\n\n\n<figure class=\"wp-block-image size-large\"><img loading=\"lazy\" decoding=\"async\" width=\"1200\" height=\"801\" src=\"https:\/\/tvtecjundiai.com.br\/news\/wp-content\/uploads\/sites\/2\/2023\/02\/visita_vice_governador_secretario_estadual_onibus_escolares_pa-46-1-1200x801.jpg\" alt=\"\" class=\"wp-image-104900\" srcset=\"https:\/\/tvtecjundiai.com.br\/news\/wp-content\/uploads\/sites\/2\/2023\/02\/visita_vice_governador_secretario_estadual_onibus_escolares_pa-46-1-1200x801.jpg 1200w, https:\/\/tvtecjundiai.com.br\/news\/wp-content\/uploads\/sites\/2\/2023\/02\/visita_vice_governador_secretario_estadual_onibus_escolares_pa-46-1-300x200.jpg 300w, https:\/\/tvtecjundiai.com.br\/news\/wp-content\/uploads\/sites\/2\/2023\/02\/visita_vice_governador_secretario_estadual_onibus_escolares_pa-46-1-768x512.jpg 768w, https:\/\/tvtecjundiai.com.br\/news\/wp-content\/uploads\/sites\/2\/2023\/02\/visita_vice_governador_secretario_estadual_onibus_escolares_pa-46-1.jpg 1280w\" sizes=\"auto, (max-width: 1200px) 100vw, 1200px\" \/><figcaption class=\"wp-element-caption\">Luiz Fernando Machado v\u00ea como positivo o trabalho conjunto entre o Estado e as prefeituras<\/figcaption><\/figure>\n\n\n\n<p>Segundo Ramuth, a meta \u00e9, de fato, trabalhar cada vez mais com as Prefeituras. \u201cEstar pr\u00f3ximos das prefeituras \u00e9 estar pr\u00f3ximo das pessoas. Por isso, vamos desenvolver projetos que abrangem todas as \u00e1reas, principalmente na Educa\u00e7\u00e3o. Juntos vamos construir as cidades, o Estado e o Pa\u00eds dos sonhos\u201d, ressaltou.<\/p>\n\n\n\n<figure class=\"wp-block-image size-large\"><img loading=\"lazy\" decoding=\"async\" width=\"1200\" height=\"801\" src=\"https:\/\/tvtecjundiai.com.br\/news\/wp-content\/uploads\/sites\/2\/2023\/02\/visita_vice_governador_secretario_estadual_onibus_escolares_pa-65-1200x801.jpg\" alt=\"\" class=\"wp-image-104902\" srcset=\"https:\/\/tvtecjundiai.com.br\/news\/wp-content\/uploads\/sites\/2\/2023\/02\/visita_vice_governador_secretario_estadual_onibus_escolares_pa-65-1200x801.jpg 1200w, https:\/\/tvtecjundiai.com.br\/news\/wp-content\/uploads\/sites\/2\/2023\/02\/visita_vice_governador_secretario_estadual_onibus_escolares_pa-65-300x200.jpg 300w, https:\/\/tvtecjundiai.com.br\/news\/wp-content\/uploads\/sites\/2\/2023\/02\/visita_vice_governador_secretario_estadual_onibus_escolares_pa-65-768x512.jpg 768w, https:\/\/tvtecjundiai.com.br\/news\/wp-content\/uploads\/sites\/2\/2023\/02\/visita_vice_governador_secretario_estadual_onibus_escolares_pa-65.jpg 1280w\" sizes=\"auto, (max-width: 1200px) 100vw, 1200px\" \/><figcaption class=\"wp-element-caption\">Fel\u00edcio Ramuth representou o Governador Tarc\u00edsio de Freitas no evento em Jundia\u00ed<\/figcaption><\/figure>\n\n\n\n<p>De acordo com Feder, a entrega dos \u00f4nibus foi apenas o primeiro ato de uma s\u00e9rie de investimentos que ser\u00e3o feitos em todo o Estado. \u201cJundia\u00ed e todas as outras cidades do Estado de S\u00e3o Paulo poder\u00e3o contar com a gente para a realiza\u00e7\u00e3o de parcerias que alavanquem a qualidade da Educa\u00e7\u00e3o. Sabemos que os investimentos em estrutura s\u00e3o importantes, mas a meta \u00e9 melhorar a qualidade da aula para que os alunos saibam utilizar as ferramentas da melhor forma, al\u00e9m de trazer inova\u00e7\u00f5es no curr\u00edculo dos estudantes\u201d, comentou o Secret\u00e1rio.<\/p>\n\n\n\n<p>A cerim\u00f4nia reuniu 39 prefeitos paulistas, que foram representados, no palco, pelo chefe do executivo de Americana, Chico Sardelli. Al\u00e9m deles, tamb\u00e9m estiveram presentes os deputados estaduais, Gilmaci Santos, Fabiana Barroso e Val\u00e9ria Bolsonaro.<\/p>\n\n\n\n<figure class=\"wp-block-image size-large\"><img loading=\"lazy\" decoding=\"async\" width=\"1200\" height=\"801\" src=\"https:\/\/tvtecjundiai.com.br\/news\/wp-content\/uploads\/sites\/2\/2023\/02\/visita_vice_governador_secretario_estadual_onibus_escolares_pa-17-1200x801.jpg\" alt=\"\" class=\"wp-image-104901\" srcset=\"https:\/\/tvtecjundiai.com.br\/news\/wp-content\/uploads\/sites\/2\/2023\/02\/visita_vice_governador_secretario_estadual_onibus_escolares_pa-17-1200x801.jpg 1200w, https:\/\/tvtecjundiai.com.br\/news\/wp-content\/uploads\/sites\/2\/2023\/02\/visita_vice_governador_secretario_estadual_onibus_escolares_pa-17-300x200.jpg 300w, https:\/\/tvtecjundiai.com.br\/news\/wp-content\/uploads\/sites\/2\/2023\/02\/visita_vice_governador_secretario_estadual_onibus_escolares_pa-17-768x512.jpg 768w, https:\/\/tvtecjundiai.com.br\/news\/wp-content\/uploads\/sites\/2\/2023\/02\/visita_vice_governador_secretario_estadual_onibus_escolares_pa-17.jpg 1280w\" sizes=\"auto, (max-width: 1200px) 100vw, 1200px\" \/><figcaption class=\"wp-element-caption\">Na ocasi\u00e3o, foram entregues 73 \u00f4nibus escolares para 65 munic\u00edpios<\/figcaption><\/figure>\n\n\n\n<p><strong><em>(Fonte\/Imagem: Prefeitura de Jundia\u00ed)<\/em><\/strong><\/p>\n","protected":false},"excerpt":{"rendered":"<p>Jundia\u00ed foi escolhida para sediar a cerim\u00f4nia de entrega de 73 \u00f4nibus escolares para 65 cidades<\/p>\n","protected":false},"author":30,"featured_media":104901,"comment_status":"closed","ping_status":"0","sticky":false,"template":"","format":"standard","meta":{"footnotes":""},"categories":[2828,8356,1],"tags":[],"class_list":["post-104898","post","type-post","status-publish","format-standard","has-post-thumbnail","hentry","category-educacao","category-jundiai","category-noticias"],"_links":{"self":[{"href":"https:\/\/tvtecjundiai.com.br\/news\/wp-json\/wp\/v2\/posts\/104898","targetHints":{"allow":["GET"]}}],"collection":[{"href":"https:\/\/tvtecjundiai.com.br\/news\/wp-json\/wp\/v2\/posts"}],"about":[{"href":"https:\/\/tvtecjundiai.com.br\/news\/wp-json\/wp\/v2\/types\/post"}],"author":[{"embeddable":true,"href":"https:\/\/tvtecjundiai.com.br\/news\/wp-json\/wp\/v2\/users\/30"}],"replies":[{"embeddable":true,"href":"https:\/\/tvtecjundiai.com.br\/news\/wp-json\/wp\/v2\/comments?post=104898"}],"version-history":[{"count":1,"href":"https:\/\/tvtecjundiai.com.br\/news\/wp-json\/wp\/v2\/posts\/104898\/revisions"}],"predecessor-version":[{"id":104903,"href":"https:\/\/tvtecjundiai.com.br\/news\/wp-json\/wp\/v2\/posts\/104898\/revisions\/104903"}],"wp:featuredmedia":[{"embeddable":true,"href":"https:\/\/tvtecjundiai.com.br\/news\/wp-json\/wp\/v2\/media\/104901"}],"wp:attachment":[{"href":"https:\/\/tvtecjundiai.com.br\/news\/wp-json\/wp\/v2\/media?parent=104898"}],"wp:term":[{"taxonomy":"category","embeddable":true,"href":"https:\/\/tvtecjundiai.com.br\/news\/wp-json\/wp\/v2\/categories?post=104898"},{"taxonomy":"post_tag","embeddable":true,"href":"https:\/\/tvtecjundiai.com.br\/news\/wp-json\/wp\/v2\/tags?post=104898"}],"curies":[{"name":"wp","href":"https:\/\/api.w.org\/{rel}","templated":true}]}}