{"id":104912,"date":"2023-02-14T09:34:52","date_gmt":"2023-02-14T12:34:52","guid":{"rendered":"https:\/\/tvtecjundiai.com.br\/news\/?p=104912"},"modified":"2023-02-14T09:34:58","modified_gmt":"2023-02-14T12:34:58","slug":"nucleo-de-articulacao-da-inicio-ao-projeto-embaixadores-da-juventude","status":"publish","type":"post","link":"https:\/\/tvtecjundiai.com.br\/news\/2023\/02\/14\/nucleo-de-articulacao-da-inicio-ao-projeto-embaixadores-da-juventude\/","title":{"rendered":"N\u00facleo de Articula\u00e7\u00e3o d\u00e1 in\u00edcio ao Projeto Embaixadores da Juventude"},"content":{"rendered":"\n<p>A Unidade de Gest\u00e3o da Casa Civil (UGCC), por meio do N\u00facleo de Articula\u00e7\u00e3o de Pol\u00edticas P\u00fablicas \u2013 Assessoria de Pol\u00edticas para a Juventude, se reuniu na manh\u00e3 desta segunda-feira (13) para dar in\u00edcio ao Projeto \u201cEmbaixadores da Juventude\u201d, uma din\u00e2mica criada a fim de fomentar o protagonismo da juventude no processo de constru\u00e7\u00e3o do Plano Municipal da Juventude, que ser\u00e1 entregue no fim do ano.<\/p>\n\n\n\n<p>A a\u00e7\u00e3o \u00e9 voltada para as institui\u00e7\u00f5es de ensino m\u00e9dio do Munic\u00edpio onde, por meio de edital, as escolas tiveram a oportunidade de indicar um jovem para representar a institui\u00e7\u00e3o neste processo. Nesta segunda, os novos participantes estiveram no Pa\u00e7o Municipal para conhecer melhor o funcionamento deste grupo de trabalho, por meio da Assessora Especial para a Juventude, Let\u00edcia Atique Branco. Tamb\u00e9m esteve presente a Gestora Adjunta da UGCC, Carmen Juncal Tubini, representando o Gestor da Casa Civil, Dr. Gustavo Maryssael.<\/p>\n\n\n\n<p>\u201cO jovem n\u00e3o \u00e9 o futuro, ele \u00e9 o agora. Temos que pensar no Plano Municipal da Juventude de forma que ele acompanhe tanto a realidade de hoje quanto o cen\u00e1rio do futuro. Nossa miss\u00e3o \u00e9 estimular a participa\u00e7\u00e3o dos jovens para a cria\u00e7\u00e3o das a\u00e7\u00f5es propostas pelo Plano\u201d, afirma Let\u00edcia, que realizou uma apresenta\u00e7\u00e3o com o balan\u00e7o da pesquisa realizada nas escolas municipais jundiaienses durante o ano passado. Neste ano, a pesquisa ser\u00e1 expandida para mais escolas.<\/p>\n\n\n\n<figure class=\"wp-block-image size-large\"><img loading=\"lazy\" decoding=\"async\" width=\"1200\" height=\"801\" src=\"https:\/\/tvtecjundiai.com.br\/news\/wp-content\/uploads\/sites\/2\/2023\/02\/reuniao_conselho-da-juventude_m_-143-1280x854-1-1200x801.jpg\" alt=\"\" class=\"wp-image-104916\" srcset=\"https:\/\/tvtecjundiai.com.br\/news\/wp-content\/uploads\/sites\/2\/2023\/02\/reuniao_conselho-da-juventude_m_-143-1280x854-1-1200x801.jpg 1200w, https:\/\/tvtecjundiai.com.br\/news\/wp-content\/uploads\/sites\/2\/2023\/02\/reuniao_conselho-da-juventude_m_-143-1280x854-1-300x200.jpg 300w, https:\/\/tvtecjundiai.com.br\/news\/wp-content\/uploads\/sites\/2\/2023\/02\/reuniao_conselho-da-juventude_m_-143-1280x854-1-768x512.jpg 768w, https:\/\/tvtecjundiai.com.br\/news\/wp-content\/uploads\/sites\/2\/2023\/02\/reuniao_conselho-da-juventude_m_-143-1280x854-1.jpg 1280w\" sizes=\"auto, (max-width: 1200px) 100vw, 1200px\" \/><figcaption class=\"wp-element-caption\">Assessoria de Pol\u00edticas para a Juventude promove primeiro encontro do ano<\/figcaption><\/figure>\n\n\n\n<p><\/p>\n\n\n\n<p>\u201cA elabora\u00e7\u00e3o do Plano Municipal da Juventude \u00e9 de grande import\u00e2ncia para a cidade, principalmente para que possamos tra\u00e7ar metas e objetivos para o futuro, principalmente dos nossos alunos\u201d, comenta a Gestora Adjunta, Carmen Tubini.<\/p>\n\n\n\n<p>Ao todo, foram indicados 26 jovens, e neste primeiro encontro foi abordado o tema \u201cDo Direito \u00e0 Cidadania, \u00e0 Participa\u00e7\u00e3o Social e Pol\u00edtica e \u00e0 Representa\u00e7\u00e3o Juvenil\u201d, pelo advogado convidado Dr. Gabriel Martins Cotrin, Presidente da Comiss\u00e3o \u201cJovem Advocacia\u201d da OAB Jundia\u00ed, que fez uma apresenta\u00e7\u00e3o sobre cidadania e os direitos da juventude no Brasil.&nbsp;<\/p>\n\n\n\n<p>Durante o ano de 2023, outros nove encontros ser\u00e3o realizados at\u00e9 o m\u00eas de outubro, cada um deles com um tema diferente a ser abordado, a pedido do Prefeito Luiz Fernando Machado, que enfatiza a import\u00e2ncia do desenvolvimento deste Plano Municipal, por meio do Estatuto Nacional da Juventude para o desenvolvimento de propostas\u00a0condizentes com a realidade dos jovens no munic\u00edpio. \u201c\u00c9 fundamental que a Administra\u00e7\u00e3o P\u00fablica seja baseada em evid\u00eancia, dados, pesquisas e avalia\u00e7\u00f5es\u201d, conclui o prefeito.<\/p>\n\n\n\n<p><strong><em>(Fonte\/Imagem: Prefeitura de Jundia\u00ed)<\/em><\/strong><\/p>\n","protected":false},"excerpt":{"rendered":"<p>Projeto fomenta o protagonismo da juventude no processo de constru\u00e7\u00e3o do Plano Municipal da Juventude<\/p>\n","protected":false},"author":30,"featured_media":104916,"comment_status":"closed","ping_status":"0","sticky":false,"template":"","format":"standard","meta":{"footnotes":""},"categories":[8357,8356,1],"tags":[],"class_list":["post-104912","post","type-post","status-publish","format-standard","has-post-thumbnail","hentry","category-gestao","category-jundiai","category-noticias"],"_links":{"self":[{"href":"https:\/\/tvtecjundiai.com.br\/news\/wp-json\/wp\/v2\/posts\/104912","targetHints":{"allow":["GET"]}}],"collection":[{"href":"https:\/\/tvtecjundiai.com.br\/news\/wp-json\/wp\/v2\/posts"}],"about":[{"href":"https:\/\/tvtecjundiai.com.br\/news\/wp-json\/wp\/v2\/types\/post"}],"author":[{"embeddable":true,"href":"https:\/\/tvtecjundiai.com.br\/news\/wp-json\/wp\/v2\/users\/30"}],"replies":[{"embeddable":true,"href":"https:\/\/tvtecjundiai.com.br\/news\/wp-json\/wp\/v2\/comments?post=104912"}],"version-history":[{"count":1,"href":"https:\/\/tvtecjundiai.com.br\/news\/wp-json\/wp\/v2\/posts\/104912\/revisions"}],"predecessor-version":[{"id":104917,"href":"https:\/\/tvtecjundiai.com.br\/news\/wp-json\/wp\/v2\/posts\/104912\/revisions\/104917"}],"wp:featuredmedia":[{"embeddable":true,"href":"https:\/\/tvtecjundiai.com.br\/news\/wp-json\/wp\/v2\/media\/104916"}],"wp:attachment":[{"href":"https:\/\/tvtecjundiai.com.br\/news\/wp-json\/wp\/v2\/media?parent=104912"}],"wp:term":[{"taxonomy":"category","embeddable":true,"href":"https:\/\/tvtecjundiai.com.br\/news\/wp-json\/wp\/v2\/categories?post=104912"},{"taxonomy":"post_tag","embeddable":true,"href":"https:\/\/tvtecjundiai.com.br\/news\/wp-json\/wp\/v2\/tags?post=104912"}],"curies":[{"name":"wp","href":"https:\/\/api.w.org\/{rel}","templated":true}]}}